{"id":7894,"date":"2020-01-22T20:41:15","date_gmt":"2020-01-22T20:41:15","guid":{"rendered":"https:\/\/laprensacristiana.com\/?p=7894"},"modified":"2020-01-22T20:41:16","modified_gmt":"2020-01-22T20:41:16","slug":"juan-de-montreal-reune-a-mas-de-200-personas-en-la-playa","status":"publish","type":"post","link":"https:\/\/laprensacristiana.com\/?p=7894","title":{"rendered":"Juan de Montreal re\u00fane a m\u00e1s de 200 personas en la playa"},"content":{"rendered":"\n<p>En menos de 24 horas el reconocido comediante cristiano Juan de Montreal reuni\u00f3 a m\u00e1s de 200 personas entre ni\u00f1os, j\u00f3venes y adultos, Juan hizo un anuncio el d\u00eda de ayer para quienes quisieran llegar a Mar de Plata en Argentina a que desayunaran con \u00e9l en la playa con la intenci\u00f3n de compartir con los presentes, el requisito llevar alimento para compartir.<\/p>\n\n\n\n<p><br> El resultado de esta invitaci\u00f3n improvisada fue  la presencia de m\u00e1s de doscientas vidas para compartir no solo un desayuno f\u00edsico sino espiritual, oraron por la ciudad, por la juventud de argentina, Juan espera hacer m\u00e1s convocatorias en cada ciudad que visite.<\/p>\n\n\n\n<figure class=\"wp-block-image\"><img decoding=\"async\" loading=\"lazy\" width=\"1024\" height=\"768\" src=\"https:\/\/laprensacristiana.com\/wp-content\/uploads\/2020\/01\/SAVE_20200122_144013-1024x768.jpg\" alt=\"\" class=\"wp-image-7896\" srcset=\"https:\/\/laprensacristiana.com\/wp-content\/uploads\/2020\/01\/SAVE_20200122_144013-1024x768.jpg 1024w, https:\/\/laprensacristiana.com\/wp-content\/uploads\/2020\/01\/SAVE_20200122_144013-300x225.jpg 300w, https:\/\/laprensacristiana.com\/wp-content\/uploads\/2020\/01\/SAVE_20200122_144013-768x576.jpg 768w, https:\/\/laprensacristiana.com\/wp-content\/uploads\/2020\/01\/SAVE_20200122_144013-80x60.jpg 80w, https:\/\/laprensacristiana.com\/wp-content\/uploads\/2020\/01\/SAVE_20200122_144013-265x198.jpg 265w, https:\/\/laprensacristiana.com\/wp-content\/uploads\/2020\/01\/SAVE_20200122_144013-696x522.jpg 696w, https:\/\/laprensacristiana.com\/wp-content\/uploads\/2020\/01\/SAVE_20200122_144013-1068x801.jpg 1068w, https:\/\/laprensacristiana.com\/wp-content\/uploads\/2020\/01\/SAVE_20200122_144013-560x420.jpg 560w, https:\/\/laprensacristiana.com\/wp-content\/uploads\/2020\/01\/SAVE_20200122_144013-600x450.jpg 600w, https:\/\/laprensacristiana.com\/wp-content\/uploads\/2020\/01\/SAVE_20200122_144013.jpg 1080w\" sizes=\"(max-width: 1024px) 100vw, 1024px\" \/><\/figure>\n","protected":false},"excerpt":{"rendered":"<p>En menos de 24 horas el reconocido comediante cristiano Juan de Montreal reuni\u00f3 a m\u00e1s de 200 personas entre ni\u00f1os, j\u00f3venes y adultos, Juan hizo un anuncio el d\u00eda de ayer para quienes quisieran llegar a Mar de Plata en Argentina a que desayunaran con \u00e9l en la playa con la intenci\u00f3n de compartir con [&hellip;]<\/p>\n","protected":false},"author":3,"featured_media":7895,"comment_status":"open","ping_status":"open","sticky":false,"template":"","format":"standard","meta":[],"categories":[56],"tags":[],"yoast_head":"<!-- This site is optimized with the Yoast SEO plugin v20.8 - https:\/\/yoast.com\/wordpress\/plugins\/seo\/ -->\n<title>Juan de Montreal re\u00fane a m\u00e1s de 200 personas en la playa - La Prensa Cristiana<\/title>\n<meta name=\"robots\" content=\"index, follow, max-snippet:-1, max-image-preview:large, max-video-preview:-1\" \/>\n<link rel=\"canonical\" href=\"https:\/\/laprensacristiana.com\/?p=7894\" \/>\n<meta property=\"og:locale\" content=\"es_ES\" \/>\n<meta property=\"og:type\" content=\"article\" \/>\n<meta property=\"og:title\" content=\"Juan de Montreal re\u00fane a m\u00e1s de 200 personas en la playa - La Prensa Cristiana\" \/>\n<meta property=\"og:description\" content=\"En menos de 24 horas el reconocido comediante cristiano Juan de Montreal reuni\u00f3 a m\u00e1s de 200 personas entre ni\u00f1os, j\u00f3venes y adultos, Juan hizo un anuncio el d\u00eda de ayer para quienes quisieran llegar a Mar de Plata en Argentina a que desayunaran con \u00e9l en la playa con la intenci\u00f3n de compartir con [&hellip;]\" \/>\n<meta property=\"og:url\" content=\"https:\/\/laprensacristiana.com\/?p=7894\" \/>\n<meta property=\"og:site_name\" content=\"La Prensa Cristiana\" \/>\n<meta property=\"article:published_time\" content=\"2020-01-22T20:41:15+00:00\" \/>\n<meta property=\"article:modified_time\" content=\"2020-01-22T20:41:16+00:00\" \/>\n<meta property=\"og:image\" content=\"https:\/\/laprensacristiana.com\/wp-content\/uploads\/2020\/01\/SAVE_20200122_143958.jpg\" \/>\n\t<meta property=\"og:image:width\" content=\"720\" \/>\n\t<meta property=\"og:image:height\" content=\"545\" \/>\n\t<meta property=\"og:image:type\" content=\"image\/jpeg\" \/>\n<meta name=\"author\" content=\"EDITOR\" \/>\n<meta name=\"twitter:card\" content=\"summary_large_image\" \/>\n<meta name=\"twitter:label1\" content=\"Escrito por\" \/>\n\t<meta name=\"twitter:data1\" content=\"EDITOR\" \/>\n\t<meta name=\"twitter:label2\" content=\"Tiempo de lectura\" \/>\n\t<meta name=\"twitter:data2\" content=\"1 minuto\" \/>\n<script type=\"application\/ld+json\" class=\"yoast-schema-graph\">{\"@context\":\"https:\/\/schema.org\",\"@graph\":[{\"@type\":\"WebPage\",\"@id\":\"https:\/\/laprensacristiana.com\/?p=7894\",\"url\":\"https:\/\/laprensacristiana.com\/?p=7894\",\"name\":\"Juan de Montreal re\u00fane a m\u00e1s de 200 personas en la playa - La Prensa Cristiana\",\"isPartOf\":{\"@id\":\"https:\/\/laprensacristiana.com\/#website\"},\"datePublished\":\"2020-01-22T20:41:15+00:00\",\"dateModified\":\"2020-01-22T20:41:16+00:00\",\"author\":{\"@id\":\"https:\/\/laprensacristiana.com\/#\/schema\/person\/3e7d82c6bfd6b1fa67010f8f7cd5256e\"},\"breadcrumb\":{\"@id\":\"https:\/\/laprensacristiana.com\/?p=7894#breadcrumb\"},\"inLanguage\":\"es\",\"potentialAction\":[{\"@type\":\"ReadAction\",\"target\":[\"https:\/\/laprensacristiana.com\/?p=7894\"]}]},{\"@type\":\"BreadcrumbList\",\"@id\":\"https:\/\/laprensacristiana.com\/?p=7894#breadcrumb\",\"itemListElement\":[{\"@type\":\"ListItem\",\"position\":1,\"name\":\"Portada\",\"item\":\"https:\/\/laprensacristiana.com\/\"},{\"@type\":\"ListItem\",\"position\":2,\"name\":\"Juan de Montreal re\u00fane a m\u00e1s de 200 personas en la playa\"}]},{\"@type\":\"WebSite\",\"@id\":\"https:\/\/laprensacristiana.com\/#website\",\"url\":\"https:\/\/laprensacristiana.com\/\",\"name\":\"La Prensa Cristiana\",\"description\":\"Anunciando Las Buenas Nuevas\",\"potentialAction\":[{\"@type\":\"SearchAction\",\"target\":{\"@type\":\"EntryPoint\",\"urlTemplate\":\"https:\/\/laprensacristiana.com\/?s={search_term_string}\"},\"query-input\":\"required name=search_term_string\"}],\"inLanguage\":\"es\"},{\"@type\":\"Person\",\"@id\":\"https:\/\/laprensacristiana.com\/#\/schema\/person\/3e7d82c6bfd6b1fa67010f8f7cd5256e\",\"name\":\"EDITOR\",\"image\":{\"@type\":\"ImageObject\",\"inLanguage\":\"es\",\"@id\":\"https:\/\/laprensacristiana.com\/#\/schema\/person\/image\/\",\"url\":\"https:\/\/secure.gravatar.com\/avatar\/72069dfb6c13772d9e8381e3638666d2?s=96&d=mm&r=g\",\"contentUrl\":\"https:\/\/secure.gravatar.com\/avatar\/72069dfb6c13772d9e8381e3638666d2?s=96&d=mm&r=g\",\"caption\":\"EDITOR\"},\"url\":\"https:\/\/laprensacristiana.com\/?author=3\"}]}<\/script>\n<!-- \/ Yoast SEO plugin. -->","yoast_head_json":{"title":"Juan de Montreal re\u00fane a m\u00e1s de 200 personas en la playa - La Prensa Cristiana","robots":{"index":"index","follow":"follow","max-snippet":"max-snippet:-1","max-image-preview":"max-image-preview:large","max-video-preview":"max-video-preview:-1"},"canonical":"https:\/\/laprensacristiana.com\/?p=7894","og_locale":"es_ES","og_type":"article","og_title":"Juan de Montreal re\u00fane a m\u00e1s de 200 personas en la playa - La Prensa Cristiana","og_description":"En menos de 24 horas el reconocido comediante cristiano Juan de Montreal reuni\u00f3 a m\u00e1s de 200 personas entre ni\u00f1os, j\u00f3venes y adultos, Juan hizo un anuncio el d\u00eda de ayer para quienes quisieran llegar a Mar de Plata en Argentina a que desayunaran con \u00e9l en la playa con la intenci\u00f3n de compartir con [&hellip;]","og_url":"https:\/\/laprensacristiana.com\/?p=7894","og_site_name":"La Prensa Cristiana","article_published_time":"2020-01-22T20:41:15+00:00","article_modified_time":"2020-01-22T20:41:16+00:00","og_image":[{"width":720,"height":545,"url":"https:\/\/laprensacristiana.com\/wp-content\/uploads\/2020\/01\/SAVE_20200122_143958.jpg","type":"image\/jpeg"}],"author":"EDITOR","twitter_card":"summary_large_image","twitter_misc":{"Escrito por":"EDITOR","Tiempo de lectura":"1 minuto"},"schema":{"@context":"https:\/\/schema.org","@graph":[{"@type":"WebPage","@id":"https:\/\/laprensacristiana.com\/?p=7894","url":"https:\/\/laprensacristiana.com\/?p=7894","name":"Juan de Montreal re\u00fane a m\u00e1s de 200 personas en la playa - La Prensa Cristiana","isPartOf":{"@id":"https:\/\/laprensacristiana.com\/#website"},"datePublished":"2020-01-22T20:41:15+00:00","dateModified":"2020-01-22T20:41:16+00:00","author":{"@id":"https:\/\/laprensacristiana.com\/#\/schema\/person\/3e7d82c6bfd6b1fa67010f8f7cd5256e"},"breadcrumb":{"@id":"https:\/\/laprensacristiana.com\/?p=7894#breadcrumb"},"inLanguage":"es","potentialAction":[{"@type":"ReadAction","target":["https:\/\/laprensacristiana.com\/?p=7894"]}]},{"@type":"BreadcrumbList","@id":"https:\/\/laprensacristiana.com\/?p=7894#breadcrumb","itemListElement":[{"@type":"ListItem","position":1,"name":"Portada","item":"https:\/\/laprensacristiana.com\/"},{"@type":"ListItem","position":2,"name":"Juan de Montreal re\u00fane a m\u00e1s de 200 personas en la playa"}]},{"@type":"WebSite","@id":"https:\/\/laprensacristiana.com\/#website","url":"https:\/\/laprensacristiana.com\/","name":"La Prensa Cristiana","description":"Anunciando Las Buenas Nuevas","potentialAction":[{"@type":"SearchAction","target":{"@type":"EntryPoint","urlTemplate":"https:\/\/laprensacristiana.com\/?s={search_term_string}"},"query-input":"required name=search_term_string"}],"inLanguage":"es"},{"@type":"Person","@id":"https:\/\/laprensacristiana.com\/#\/schema\/person\/3e7d82c6bfd6b1fa67010f8f7cd5256e","name":"EDITOR","image":{"@type":"ImageObject","inLanguage":"es","@id":"https:\/\/laprensacristiana.com\/#\/schema\/person\/image\/","url":"https:\/\/secure.gravatar.com\/avatar\/72069dfb6c13772d9e8381e3638666d2?s=96&d=mm&r=g","contentUrl":"https:\/\/secure.gravatar.com\/avatar\/72069dfb6c13772d9e8381e3638666d2?s=96&d=mm&r=g","caption":"EDITOR"},"url":"https:\/\/laprensacristiana.com\/?author=3"}]}},"_links":{"self":[{"href":"https:\/\/laprensacristiana.com\/index.php?rest_route=\/wp\/v2\/posts\/7894"}],"collection":[{"href":"https:\/\/laprensacristiana.com\/index.php?rest_route=\/wp\/v2\/posts"}],"about":[{"href":"https:\/\/laprensacristiana.com\/index.php?rest_route=\/wp\/v2\/types\/post"}],"author":[{"embeddable":true,"href":"https:\/\/laprensacristiana.com\/index.php?rest_route=\/wp\/v2\/users\/3"}],"replies":[{"embeddable":true,"href":"https:\/\/laprensacristiana.com\/index.php?rest_route=%2Fwp%2Fv2%2Fcomments&post=7894"}],"version-history":[{"count":1,"href":"https:\/\/laprensacristiana.com\/index.php?rest_route=\/wp\/v2\/posts\/7894\/revisions"}],"predecessor-version":[{"id":7897,"href":"https:\/\/laprensacristiana.com\/index.php?rest_route=\/wp\/v2\/posts\/7894\/revisions\/7897"}],"wp:featuredmedia":[{"embeddable":true,"href":"https:\/\/laprensacristiana.com\/index.php?rest_route=\/wp\/v2\/media\/7895"}],"wp:attachment":[{"href":"https:\/\/laprensacristiana.com\/index.php?rest_route=%2Fwp%2Fv2%2Fmedia&parent=7894"}],"wp:term":[{"taxonomy":"category","embeddable":true,"href":"https:\/\/laprensacristiana.com\/index.php?rest_route=%2Fwp%2Fv2%2Fcategories&post=7894"},{"taxonomy":"post_tag","embeddable":true,"href":"https:\/\/laprensacristiana.com\/index.php?rest_route=%2Fwp%2Fv2%2Ftags&post=7894"}],"curies":[{"name":"wp","href":"https:\/\/api.w.org\/{rel}","templated":true}]}}