{"id":7917,"date":"2020-01-23T18:54:50","date_gmt":"2020-01-23T18:54:50","guid":{"rendered":"https:\/\/laprensacristiana.com\/?p=7917"},"modified":"2020-01-23T18:54:52","modified_gmt":"2020-01-23T18:54:52","slug":"madre-se-reune-en-una-biblioteca-con-su-hija-despues-de-no-abortar-y-darla-en-adopcion","status":"publish","type":"post","link":"https:\/\/laprensacristiana.com\/?p=7917","title":{"rendered":"Madre se re\u00fane en una biblioteca con su hija despu\u00e9s de no abortar y darla en adopci\u00f3n"},"content":{"rendered":"\n<p>La biblioteca Billy Graham comparti\u00f3 en su cuenta de instagram un conmovedor testimonio sobre una madre y una hija que se reunieron 21 a\u00f1os despu\u00e9s de decir un no al aborto.<br> El d\u00eda de ayer se cumpli\u00f3 el aniversario de la Corte Suprema de Roe vs. Wade\u00a0 que es la ley que protege la libertad de la mujer embarazada a elegir abortar sin restricci\u00f3n del gobierno, esta ley derrib\u00f3 muchas leyes estatales y federales, provocando un debate nacional en EEUU sobre si el aborto deber\u00eda ser legal y en qu\u00e9 medida. <br> Jessica era apenas una joven de universitaria de 20 a\u00f1os cuando qued\u00f3 embarazada y fue alentada a practicarse un aborto pero ella coment\u00f3 que Dios le dijo que ten\u00eda otros planes para ella, Jessica conoci\u00f3 a una pareja maravillosa que era perfecta para el beb\u00e9 que esperaba. <br> En diciembre del a\u00f1o pasado Jessica se asust\u00f3 cuando recibieron una llamada de los padres adoptivos de Rachel su hija, diciendo que quer\u00eda conocerla. La madre adoptiva de Rachel eligi\u00f3 la biblioteca de Billy Graham como lugar de encuentro.<br> Las dos se reunieron y se recibieron con brazos abiertos, lloraron se abrazaron, pasaron reunidos durante horas en la biblioteca.<br> \u201cDios trajo alegr\u00eda a mi familia en el mejor momento\u201d expres\u00f3 Jessica.<\/p>\n","protected":false},"excerpt":{"rendered":"<p>La biblioteca Billy Graham comparti\u00f3 en su cuenta de instagram un conmovedor testimonio sobre una madre y una hija que se reunieron 21 a\u00f1os despu\u00e9s de decir un no al aborto. El d\u00eda de ayer se cumpli\u00f3 el aniversario de la Corte Suprema de Roe vs. Wade\u00a0 que es la ley que protege la libertad [&hellip;]<\/p>\n","protected":false},"author":3,"featured_media":7918,"comment_status":"open","ping_status":"open","sticky":false,"template":"","format":"standard","meta":[],"categories":[56],"tags":[],"yoast_head":"<!-- This site is optimized with the Yoast SEO plugin v20.8 - https:\/\/yoast.com\/wordpress\/plugins\/seo\/ -->\n<title>Madre se re\u00fane en una biblioteca con su hija despu\u00e9s de no abortar y darla en adopci\u00f3n - La Prensa Cristiana<\/title>\n<meta name=\"robots\" content=\"index, follow, max-snippet:-1, max-image-preview:large, max-video-preview:-1\" \/>\n<link rel=\"canonical\" href=\"https:\/\/laprensacristiana.com\/?p=7917\" \/>\n<meta property=\"og:locale\" content=\"es_ES\" \/>\n<meta property=\"og:type\" content=\"article\" \/>\n<meta property=\"og:title\" content=\"Madre se re\u00fane en una biblioteca con su hija despu\u00e9s de no abortar y darla en adopci\u00f3n - La Prensa Cristiana\" \/>\n<meta property=\"og:description\" content=\"La biblioteca Billy Graham comparti\u00f3 en su cuenta de instagram un conmovedor testimonio sobre una madre y una hija que se reunieron 21 a\u00f1os despu\u00e9s de decir un no al aborto. El d\u00eda de ayer se cumpli\u00f3 el aniversario de la Corte Suprema de Roe vs. Wade\u00a0 que es la ley que protege la libertad [&hellip;]\" \/>\n<meta property=\"og:url\" content=\"https:\/\/laprensacristiana.com\/?p=7917\" \/>\n<meta property=\"og:site_name\" content=\"La Prensa Cristiana\" \/>\n<meta property=\"article:published_time\" content=\"2020-01-23T18:54:50+00:00\" \/>\n<meta property=\"article:modified_time\" content=\"2020-01-23T18:54:52+00:00\" \/>\n<meta property=\"og:image\" content=\"https:\/\/laprensacristiana.com\/wp-content\/uploads\/2020\/01\/SAVE_20200123_125247.jpg\" \/>\n\t<meta property=\"og:image:width\" content=\"1080\" \/>\n\t<meta property=\"og:image:height\" content=\"1080\" \/>\n\t<meta property=\"og:image:type\" content=\"image\/jpeg\" \/>\n<meta name=\"author\" content=\"EDITOR\" \/>\n<meta name=\"twitter:card\" content=\"summary_large_image\" \/>\n<meta name=\"twitter:label1\" content=\"Escrito por\" \/>\n\t<meta name=\"twitter:data1\" content=\"EDITOR\" \/>\n\t<meta name=\"twitter:label2\" content=\"Tiempo de lectura\" \/>\n\t<meta name=\"twitter:data2\" content=\"1 minuto\" \/>\n<script type=\"application\/ld+json\" class=\"yoast-schema-graph\">{\"@context\":\"https:\/\/schema.org\",\"@graph\":[{\"@type\":\"WebPage\",\"@id\":\"https:\/\/laprensacristiana.com\/?p=7917\",\"url\":\"https:\/\/laprensacristiana.com\/?p=7917\",\"name\":\"Madre se re\u00fane en una biblioteca con su hija despu\u00e9s de no abortar y darla en adopci\u00f3n - La Prensa Cristiana\",\"isPartOf\":{\"@id\":\"https:\/\/laprensacristiana.com\/#website\"},\"datePublished\":\"2020-01-23T18:54:50+00:00\",\"dateModified\":\"2020-01-23T18:54:52+00:00\",\"author\":{\"@id\":\"https:\/\/laprensacristiana.com\/#\/schema\/person\/3e7d82c6bfd6b1fa67010f8f7cd5256e\"},\"breadcrumb\":{\"@id\":\"https:\/\/laprensacristiana.com\/?p=7917#breadcrumb\"},\"inLanguage\":\"es\",\"potentialAction\":[{\"@type\":\"ReadAction\",\"target\":[\"https:\/\/laprensacristiana.com\/?p=7917\"]}]},{\"@type\":\"BreadcrumbList\",\"@id\":\"https:\/\/laprensacristiana.com\/?p=7917#breadcrumb\",\"itemListElement\":[{\"@type\":\"ListItem\",\"position\":1,\"name\":\"Portada\",\"item\":\"https:\/\/laprensacristiana.com\/\"},{\"@type\":\"ListItem\",\"position\":2,\"name\":\"Madre se re\u00fane en una biblioteca con su hija despu\u00e9s de no abortar y darla en adopci\u00f3n\"}]},{\"@type\":\"WebSite\",\"@id\":\"https:\/\/laprensacristiana.com\/#website\",\"url\":\"https:\/\/laprensacristiana.com\/\",\"name\":\"La Prensa Cristiana\",\"description\":\"Anunciando Las Buenas Nuevas\",\"potentialAction\":[{\"@type\":\"SearchAction\",\"target\":{\"@type\":\"EntryPoint\",\"urlTemplate\":\"https:\/\/laprensacristiana.com\/?s={search_term_string}\"},\"query-input\":\"required name=search_term_string\"}],\"inLanguage\":\"es\"},{\"@type\":\"Person\",\"@id\":\"https:\/\/laprensacristiana.com\/#\/schema\/person\/3e7d82c6bfd6b1fa67010f8f7cd5256e\",\"name\":\"EDITOR\",\"image\":{\"@type\":\"ImageObject\",\"inLanguage\":\"es\",\"@id\":\"https:\/\/laprensacristiana.com\/#\/schema\/person\/image\/\",\"url\":\"https:\/\/secure.gravatar.com\/avatar\/72069dfb6c13772d9e8381e3638666d2?s=96&d=mm&r=g\",\"contentUrl\":\"https:\/\/secure.gravatar.com\/avatar\/72069dfb6c13772d9e8381e3638666d2?s=96&d=mm&r=g\",\"caption\":\"EDITOR\"},\"url\":\"https:\/\/laprensacristiana.com\/?author=3\"}]}<\/script>\n<!-- \/ Yoast SEO plugin. -->","yoast_head_json":{"title":"Madre se re\u00fane en una biblioteca con su hija despu\u00e9s de no abortar y darla en adopci\u00f3n - La Prensa Cristiana","robots":{"index":"index","follow":"follow","max-snippet":"max-snippet:-1","max-image-preview":"max-image-preview:large","max-video-preview":"max-video-preview:-1"},"canonical":"https:\/\/laprensacristiana.com\/?p=7917","og_locale":"es_ES","og_type":"article","og_title":"Madre se re\u00fane en una biblioteca con su hija despu\u00e9s de no abortar y darla en adopci\u00f3n - La Prensa Cristiana","og_description":"La biblioteca Billy Graham comparti\u00f3 en su cuenta de instagram un conmovedor testimonio sobre una madre y una hija que se reunieron 21 a\u00f1os despu\u00e9s de decir un no al aborto. El d\u00eda de ayer se cumpli\u00f3 el aniversario de la Corte Suprema de Roe vs. Wade\u00a0 que es la ley que protege la libertad [&hellip;]","og_url":"https:\/\/laprensacristiana.com\/?p=7917","og_site_name":"La Prensa Cristiana","article_published_time":"2020-01-23T18:54:50+00:00","article_modified_time":"2020-01-23T18:54:52+00:00","og_image":[{"width":1080,"height":1080,"url":"https:\/\/laprensacristiana.com\/wp-content\/uploads\/2020\/01\/SAVE_20200123_125247.jpg","type":"image\/jpeg"}],"author":"EDITOR","twitter_card":"summary_large_image","twitter_misc":{"Escrito por":"EDITOR","Tiempo de lectura":"1 minuto"},"schema":{"@context":"https:\/\/schema.org","@graph":[{"@type":"WebPage","@id":"https:\/\/laprensacristiana.com\/?p=7917","url":"https:\/\/laprensacristiana.com\/?p=7917","name":"Madre se re\u00fane en una biblioteca con su hija despu\u00e9s de no abortar y darla en adopci\u00f3n - La Prensa Cristiana","isPartOf":{"@id":"https:\/\/laprensacristiana.com\/#website"},"datePublished":"2020-01-23T18:54:50+00:00","dateModified":"2020-01-23T18:54:52+00:00","author":{"@id":"https:\/\/laprensacristiana.com\/#\/schema\/person\/3e7d82c6bfd6b1fa67010f8f7cd5256e"},"breadcrumb":{"@id":"https:\/\/laprensacristiana.com\/?p=7917#breadcrumb"},"inLanguage":"es","potentialAction":[{"@type":"ReadAction","target":["https:\/\/laprensacristiana.com\/?p=7917"]}]},{"@type":"BreadcrumbList","@id":"https:\/\/laprensacristiana.com\/?p=7917#breadcrumb","itemListElement":[{"@type":"ListItem","position":1,"name":"Portada","item":"https:\/\/laprensacristiana.com\/"},{"@type":"ListItem","position":2,"name":"Madre se re\u00fane en una biblioteca con su hija despu\u00e9s de no abortar y darla en adopci\u00f3n"}]},{"@type":"WebSite","@id":"https:\/\/laprensacristiana.com\/#website","url":"https:\/\/laprensacristiana.com\/","name":"La Prensa Cristiana","description":"Anunciando Las Buenas Nuevas","potentialAction":[{"@type":"SearchAction","target":{"@type":"EntryPoint","urlTemplate":"https:\/\/laprensacristiana.com\/?s={search_term_string}"},"query-input":"required name=search_term_string"}],"inLanguage":"es"},{"@type":"Person","@id":"https:\/\/laprensacristiana.com\/#\/schema\/person\/3e7d82c6bfd6b1fa67010f8f7cd5256e","name":"EDITOR","image":{"@type":"ImageObject","inLanguage":"es","@id":"https:\/\/laprensacristiana.com\/#\/schema\/person\/image\/","url":"https:\/\/secure.gravatar.com\/avatar\/72069dfb6c13772d9e8381e3638666d2?s=96&d=mm&r=g","contentUrl":"https:\/\/secure.gravatar.com\/avatar\/72069dfb6c13772d9e8381e3638666d2?s=96&d=mm&r=g","caption":"EDITOR"},"url":"https:\/\/laprensacristiana.com\/?author=3"}]}},"_links":{"self":[{"href":"https:\/\/laprensacristiana.com\/index.php?rest_route=\/wp\/v2\/posts\/7917"}],"collection":[{"href":"https:\/\/laprensacristiana.com\/index.php?rest_route=\/wp\/v2\/posts"}],"about":[{"href":"https:\/\/laprensacristiana.com\/index.php?rest_route=\/wp\/v2\/types\/post"}],"author":[{"embeddable":true,"href":"https:\/\/laprensacristiana.com\/index.php?rest_route=\/wp\/v2\/users\/3"}],"replies":[{"embeddable":true,"href":"https:\/\/laprensacristiana.com\/index.php?rest_route=%2Fwp%2Fv2%2Fcomments&post=7917"}],"version-history":[{"count":1,"href":"https:\/\/laprensacristiana.com\/index.php?rest_route=\/wp\/v2\/posts\/7917\/revisions"}],"predecessor-version":[{"id":7919,"href":"https:\/\/laprensacristiana.com\/index.php?rest_route=\/wp\/v2\/posts\/7917\/revisions\/7919"}],"wp:featuredmedia":[{"embeddable":true,"href":"https:\/\/laprensacristiana.com\/index.php?rest_route=\/wp\/v2\/media\/7918"}],"wp:attachment":[{"href":"https:\/\/laprensacristiana.com\/index.php?rest_route=%2Fwp%2Fv2%2Fmedia&parent=7917"}],"wp:term":[{"taxonomy":"category","embeddable":true,"href":"https:\/\/laprensacristiana.com\/index.php?rest_route=%2Fwp%2Fv2%2Fcategories&post=7917"},{"taxonomy":"post_tag","embeddable":true,"href":"https:\/\/laprensacristiana.com\/index.php?rest_route=%2Fwp%2Fv2%2Ftags&post=7917"}],"curies":[{"name":"wp","href":"https:\/\/api.w.org\/{rel}","templated":true}]}}