{"id":7921,"date":"2020-01-23T19:38:25","date_gmt":"2020-01-23T19:38:25","guid":{"rendered":"https:\/\/laprensacristiana.com\/?p=7921"},"modified":"2020-01-23T19:44:32","modified_gmt":"2020-01-23T19:44:32","slug":"santa-tecla-organizada-para-cristo-elige-nueva-junta-directiva","status":"publish","type":"post","link":"https:\/\/laprensacristiana.com\/?p=7921","title":{"rendered":"Santa Tecla Organizada para Cristo elige nueva junta directiva"},"content":{"rendered":"\n<p>El d\u00eda de hoy en horas de la ma\u00f1ana la asociaci\u00f3n Santa Tecla Organizada para Cristo, realiz\u00f3 la elecci\u00f3n de su nueva junta directiva.<\/p>\n\n\n\n<p>Los cargos quedaron distribuidos as\u00ed: Director (presidente) pastor Edgar Borja, Sub director (vice presidente) Pastor Jacinto Garc\u00eda , Tesorero Pastor V\u00edctor Zepeda y  Secretario  Pastor Mauricio Granados.<\/p>\n\n\n\n<p>SANTO es una asociaci\u00f3n pastoral que se ha caracterizado por su arduo trabajo en favor de la comunidad, acci\u00f3n social y actividades que promueven el avance del evangelio en su municipio. <br>\nEl presidente saliente pastor Rafael Reyes agradeci\u00f3 a todos por el apoyo brindado a su gesti\u00f3n \u00abGracias a todos por su apoyo a mi persona durante estos a\u00f1os. Muchas Bendiciones a todos amados\u00bb.<br>\nCabe destacar que est\u00e1n preparando una ceremonia de traspaso, siguiendo el protocolo de trabajo establecido por el primer presidente de SANTO, Dr. Josu\u00e9 Anaya.<\/p>\n","protected":false},"excerpt":{"rendered":"<p>Sentados de izquierda a derecha: pastor Edgar Borja (nuevo presidente), pastor Jacinto Garc\u00eda (vicepresidente, De pie de izquierda a derecha: pastor Mauricio Granados (Secretario), pastor Victor Zepeda (Tesorero)<\/p>\n","protected":false},"author":3,"featured_media":7922,"comment_status":"open","ping_status":"open","sticky":false,"template":"","format":"standard","meta":[],"categories":[56],"tags":[],"yoast_head":"<!-- This site is optimized with the Yoast SEO plugin v20.8 - https:\/\/yoast.com\/wordpress\/plugins\/seo\/ -->\n<title>Santa Tecla Organizada para Cristo elige nueva junta directiva - La Prensa Cristiana<\/title>\n<meta name=\"robots\" content=\"index, follow, max-snippet:-1, max-image-preview:large, max-video-preview:-1\" \/>\n<link rel=\"canonical\" href=\"https:\/\/laprensacristiana.com\/?p=7921\" \/>\n<meta property=\"og:locale\" content=\"es_ES\" \/>\n<meta property=\"og:type\" content=\"article\" \/>\n<meta property=\"og:title\" content=\"Santa Tecla Organizada para Cristo elige nueva junta directiva - La Prensa Cristiana\" \/>\n<meta property=\"og:description\" content=\"Sentados de izquierda a derecha: pastor Edgar Borja (nuevo presidente), pastor Jacinto Garc\u00eda (vicepresidente, De pie de izquierda a derecha: pastor Mauricio Granados (Secretario), pastor Victor Zepeda (Tesorero)\" \/>\n<meta property=\"og:url\" content=\"https:\/\/laprensacristiana.com\/?p=7921\" \/>\n<meta property=\"og:site_name\" content=\"La Prensa Cristiana\" \/>\n<meta property=\"article:published_time\" content=\"2020-01-23T19:38:25+00:00\" \/>\n<meta property=\"article:modified_time\" content=\"2020-01-23T19:44:32+00:00\" \/>\n<meta property=\"og:image\" content=\"https:\/\/laprensacristiana.com\/wp-content\/uploads\/2020\/01\/SAVE_20200123_133447.jpg\" \/>\n\t<meta property=\"og:image:width\" content=\"883\" \/>\n\t<meta property=\"og:image:height\" content=\"979\" \/>\n\t<meta property=\"og:image:type\" content=\"image\/jpeg\" \/>\n<meta name=\"author\" content=\"EDITOR\" \/>\n<meta name=\"twitter:card\" content=\"summary_large_image\" \/>\n<meta name=\"twitter:label1\" content=\"Escrito por\" \/>\n\t<meta name=\"twitter:data1\" content=\"EDITOR\" \/>\n\t<meta name=\"twitter:label2\" content=\"Tiempo de lectura\" \/>\n\t<meta name=\"twitter:data2\" content=\"1 minuto\" \/>\n<script type=\"application\/ld+json\" class=\"yoast-schema-graph\">{\"@context\":\"https:\/\/schema.org\",\"@graph\":[{\"@type\":\"WebPage\",\"@id\":\"https:\/\/laprensacristiana.com\/?p=7921\",\"url\":\"https:\/\/laprensacristiana.com\/?p=7921\",\"name\":\"Santa Tecla Organizada para Cristo elige nueva junta directiva - La Prensa Cristiana\",\"isPartOf\":{\"@id\":\"https:\/\/laprensacristiana.com\/#website\"},\"datePublished\":\"2020-01-23T19:38:25+00:00\",\"dateModified\":\"2020-01-23T19:44:32+00:00\",\"author\":{\"@id\":\"https:\/\/laprensacristiana.com\/#\/schema\/person\/3e7d82c6bfd6b1fa67010f8f7cd5256e\"},\"breadcrumb\":{\"@id\":\"https:\/\/laprensacristiana.com\/?p=7921#breadcrumb\"},\"inLanguage\":\"es\",\"potentialAction\":[{\"@type\":\"ReadAction\",\"target\":[\"https:\/\/laprensacristiana.com\/?p=7921\"]}]},{\"@type\":\"BreadcrumbList\",\"@id\":\"https:\/\/laprensacristiana.com\/?p=7921#breadcrumb\",\"itemListElement\":[{\"@type\":\"ListItem\",\"position\":1,\"name\":\"Portada\",\"item\":\"https:\/\/laprensacristiana.com\/\"},{\"@type\":\"ListItem\",\"position\":2,\"name\":\"Santa Tecla Organizada para Cristo elige nueva junta directiva\"}]},{\"@type\":\"WebSite\",\"@id\":\"https:\/\/laprensacristiana.com\/#website\",\"url\":\"https:\/\/laprensacristiana.com\/\",\"name\":\"La Prensa Cristiana\",\"description\":\"Anunciando Las Buenas Nuevas\",\"potentialAction\":[{\"@type\":\"SearchAction\",\"target\":{\"@type\":\"EntryPoint\",\"urlTemplate\":\"https:\/\/laprensacristiana.com\/?s={search_term_string}\"},\"query-input\":\"required name=search_term_string\"}],\"inLanguage\":\"es\"},{\"@type\":\"Person\",\"@id\":\"https:\/\/laprensacristiana.com\/#\/schema\/person\/3e7d82c6bfd6b1fa67010f8f7cd5256e\",\"name\":\"EDITOR\",\"image\":{\"@type\":\"ImageObject\",\"inLanguage\":\"es\",\"@id\":\"https:\/\/laprensacristiana.com\/#\/schema\/person\/image\/\",\"url\":\"https:\/\/secure.gravatar.com\/avatar\/72069dfb6c13772d9e8381e3638666d2?s=96&d=mm&r=g\",\"contentUrl\":\"https:\/\/secure.gravatar.com\/avatar\/72069dfb6c13772d9e8381e3638666d2?s=96&d=mm&r=g\",\"caption\":\"EDITOR\"},\"url\":\"https:\/\/laprensacristiana.com\/?author=3\"}]}<\/script>\n<!-- \/ Yoast SEO plugin. -->","yoast_head_json":{"title":"Santa Tecla Organizada para Cristo elige nueva junta directiva - La Prensa Cristiana","robots":{"index":"index","follow":"follow","max-snippet":"max-snippet:-1","max-image-preview":"max-image-preview:large","max-video-preview":"max-video-preview:-1"},"canonical":"https:\/\/laprensacristiana.com\/?p=7921","og_locale":"es_ES","og_type":"article","og_title":"Santa Tecla Organizada para Cristo elige nueva junta directiva - La Prensa Cristiana","og_description":"Sentados de izquierda a derecha: pastor Edgar Borja (nuevo presidente), pastor Jacinto Garc\u00eda (vicepresidente, De pie de izquierda a derecha: pastor Mauricio Granados (Secretario), pastor Victor Zepeda (Tesorero)","og_url":"https:\/\/laprensacristiana.com\/?p=7921","og_site_name":"La Prensa Cristiana","article_published_time":"2020-01-23T19:38:25+00:00","article_modified_time":"2020-01-23T19:44:32+00:00","og_image":[{"width":883,"height":979,"url":"https:\/\/laprensacristiana.com\/wp-content\/uploads\/2020\/01\/SAVE_20200123_133447.jpg","type":"image\/jpeg"}],"author":"EDITOR","twitter_card":"summary_large_image","twitter_misc":{"Escrito por":"EDITOR","Tiempo de lectura":"1 minuto"},"schema":{"@context":"https:\/\/schema.org","@graph":[{"@type":"WebPage","@id":"https:\/\/laprensacristiana.com\/?p=7921","url":"https:\/\/laprensacristiana.com\/?p=7921","name":"Santa Tecla Organizada para Cristo elige nueva junta directiva - La Prensa Cristiana","isPartOf":{"@id":"https:\/\/laprensacristiana.com\/#website"},"datePublished":"2020-01-23T19:38:25+00:00","dateModified":"2020-01-23T19:44:32+00:00","author":{"@id":"https:\/\/laprensacristiana.com\/#\/schema\/person\/3e7d82c6bfd6b1fa67010f8f7cd5256e"},"breadcrumb":{"@id":"https:\/\/laprensacristiana.com\/?p=7921#breadcrumb"},"inLanguage":"es","potentialAction":[{"@type":"ReadAction","target":["https:\/\/laprensacristiana.com\/?p=7921"]}]},{"@type":"BreadcrumbList","@id":"https:\/\/laprensacristiana.com\/?p=7921#breadcrumb","itemListElement":[{"@type":"ListItem","position":1,"name":"Portada","item":"https:\/\/laprensacristiana.com\/"},{"@type":"ListItem","position":2,"name":"Santa Tecla Organizada para Cristo elige nueva junta directiva"}]},{"@type":"WebSite","@id":"https:\/\/laprensacristiana.com\/#website","url":"https:\/\/laprensacristiana.com\/","name":"La Prensa Cristiana","description":"Anunciando Las Buenas Nuevas","potentialAction":[{"@type":"SearchAction","target":{"@type":"EntryPoint","urlTemplate":"https:\/\/laprensacristiana.com\/?s={search_term_string}"},"query-input":"required name=search_term_string"}],"inLanguage":"es"},{"@type":"Person","@id":"https:\/\/laprensacristiana.com\/#\/schema\/person\/3e7d82c6bfd6b1fa67010f8f7cd5256e","name":"EDITOR","image":{"@type":"ImageObject","inLanguage":"es","@id":"https:\/\/laprensacristiana.com\/#\/schema\/person\/image\/","url":"https:\/\/secure.gravatar.com\/avatar\/72069dfb6c13772d9e8381e3638666d2?s=96&d=mm&r=g","contentUrl":"https:\/\/secure.gravatar.com\/avatar\/72069dfb6c13772d9e8381e3638666d2?s=96&d=mm&r=g","caption":"EDITOR"},"url":"https:\/\/laprensacristiana.com\/?author=3"}]}},"_links":{"self":[{"href":"https:\/\/laprensacristiana.com\/index.php?rest_route=\/wp\/v2\/posts\/7921"}],"collection":[{"href":"https:\/\/laprensacristiana.com\/index.php?rest_route=\/wp\/v2\/posts"}],"about":[{"href":"https:\/\/laprensacristiana.com\/index.php?rest_route=\/wp\/v2\/types\/post"}],"author":[{"embeddable":true,"href":"https:\/\/laprensacristiana.com\/index.php?rest_route=\/wp\/v2\/users\/3"}],"replies":[{"embeddable":true,"href":"https:\/\/laprensacristiana.com\/index.php?rest_route=%2Fwp%2Fv2%2Fcomments&post=7921"}],"version-history":[{"count":2,"href":"https:\/\/laprensacristiana.com\/index.php?rest_route=\/wp\/v2\/posts\/7921\/revisions"}],"predecessor-version":[{"id":7924,"href":"https:\/\/laprensacristiana.com\/index.php?rest_route=\/wp\/v2\/posts\/7921\/revisions\/7924"}],"wp:featuredmedia":[{"embeddable":true,"href":"https:\/\/laprensacristiana.com\/index.php?rest_route=\/wp\/v2\/media\/7922"}],"wp:attachment":[{"href":"https:\/\/laprensacristiana.com\/index.php?rest_route=%2Fwp%2Fv2%2Fmedia&parent=7921"}],"wp:term":[{"taxonomy":"category","embeddable":true,"href":"https:\/\/laprensacristiana.com\/index.php?rest_route=%2Fwp%2Fv2%2Fcategories&post=7921"},{"taxonomy":"post_tag","embeddable":true,"href":"https:\/\/laprensacristiana.com\/index.php?rest_route=%2Fwp%2Fv2%2Ftags&post=7921"}],"curies":[{"name":"wp","href":"https:\/\/api.w.org\/{rel}","templated":true}]}}