{"id":7925,"date":"2020-01-23T20:51:34","date_gmt":"2020-01-23T20:51:34","guid":{"rendered":"https:\/\/laprensacristiana.com\/?p=7925"},"modified":"2020-07-01T21:45:36","modified_gmt":"2020-07-01T21:45:36","slug":"el-apostol-simon-pedro-dos-veces-frente-a-fuego-de-carbon","status":"publish","type":"post","link":"https:\/\/laprensacristiana.com\/?p=7925","title":{"rendered":"El ap\u00f3stol Sim\u00f3n Pedro dos veces frente a fuego de carb\u00f3n"},"content":{"rendered":"\n<p>El evangelio de Juan muestra un\ndetalle interesante en la vida del Ap\u00f3stol Sim\u00f3n Pedro, que los cristianos,\npodemos usar para saber identificar cuando estemos frente a fuego de peligro,\ncon compa\u00f1\u00eda equivocada.<\/p>\n\n\n\n<p>Sim\u00f3n, hijo de Jon\u00e1s; fue uno de los doce disc\u00edpulos que nuestro Se\u00f1or Jes\u00fas llam\u00f3 y a quien puso por nombre Cefas, que quiere decir Pedro, por lo que las santas escrituras narran de \u00e9l; conocemos que dicho discipulo ten\u00eda un temperamento voluble, lo que le llevo a cometer el error m\u00e1s grande de su vida, negar a su maestro, hecho descrito claramente en el libro de Juan 18: 15-25.  En el verso 18 vemos como los alguaciles hab\u00edan encendido un fuego para calentarse porque hac\u00eda fr\u00edo; y en el verso 25 encontramos a Pedro calent\u00e1ndose en ese mismo fuego a la vez que negaba a su maestro por segunda y tercera vez, enseguida de eso canto el gallo, cumpli\u00e9ndose as\u00ed, la declaraci\u00f3n de Jes\u00fas <strong>\u201cantes de que cante el gallo me negar\u00e1s tres veces<\/strong>\u201d. Mi imaginaci\u00f3n no alcanza a comprender la tristeza que embargo a Pedro al escuchar cantar al gallo; ese lamentable hecho me hace reflexionar, en la simplicidad con la que en ocasiones \u00a0pasamos por alto el conocimiento que tenemos acerca de lo que Dios llama bueno y malo, seducidos por nuestra carne, encontr\u00e1ndonos en la misma posici\u00f3n que Sim\u00f3n pedro, en lugares equivocados compartiendo fuego, aunque no de brazas, pero si, calorcito del pecado con los no creyentes del evangelio o con aquellos que tienen a Dios como religi\u00f3n y no como el Se\u00f1or en sus vidas.   Conociendo que respecto a esto Jes\u00fas dijo: <strong>\u201cNo todo el que me dice: Se\u00f1or, Se\u00f1or, entrar\u00e1 en el reino de los cielos, sino el que hace la voluntad de mi padre que est\u00e1 en los cielos<\/strong>\u201d. Dura palabra, dif\u00edcil de cumplir en nuestra humanidad, porque ciertamente fallamos a diario, y aunque todos de diferente modo, no hay uno, en todo el planeta que no desobedezca a Dios, \u00a0nuestro Se\u00f1or Jes\u00fas consciente de esta fragilidad en nuestra humanidad, adem\u00e1s de saldar nuestra cuenta con su sangre y reconciliarnos con Dios padre, es nuestro abogado delante de Dios para que cuando fallemos, arrepentidos con decisi\u00f3n firme de no volver a pecar en eso, vengamos a \u00e9l, \u00a0(1a. Juan 2:1) \u00a0<\/p>\n\n\n\n<p>Gracias al estudio de las santas\nescrituras, he comprendido que el ojo de Dios est\u00e1 siempre observ\u00e1ndonos, pero\nno para castigarnos como muchos piensan, sino para cuidarnos celosamente y para\nrestaurarnos, cuando en nuestra humanidad fallamos liber\u00e1ndonos de la culpabilidad\nque inunda nuestra raz\u00f3n cuando el pecado da\u00f1a nuestra comuni\u00f3n con \u00e9l.<\/p>\n\n\n\n<p>En el capitulo 21 del libro de Juan\nvemos nuevamente a Sim\u00f3n &nbsp;frente a fuego\nde carb\u00f3n, pero en esta ocasi\u00f3n si estaba en el lugar y hora propicia, all\u00ed, despu\u00e9s\nde una pesca milagrosa, y cuando hubieron comido, alrededor de carbones\nencendidos, &nbsp;Jes\u00fas comienza a restaurar &nbsp;su apostolado, mismo &nbsp;que perdi\u00f3 cuando al calor de un fuego enemigo,\nneg\u00f3 conocerle tres veces; &nbsp;curiosamente para\nesto el Se\u00f1or &nbsp;formula tres veces una\npregunta &nbsp;(1) Sim\u00f3n hijo de Jon\u00e1s \u00bfme\namas m\u00e1s que estos? (2) Sim\u00f3n hijo de Jon\u00e1s \u00bfme amas? (3) Sim\u00f3n hijo de Jon\u00e1s\n\u00bfme amas? La interrogante pudo parecer una simple repetici\u00f3n, pero no fue as\u00ed,\nhay mucha ense\u00f1anza en las preguntas y podr\u00eda escribir un devocional diario a\nlo largo de una semana acerca de ellas y de lo que Jes\u00fas quer\u00eda ense\u00f1arle a\npedro en cada respuesta. Pero en esta ocasi\u00f3n creo que bastar\u00e1 con saber que pedro\nse liber\u00f3 de su culpa afirmando en cada respuesta el amor por su Se\u00f1or, y con\nlas respuestas de Jes\u00fas de \u201capacienta mis corderos, pastorea mis ovejas, apacienta\nmis ovejas\u201d. Le restituyo en su cargo de ap\u00f3stol afirmando el llamado que le\nhizo en (Mateo 16:18)<\/p>\n\n\n\n<p>Puedo conocer la felicidad que sinti\u00f3 Pedro al botar la carga de culpa y gozar de la reconciliaci\u00f3n con su maestro, porque fue precisamente ese mismo nivel de gozo que sent\u00ed cuando Jes\u00fas me perdon\u00f3 y quito la manta de culpa que no me permit\u00eda ver lo real que \u00e9l es, y mucho menos experimentar su amor.<\/p>\n\n\n\n<p>Como humanos somos f\u00e1cilmente\natra\u00eddos por situaciones que nos ponen frente a fuego de peligro. De cara a\nesta realidad, deseo que la experiencia de Sim\u00f3n Pedro sirva para reforzar\nnuestra intimidad con Dios y que consientes del peligro, a diario nos\ncalentemos con el fuego de su Santo Esp\u00edritu que mora dentro nuestro, cuidando as\u00ed,\nde la libertad que gozamos todos los que hemos sido hechos hijos de Dios por medio\nde la sangre de nuestro Se\u00f1or Jesucristo. <\/p>\n\n\n\n<p>\u00a1La paz del Se\u00f1or more en nuestro\nesp\u00edritu!<\/p>\n","protected":false},"excerpt":{"rendered":"<p>El evangelio de Juan muestra un detalle interesante en la vida del Ap\u00f3stol Sim\u00f3n Pedro, que los cristianos, podemos usar para saber identificar cuando estemos frente a fuego de peligro, con compa\u00f1\u00eda equivocada. Sim\u00f3n, hijo de Jon\u00e1s; fue uno de los doce disc\u00edpulos que nuestro Se\u00f1or Jes\u00fas llam\u00f3 y a quien puso por nombre Cefas, [&hellip;]<\/p>\n","protected":false},"author":3,"featured_media":7210,"comment_status":"open","ping_status":"open","sticky":false,"template":"","format":"standard","meta":[],"categories":[36],"tags":[],"yoast_head":"<!-- This site is optimized with the Yoast SEO plugin v20.8 - https:\/\/yoast.com\/wordpress\/plugins\/seo\/ -->\n<title>El ap\u00f3stol Sim\u00f3n Pedro dos veces frente a fuego de carb\u00f3n - La Prensa Cristiana<\/title>\n<meta name=\"robots\" content=\"index, follow, max-snippet:-1, max-image-preview:large, max-video-preview:-1\" \/>\n<link rel=\"canonical\" href=\"https:\/\/laprensacristiana.com\/?p=7925\" \/>\n<meta property=\"og:locale\" content=\"es_ES\" \/>\n<meta property=\"og:type\" content=\"article\" \/>\n<meta property=\"og:title\" content=\"El ap\u00f3stol Sim\u00f3n Pedro dos veces frente a fuego de carb\u00f3n - La Prensa Cristiana\" \/>\n<meta property=\"og:description\" content=\"El evangelio de Juan muestra un detalle interesante en la vida del Ap\u00f3stol Sim\u00f3n Pedro, que los cristianos, podemos usar para saber identificar cuando estemos frente a fuego de peligro, con compa\u00f1\u00eda equivocada. Sim\u00f3n, hijo de Jon\u00e1s; fue uno de los doce disc\u00edpulos que nuestro Se\u00f1or Jes\u00fas llam\u00f3 y a quien puso por nombre Cefas, [&hellip;]\" \/>\n<meta property=\"og:url\" content=\"https:\/\/laprensacristiana.com\/?p=7925\" \/>\n<meta property=\"og:site_name\" content=\"La Prensa Cristiana\" \/>\n<meta property=\"article:published_time\" content=\"2020-01-23T20:51:34+00:00\" \/>\n<meta property=\"article:modified_time\" content=\"2020-07-01T21:45:36+00:00\" \/>\n<meta property=\"og:image\" content=\"https:\/\/laprensacristiana.com\/wp-content\/uploads\/2019\/10\/JULY-LPG-2017.jpg\" \/>\n\t<meta property=\"og:image:width\" content=\"1240\" \/>\n\t<meta property=\"og:image:height\" content=\"692\" \/>\n\t<meta property=\"og:image:type\" content=\"image\/jpeg\" \/>\n<meta name=\"author\" content=\"EDITOR\" \/>\n<meta name=\"twitter:card\" content=\"summary_large_image\" \/>\n<meta name=\"twitter:label1\" content=\"Escrito por\" \/>\n\t<meta name=\"twitter:data1\" content=\"EDITOR\" \/>\n\t<meta name=\"twitter:label2\" content=\"Tiempo de lectura\" \/>\n\t<meta name=\"twitter:data2\" content=\"4 minutos\" \/>\n<script type=\"application\/ld+json\" class=\"yoast-schema-graph\">{\"@context\":\"https:\/\/schema.org\",\"@graph\":[{\"@type\":\"WebPage\",\"@id\":\"https:\/\/laprensacristiana.com\/?p=7925\",\"url\":\"https:\/\/laprensacristiana.com\/?p=7925\",\"name\":\"El ap\u00f3stol Sim\u00f3n Pedro dos veces frente a fuego de carb\u00f3n - La Prensa Cristiana\",\"isPartOf\":{\"@id\":\"https:\/\/laprensacristiana.com\/#website\"},\"datePublished\":\"2020-01-23T20:51:34+00:00\",\"dateModified\":\"2020-07-01T21:45:36+00:00\",\"author\":{\"@id\":\"https:\/\/laprensacristiana.com\/#\/schema\/person\/3e7d82c6bfd6b1fa67010f8f7cd5256e\"},\"breadcrumb\":{\"@id\":\"https:\/\/laprensacristiana.com\/?p=7925#breadcrumb\"},\"inLanguage\":\"es\",\"potentialAction\":[{\"@type\":\"ReadAction\",\"target\":[\"https:\/\/laprensacristiana.com\/?p=7925\"]}]},{\"@type\":\"BreadcrumbList\",\"@id\":\"https:\/\/laprensacristiana.com\/?p=7925#breadcrumb\",\"itemListElement\":[{\"@type\":\"ListItem\",\"position\":1,\"name\":\"Portada\",\"item\":\"https:\/\/laprensacristiana.com\/\"},{\"@type\":\"ListItem\",\"position\":2,\"name\":\"El ap\u00f3stol Sim\u00f3n Pedro dos veces frente a fuego de carb\u00f3n\"}]},{\"@type\":\"WebSite\",\"@id\":\"https:\/\/laprensacristiana.com\/#website\",\"url\":\"https:\/\/laprensacristiana.com\/\",\"name\":\"La Prensa Cristiana\",\"description\":\"Anunciando Las Buenas Nuevas\",\"potentialAction\":[{\"@type\":\"SearchAction\",\"target\":{\"@type\":\"EntryPoint\",\"urlTemplate\":\"https:\/\/laprensacristiana.com\/?s={search_term_string}\"},\"query-input\":\"required name=search_term_string\"}],\"inLanguage\":\"es\"},{\"@type\":\"Person\",\"@id\":\"https:\/\/laprensacristiana.com\/#\/schema\/person\/3e7d82c6bfd6b1fa67010f8f7cd5256e\",\"name\":\"EDITOR\",\"image\":{\"@type\":\"ImageObject\",\"inLanguage\":\"es\",\"@id\":\"https:\/\/laprensacristiana.com\/#\/schema\/person\/image\/\",\"url\":\"https:\/\/secure.gravatar.com\/avatar\/72069dfb6c13772d9e8381e3638666d2?s=96&d=mm&r=g\",\"contentUrl\":\"https:\/\/secure.gravatar.com\/avatar\/72069dfb6c13772d9e8381e3638666d2?s=96&d=mm&r=g\",\"caption\":\"EDITOR\"},\"url\":\"https:\/\/laprensacristiana.com\/?author=3\"}]}<\/script>\n<!-- \/ Yoast SEO plugin. -->","yoast_head_json":{"title":"El ap\u00f3stol Sim\u00f3n Pedro dos veces frente a fuego de carb\u00f3n - La Prensa Cristiana","robots":{"index":"index","follow":"follow","max-snippet":"max-snippet:-1","max-image-preview":"max-image-preview:large","max-video-preview":"max-video-preview:-1"},"canonical":"https:\/\/laprensacristiana.com\/?p=7925","og_locale":"es_ES","og_type":"article","og_title":"El ap\u00f3stol Sim\u00f3n Pedro dos veces frente a fuego de carb\u00f3n - La Prensa Cristiana","og_description":"El evangelio de Juan muestra un detalle interesante en la vida del Ap\u00f3stol Sim\u00f3n Pedro, que los cristianos, podemos usar para saber identificar cuando estemos frente a fuego de peligro, con compa\u00f1\u00eda equivocada. Sim\u00f3n, hijo de Jon\u00e1s; fue uno de los doce disc\u00edpulos que nuestro Se\u00f1or Jes\u00fas llam\u00f3 y a quien puso por nombre Cefas, [&hellip;]","og_url":"https:\/\/laprensacristiana.com\/?p=7925","og_site_name":"La Prensa Cristiana","article_published_time":"2020-01-23T20:51:34+00:00","article_modified_time":"2020-07-01T21:45:36+00:00","og_image":[{"width":1240,"height":692,"url":"https:\/\/laprensacristiana.com\/wp-content\/uploads\/2019\/10\/JULY-LPG-2017.jpg","type":"image\/jpeg"}],"author":"EDITOR","twitter_card":"summary_large_image","twitter_misc":{"Escrito por":"EDITOR","Tiempo de lectura":"4 minutos"},"schema":{"@context":"https:\/\/schema.org","@graph":[{"@type":"WebPage","@id":"https:\/\/laprensacristiana.com\/?p=7925","url":"https:\/\/laprensacristiana.com\/?p=7925","name":"El ap\u00f3stol Sim\u00f3n Pedro dos veces frente a fuego de carb\u00f3n - La Prensa Cristiana","isPartOf":{"@id":"https:\/\/laprensacristiana.com\/#website"},"datePublished":"2020-01-23T20:51:34+00:00","dateModified":"2020-07-01T21:45:36+00:00","author":{"@id":"https:\/\/laprensacristiana.com\/#\/schema\/person\/3e7d82c6bfd6b1fa67010f8f7cd5256e"},"breadcrumb":{"@id":"https:\/\/laprensacristiana.com\/?p=7925#breadcrumb"},"inLanguage":"es","potentialAction":[{"@type":"ReadAction","target":["https:\/\/laprensacristiana.com\/?p=7925"]}]},{"@type":"BreadcrumbList","@id":"https:\/\/laprensacristiana.com\/?p=7925#breadcrumb","itemListElement":[{"@type":"ListItem","position":1,"name":"Portada","item":"https:\/\/laprensacristiana.com\/"},{"@type":"ListItem","position":2,"name":"El ap\u00f3stol Sim\u00f3n Pedro dos veces frente a fuego de carb\u00f3n"}]},{"@type":"WebSite","@id":"https:\/\/laprensacristiana.com\/#website","url":"https:\/\/laprensacristiana.com\/","name":"La Prensa Cristiana","description":"Anunciando Las Buenas Nuevas","potentialAction":[{"@type":"SearchAction","target":{"@type":"EntryPoint","urlTemplate":"https:\/\/laprensacristiana.com\/?s={search_term_string}"},"query-input":"required name=search_term_string"}],"inLanguage":"es"},{"@type":"Person","@id":"https:\/\/laprensacristiana.com\/#\/schema\/person\/3e7d82c6bfd6b1fa67010f8f7cd5256e","name":"EDITOR","image":{"@type":"ImageObject","inLanguage":"es","@id":"https:\/\/laprensacristiana.com\/#\/schema\/person\/image\/","url":"https:\/\/secure.gravatar.com\/avatar\/72069dfb6c13772d9e8381e3638666d2?s=96&d=mm&r=g","contentUrl":"https:\/\/secure.gravatar.com\/avatar\/72069dfb6c13772d9e8381e3638666d2?s=96&d=mm&r=g","caption":"EDITOR"},"url":"https:\/\/laprensacristiana.com\/?author=3"}]}},"_links":{"self":[{"href":"https:\/\/laprensacristiana.com\/index.php?rest_route=\/wp\/v2\/posts\/7925"}],"collection":[{"href":"https:\/\/laprensacristiana.com\/index.php?rest_route=\/wp\/v2\/posts"}],"about":[{"href":"https:\/\/laprensacristiana.com\/index.php?rest_route=\/wp\/v2\/types\/post"}],"author":[{"embeddable":true,"href":"https:\/\/laprensacristiana.com\/index.php?rest_route=\/wp\/v2\/users\/3"}],"replies":[{"embeddable":true,"href":"https:\/\/laprensacristiana.com\/index.php?rest_route=%2Fwp%2Fv2%2Fcomments&post=7925"}],"version-history":[{"count":1,"href":"https:\/\/laprensacristiana.com\/index.php?rest_route=\/wp\/v2\/posts\/7925\/revisions"}],"predecessor-version":[{"id":7926,"href":"https:\/\/laprensacristiana.com\/index.php?rest_route=\/wp\/v2\/posts\/7925\/revisions\/7926"}],"wp:featuredmedia":[{"embeddable":true,"href":"https:\/\/laprensacristiana.com\/index.php?rest_route=\/wp\/v2\/media\/7210"}],"wp:attachment":[{"href":"https:\/\/laprensacristiana.com\/index.php?rest_route=%2Fwp%2Fv2%2Fmedia&parent=7925"}],"wp:term":[{"taxonomy":"category","embeddable":true,"href":"https:\/\/laprensacristiana.com\/index.php?rest_route=%2Fwp%2Fv2%2Fcategories&post=7925"},{"taxonomy":"post_tag","embeddable":true,"href":"https:\/\/laprensacristiana.com\/index.php?rest_route=%2Fwp%2Fv2%2Ftags&post=7925"}],"curies":[{"name":"wp","href":"https:\/\/api.w.org\/{rel}","templated":true}]}}