{"id":7935,"date":"2020-01-24T19:47:40","date_gmt":"2020-01-24T19:47:40","guid":{"rendered":"https:\/\/laprensacristiana.com\/?p=7935"},"modified":"2020-01-24T19:47:43","modified_gmt":"2020-01-24T19:47:43","slug":"eeuu-presenta-la-tasa-mas-baja-de-aborto-en-adolescentes-desde-1973","status":"publish","type":"post","link":"https:\/\/laprensacristiana.com\/?p=7935","title":{"rendered":"EEUU presenta la tasa m\u00e1s baja de aborto en adolescentes desde 1973"},"content":{"rendered":"\n<p>En un comunicado del presidente Donald Trump emitido por la\nCasa Blanca, se dio a conocer la disminuci\u00f3n del n\u00famero total y la tasa de\nabortos en Estados Unidos, en el an\u00e1lisis presentado del a\u00f1o 2007-2016.<\/p>\n\n\n\n<p>\u201cTodos los estadounidenses deber\u00edan celebrar esta\ndisminuci\u00f3n en el n\u00famero y la tasa de abortos, que representa vidas salvadas\u201d\nexpres\u00f3 en el comunicado Donald Trump.<\/p>\n\n\n\n<p>El presidente est\u00e1 consciente que a\u00fan falta mucho trabajo\npor hacer para proteger la vida de los no nacidos, tambi\u00e9n en su comunicado\ndejo saber su postura, el presidente est\u00e1 en contra del aborto y cualquier\nproyecto que quiera hacer valer su derecho para realizarlo.<\/p>\n\n\n\n<p>\u201cComo naci\u00f3n debemos permanecer firmemente dedicados a la\nprofunda verdad que toda la vida es un regalo de Dios, que otorga a cada\npersona un valor y potencial inconmensurable\u201d <\/p>\n\n\n\n<p>El presidente cerr\u00f3 proclamando el 22 de enero como\n\u201cSantidad Nacional del D\u00eda de la vida Humana\u201d , as\u00ed mismo pidi\u00f3 al congreso\naliarse para proteger y defender la dignidad de toda la vida humana.<\/p>\n","protected":false},"excerpt":{"rendered":"<p>En un comunicado del presidente Donald Trump emitido por la Casa Blanca, se dio a conocer la disminuci\u00f3n del n\u00famero total y la tasa de abortos en Estados Unidos, en el an\u00e1lisis presentado del a\u00f1o 2007-2016. \u201cTodos los estadounidenses deber\u00edan celebrar esta disminuci\u00f3n en el n\u00famero y la tasa de abortos, que representa vidas salvadas\u201d [&hellip;]<\/p>\n","protected":false},"author":3,"featured_media":7936,"comment_status":"open","ping_status":"open","sticky":false,"template":"","format":"standard","meta":[],"categories":[56],"tags":[],"yoast_head":"<!-- This site is optimized with the Yoast SEO plugin v20.8 - https:\/\/yoast.com\/wordpress\/plugins\/seo\/ -->\n<title>EEUU presenta la tasa m\u00e1s baja de aborto en adolescentes desde 1973 - La Prensa Cristiana<\/title>\n<meta name=\"robots\" content=\"index, follow, max-snippet:-1, max-image-preview:large, max-video-preview:-1\" \/>\n<link rel=\"canonical\" href=\"https:\/\/laprensacristiana.com\/?p=7935\" \/>\n<meta property=\"og:locale\" content=\"es_ES\" \/>\n<meta property=\"og:type\" content=\"article\" \/>\n<meta property=\"og:title\" content=\"EEUU presenta la tasa m\u00e1s baja de aborto en adolescentes desde 1973 - La Prensa Cristiana\" \/>\n<meta property=\"og:description\" content=\"En un comunicado del presidente Donald Trump emitido por la Casa Blanca, se dio a conocer la disminuci\u00f3n del n\u00famero total y la tasa de abortos en Estados Unidos, en el an\u00e1lisis presentado del a\u00f1o 2007-2016. \u201cTodos los estadounidenses deber\u00edan celebrar esta disminuci\u00f3n en el n\u00famero y la tasa de abortos, que representa vidas salvadas\u201d [&hellip;]\" \/>\n<meta property=\"og:url\" content=\"https:\/\/laprensacristiana.com\/?p=7935\" \/>\n<meta property=\"og:site_name\" content=\"La Prensa Cristiana\" \/>\n<meta property=\"article:published_time\" content=\"2020-01-24T19:47:40+00:00\" \/>\n<meta property=\"article:modified_time\" content=\"2020-01-24T19:47:43+00:00\" \/>\n<meta property=\"og:image\" content=\"https:\/\/laprensacristiana.com\/wp-content\/uploads\/2020\/01\/WhatsApp-Image-2020-01-24-at-13.46.36.jpeg\" \/>\n\t<meta property=\"og:image:width\" content=\"1080\" \/>\n\t<meta property=\"og:image:height\" content=\"718\" \/>\n\t<meta property=\"og:image:type\" content=\"image\/jpeg\" \/>\n<meta name=\"author\" content=\"EDITOR\" \/>\n<meta name=\"twitter:card\" content=\"summary_large_image\" \/>\n<meta name=\"twitter:label1\" content=\"Escrito por\" \/>\n\t<meta name=\"twitter:data1\" content=\"EDITOR\" \/>\n\t<meta name=\"twitter:label2\" content=\"Tiempo de lectura\" \/>\n\t<meta name=\"twitter:data2\" content=\"1 minuto\" \/>\n<script type=\"application\/ld+json\" class=\"yoast-schema-graph\">{\"@context\":\"https:\/\/schema.org\",\"@graph\":[{\"@type\":\"WebPage\",\"@id\":\"https:\/\/laprensacristiana.com\/?p=7935\",\"url\":\"https:\/\/laprensacristiana.com\/?p=7935\",\"name\":\"EEUU presenta la tasa m\u00e1s baja de aborto en adolescentes desde 1973 - La Prensa Cristiana\",\"isPartOf\":{\"@id\":\"https:\/\/laprensacristiana.com\/#website\"},\"datePublished\":\"2020-01-24T19:47:40+00:00\",\"dateModified\":\"2020-01-24T19:47:43+00:00\",\"author\":{\"@id\":\"https:\/\/laprensacristiana.com\/#\/schema\/person\/3e7d82c6bfd6b1fa67010f8f7cd5256e\"},\"breadcrumb\":{\"@id\":\"https:\/\/laprensacristiana.com\/?p=7935#breadcrumb\"},\"inLanguage\":\"es\",\"potentialAction\":[{\"@type\":\"ReadAction\",\"target\":[\"https:\/\/laprensacristiana.com\/?p=7935\"]}]},{\"@type\":\"BreadcrumbList\",\"@id\":\"https:\/\/laprensacristiana.com\/?p=7935#breadcrumb\",\"itemListElement\":[{\"@type\":\"ListItem\",\"position\":1,\"name\":\"Portada\",\"item\":\"https:\/\/laprensacristiana.com\/\"},{\"@type\":\"ListItem\",\"position\":2,\"name\":\"EEUU presenta la tasa m\u00e1s baja de aborto en adolescentes desde 1973\"}]},{\"@type\":\"WebSite\",\"@id\":\"https:\/\/laprensacristiana.com\/#website\",\"url\":\"https:\/\/laprensacristiana.com\/\",\"name\":\"La Prensa Cristiana\",\"description\":\"Anunciando Las Buenas Nuevas\",\"potentialAction\":[{\"@type\":\"SearchAction\",\"target\":{\"@type\":\"EntryPoint\",\"urlTemplate\":\"https:\/\/laprensacristiana.com\/?s={search_term_string}\"},\"query-input\":\"required name=search_term_string\"}],\"inLanguage\":\"es\"},{\"@type\":\"Person\",\"@id\":\"https:\/\/laprensacristiana.com\/#\/schema\/person\/3e7d82c6bfd6b1fa67010f8f7cd5256e\",\"name\":\"EDITOR\",\"image\":{\"@type\":\"ImageObject\",\"inLanguage\":\"es\",\"@id\":\"https:\/\/laprensacristiana.com\/#\/schema\/person\/image\/\",\"url\":\"https:\/\/secure.gravatar.com\/avatar\/72069dfb6c13772d9e8381e3638666d2?s=96&d=mm&r=g\",\"contentUrl\":\"https:\/\/secure.gravatar.com\/avatar\/72069dfb6c13772d9e8381e3638666d2?s=96&d=mm&r=g\",\"caption\":\"EDITOR\"},\"url\":\"https:\/\/laprensacristiana.com\/?author=3\"}]}<\/script>\n<!-- \/ Yoast SEO plugin. -->","yoast_head_json":{"title":"EEUU presenta la tasa m\u00e1s baja de aborto en adolescentes desde 1973 - La Prensa Cristiana","robots":{"index":"index","follow":"follow","max-snippet":"max-snippet:-1","max-image-preview":"max-image-preview:large","max-video-preview":"max-video-preview:-1"},"canonical":"https:\/\/laprensacristiana.com\/?p=7935","og_locale":"es_ES","og_type":"article","og_title":"EEUU presenta la tasa m\u00e1s baja de aborto en adolescentes desde 1973 - La Prensa Cristiana","og_description":"En un comunicado del presidente Donald Trump emitido por la Casa Blanca, se dio a conocer la disminuci\u00f3n del n\u00famero total y la tasa de abortos en Estados Unidos, en el an\u00e1lisis presentado del a\u00f1o 2007-2016. \u201cTodos los estadounidenses deber\u00edan celebrar esta disminuci\u00f3n en el n\u00famero y la tasa de abortos, que representa vidas salvadas\u201d [&hellip;]","og_url":"https:\/\/laprensacristiana.com\/?p=7935","og_site_name":"La Prensa Cristiana","article_published_time":"2020-01-24T19:47:40+00:00","article_modified_time":"2020-01-24T19:47:43+00:00","og_image":[{"width":1080,"height":718,"url":"https:\/\/laprensacristiana.com\/wp-content\/uploads\/2020\/01\/WhatsApp-Image-2020-01-24-at-13.46.36.jpeg","type":"image\/jpeg"}],"author":"EDITOR","twitter_card":"summary_large_image","twitter_misc":{"Escrito por":"EDITOR","Tiempo de lectura":"1 minuto"},"schema":{"@context":"https:\/\/schema.org","@graph":[{"@type":"WebPage","@id":"https:\/\/laprensacristiana.com\/?p=7935","url":"https:\/\/laprensacristiana.com\/?p=7935","name":"EEUU presenta la tasa m\u00e1s baja de aborto en adolescentes desde 1973 - La Prensa Cristiana","isPartOf":{"@id":"https:\/\/laprensacristiana.com\/#website"},"datePublished":"2020-01-24T19:47:40+00:00","dateModified":"2020-01-24T19:47:43+00:00","author":{"@id":"https:\/\/laprensacristiana.com\/#\/schema\/person\/3e7d82c6bfd6b1fa67010f8f7cd5256e"},"breadcrumb":{"@id":"https:\/\/laprensacristiana.com\/?p=7935#breadcrumb"},"inLanguage":"es","potentialAction":[{"@type":"ReadAction","target":["https:\/\/laprensacristiana.com\/?p=7935"]}]},{"@type":"BreadcrumbList","@id":"https:\/\/laprensacristiana.com\/?p=7935#breadcrumb","itemListElement":[{"@type":"ListItem","position":1,"name":"Portada","item":"https:\/\/laprensacristiana.com\/"},{"@type":"ListItem","position":2,"name":"EEUU presenta la tasa m\u00e1s baja de aborto en adolescentes desde 1973"}]},{"@type":"WebSite","@id":"https:\/\/laprensacristiana.com\/#website","url":"https:\/\/laprensacristiana.com\/","name":"La Prensa Cristiana","description":"Anunciando Las Buenas Nuevas","potentialAction":[{"@type":"SearchAction","target":{"@type":"EntryPoint","urlTemplate":"https:\/\/laprensacristiana.com\/?s={search_term_string}"},"query-input":"required name=search_term_string"}],"inLanguage":"es"},{"@type":"Person","@id":"https:\/\/laprensacristiana.com\/#\/schema\/person\/3e7d82c6bfd6b1fa67010f8f7cd5256e","name":"EDITOR","image":{"@type":"ImageObject","inLanguage":"es","@id":"https:\/\/laprensacristiana.com\/#\/schema\/person\/image\/","url":"https:\/\/secure.gravatar.com\/avatar\/72069dfb6c13772d9e8381e3638666d2?s=96&d=mm&r=g","contentUrl":"https:\/\/secure.gravatar.com\/avatar\/72069dfb6c13772d9e8381e3638666d2?s=96&d=mm&r=g","caption":"EDITOR"},"url":"https:\/\/laprensacristiana.com\/?author=3"}]}},"_links":{"self":[{"href":"https:\/\/laprensacristiana.com\/index.php?rest_route=\/wp\/v2\/posts\/7935"}],"collection":[{"href":"https:\/\/laprensacristiana.com\/index.php?rest_route=\/wp\/v2\/posts"}],"about":[{"href":"https:\/\/laprensacristiana.com\/index.php?rest_route=\/wp\/v2\/types\/post"}],"author":[{"embeddable":true,"href":"https:\/\/laprensacristiana.com\/index.php?rest_route=\/wp\/v2\/users\/3"}],"replies":[{"embeddable":true,"href":"https:\/\/laprensacristiana.com\/index.php?rest_route=%2Fwp%2Fv2%2Fcomments&post=7935"}],"version-history":[{"count":1,"href":"https:\/\/laprensacristiana.com\/index.php?rest_route=\/wp\/v2\/posts\/7935\/revisions"}],"predecessor-version":[{"id":7937,"href":"https:\/\/laprensacristiana.com\/index.php?rest_route=\/wp\/v2\/posts\/7935\/revisions\/7937"}],"wp:featuredmedia":[{"embeddable":true,"href":"https:\/\/laprensacristiana.com\/index.php?rest_route=\/wp\/v2\/media\/7936"}],"wp:attachment":[{"href":"https:\/\/laprensacristiana.com\/index.php?rest_route=%2Fwp%2Fv2%2Fmedia&parent=7935"}],"wp:term":[{"taxonomy":"category","embeddable":true,"href":"https:\/\/laprensacristiana.com\/index.php?rest_route=%2Fwp%2Fv2%2Fcategories&post=7935"},{"taxonomy":"post_tag","embeddable":true,"href":"https:\/\/laprensacristiana.com\/index.php?rest_route=%2Fwp%2Fv2%2Ftags&post=7935"}],"curies":[{"name":"wp","href":"https:\/\/api.w.org\/{rel}","templated":true}]}}