{"id":7944,"date":"2020-01-27T03:12:33","date_gmt":"2020-01-27T03:12:33","guid":{"rendered":"https:\/\/laprensacristiana.com\/?p=7944"},"modified":"2020-01-27T03:12:36","modified_gmt":"2020-01-27T03:12:36","slug":"pastores-piden-fortaleza-por-la-muerte-de-kobe-bryant","status":"publish","type":"post","link":"https:\/\/laprensacristiana.com\/?p=7944","title":{"rendered":"Pastores piden fortaleza por la muerte de Kobe Bryant"},"content":{"rendered":"\n<p>Esta tarde la muerte de uno de los iconos del baloncesto ha\nconmocionado al mundo, el jugador de los Lakers Kobe Bryant de 41 a\u00f1os perdi\u00f3\nla vida en un accidente de helic\u00f3ptero en California, al jugador tambi\u00e9n lo\nacompa\u00f1aba su hija de 13 a\u00f1os Gianna.<\/p>\n\n\n\n<p>Celebridades, personas del gobierno han expresado su sentido\np\u00e9same para su familia, algunos pastores tambi\u00e9n han expresado su sentir:<\/p>\n\n\n\n<p>\u201cHoy muere Kobe, mis oraciones por la familia&#8230; en tan s\u00f3lo\n26 d\u00edas de haber empezado el a\u00f1o y tantas cosas que han pasado. Podr\u00edamos decir\ny que ser\u00e1 de nosotros el resto del a\u00f1o. Me da paz y fortaleza pensar que Jes\u00fas\ndijo: Yo estar\u00e9 contigo hasta el fin. Mis oraciones para todo aquel que tambi\u00e9n\nha tenido un inicio de a\u00f1o dif\u00edcil. Un abrazo familia y que Dios les bendiga\u201d\nExpres\u00f3 Moises Tanco pastor y evangelista de EEUU.<\/p>\n\n\n\n<p>El evangelista Franklin Graham tambi\u00e9n record\u00f3 lo ef\u00edmera\nque es la vida:<\/p>\n\n\n\n<p>\u201cCada vez que hay una tragedia, es un recordatorio de la\nbrevedad de la vida y de que ninguno de nosotros sabe cu\u00e1ndo vamos a tener que\nestar delante de Dios y dar cuenta de nuestras vidas. \u00bfEst\u00e1s listo?\u201d concluy\u00f3\nGraham.<\/p>\n","protected":false},"excerpt":{"rendered":"<p>Esta tarde la muerte de uno de los iconos del baloncesto ha conmocionado al mundo, el jugador de los Lakers Kobe Bryant de 41 a\u00f1os perdi\u00f3 la vida en un accidente de helic\u00f3ptero en California, al jugador tambi\u00e9n lo acompa\u00f1aba su hija de 13 a\u00f1os Gianna. Celebridades, personas del gobierno han expresado su sentido p\u00e9same [&hellip;]<\/p>\n","protected":false},"author":3,"featured_media":7945,"comment_status":"open","ping_status":"open","sticky":false,"template":"","format":"standard","meta":[],"categories":[56],"tags":[],"yoast_head":"<!-- This site is optimized with the Yoast SEO plugin v20.8 - https:\/\/yoast.com\/wordpress\/plugins\/seo\/ -->\n<title>Pastores piden fortaleza por la muerte de Kobe Bryant - La Prensa Cristiana<\/title>\n<meta name=\"robots\" content=\"index, follow, max-snippet:-1, max-image-preview:large, max-video-preview:-1\" \/>\n<link rel=\"canonical\" href=\"https:\/\/laprensacristiana.com\/?p=7944\" \/>\n<meta property=\"og:locale\" content=\"es_ES\" \/>\n<meta property=\"og:type\" content=\"article\" \/>\n<meta property=\"og:title\" content=\"Pastores piden fortaleza por la muerte de Kobe Bryant - La Prensa Cristiana\" \/>\n<meta property=\"og:description\" content=\"Esta tarde la muerte de uno de los iconos del baloncesto ha conmocionado al mundo, el jugador de los Lakers Kobe Bryant de 41 a\u00f1os perdi\u00f3 la vida en un accidente de helic\u00f3ptero en California, al jugador tambi\u00e9n lo acompa\u00f1aba su hija de 13 a\u00f1os Gianna. Celebridades, personas del gobierno han expresado su sentido p\u00e9same [&hellip;]\" \/>\n<meta property=\"og:url\" content=\"https:\/\/laprensacristiana.com\/?p=7944\" \/>\n<meta property=\"og:site_name\" content=\"La Prensa Cristiana\" \/>\n<meta property=\"article:published_time\" content=\"2020-01-27T03:12:33+00:00\" \/>\n<meta property=\"article:modified_time\" content=\"2020-01-27T03:12:36+00:00\" \/>\n<meta property=\"og:image\" content=\"https:\/\/laprensacristiana.com\/wp-content\/uploads\/2020\/01\/WhatsApp-Image-2020-01-26-at-21.09.56.jpeg\" \/>\n\t<meta property=\"og:image:width\" content=\"720\" \/>\n\t<meta property=\"og:image:height\" content=\"715\" \/>\n\t<meta property=\"og:image:type\" content=\"image\/jpeg\" \/>\n<meta name=\"author\" content=\"EDITOR\" \/>\n<meta name=\"twitter:card\" content=\"summary_large_image\" \/>\n<meta name=\"twitter:label1\" content=\"Escrito por\" \/>\n\t<meta name=\"twitter:data1\" content=\"EDITOR\" \/>\n\t<meta name=\"twitter:label2\" content=\"Tiempo de lectura\" \/>\n\t<meta name=\"twitter:data2\" content=\"1 minuto\" \/>\n<script type=\"application\/ld+json\" class=\"yoast-schema-graph\">{\"@context\":\"https:\/\/schema.org\",\"@graph\":[{\"@type\":\"WebPage\",\"@id\":\"https:\/\/laprensacristiana.com\/?p=7944\",\"url\":\"https:\/\/laprensacristiana.com\/?p=7944\",\"name\":\"Pastores piden fortaleza por la muerte de Kobe Bryant - La Prensa Cristiana\",\"isPartOf\":{\"@id\":\"https:\/\/laprensacristiana.com\/#website\"},\"datePublished\":\"2020-01-27T03:12:33+00:00\",\"dateModified\":\"2020-01-27T03:12:36+00:00\",\"author\":{\"@id\":\"https:\/\/laprensacristiana.com\/#\/schema\/person\/3e7d82c6bfd6b1fa67010f8f7cd5256e\"},\"breadcrumb\":{\"@id\":\"https:\/\/laprensacristiana.com\/?p=7944#breadcrumb\"},\"inLanguage\":\"es\",\"potentialAction\":[{\"@type\":\"ReadAction\",\"target\":[\"https:\/\/laprensacristiana.com\/?p=7944\"]}]},{\"@type\":\"BreadcrumbList\",\"@id\":\"https:\/\/laprensacristiana.com\/?p=7944#breadcrumb\",\"itemListElement\":[{\"@type\":\"ListItem\",\"position\":1,\"name\":\"Portada\",\"item\":\"https:\/\/laprensacristiana.com\/\"},{\"@type\":\"ListItem\",\"position\":2,\"name\":\"Pastores piden fortaleza por la muerte de Kobe Bryant\"}]},{\"@type\":\"WebSite\",\"@id\":\"https:\/\/laprensacristiana.com\/#website\",\"url\":\"https:\/\/laprensacristiana.com\/\",\"name\":\"La Prensa Cristiana\",\"description\":\"Anunciando Las Buenas Nuevas\",\"potentialAction\":[{\"@type\":\"SearchAction\",\"target\":{\"@type\":\"EntryPoint\",\"urlTemplate\":\"https:\/\/laprensacristiana.com\/?s={search_term_string}\"},\"query-input\":\"required name=search_term_string\"}],\"inLanguage\":\"es\"},{\"@type\":\"Person\",\"@id\":\"https:\/\/laprensacristiana.com\/#\/schema\/person\/3e7d82c6bfd6b1fa67010f8f7cd5256e\",\"name\":\"EDITOR\",\"image\":{\"@type\":\"ImageObject\",\"inLanguage\":\"es\",\"@id\":\"https:\/\/laprensacristiana.com\/#\/schema\/person\/image\/\",\"url\":\"https:\/\/secure.gravatar.com\/avatar\/72069dfb6c13772d9e8381e3638666d2?s=96&d=mm&r=g\",\"contentUrl\":\"https:\/\/secure.gravatar.com\/avatar\/72069dfb6c13772d9e8381e3638666d2?s=96&d=mm&r=g\",\"caption\":\"EDITOR\"},\"url\":\"https:\/\/laprensacristiana.com\/?author=3\"}]}<\/script>\n<!-- \/ Yoast SEO plugin. -->","yoast_head_json":{"title":"Pastores piden fortaleza por la muerte de Kobe Bryant - La Prensa Cristiana","robots":{"index":"index","follow":"follow","max-snippet":"max-snippet:-1","max-image-preview":"max-image-preview:large","max-video-preview":"max-video-preview:-1"},"canonical":"https:\/\/laprensacristiana.com\/?p=7944","og_locale":"es_ES","og_type":"article","og_title":"Pastores piden fortaleza por la muerte de Kobe Bryant - La Prensa Cristiana","og_description":"Esta tarde la muerte de uno de los iconos del baloncesto ha conmocionado al mundo, el jugador de los Lakers Kobe Bryant de 41 a\u00f1os perdi\u00f3 la vida en un accidente de helic\u00f3ptero en California, al jugador tambi\u00e9n lo acompa\u00f1aba su hija de 13 a\u00f1os Gianna. Celebridades, personas del gobierno han expresado su sentido p\u00e9same [&hellip;]","og_url":"https:\/\/laprensacristiana.com\/?p=7944","og_site_name":"La Prensa Cristiana","article_published_time":"2020-01-27T03:12:33+00:00","article_modified_time":"2020-01-27T03:12:36+00:00","og_image":[{"width":720,"height":715,"url":"https:\/\/laprensacristiana.com\/wp-content\/uploads\/2020\/01\/WhatsApp-Image-2020-01-26-at-21.09.56.jpeg","type":"image\/jpeg"}],"author":"EDITOR","twitter_card":"summary_large_image","twitter_misc":{"Escrito por":"EDITOR","Tiempo de lectura":"1 minuto"},"schema":{"@context":"https:\/\/schema.org","@graph":[{"@type":"WebPage","@id":"https:\/\/laprensacristiana.com\/?p=7944","url":"https:\/\/laprensacristiana.com\/?p=7944","name":"Pastores piden fortaleza por la muerte de Kobe Bryant - La Prensa Cristiana","isPartOf":{"@id":"https:\/\/laprensacristiana.com\/#website"},"datePublished":"2020-01-27T03:12:33+00:00","dateModified":"2020-01-27T03:12:36+00:00","author":{"@id":"https:\/\/laprensacristiana.com\/#\/schema\/person\/3e7d82c6bfd6b1fa67010f8f7cd5256e"},"breadcrumb":{"@id":"https:\/\/laprensacristiana.com\/?p=7944#breadcrumb"},"inLanguage":"es","potentialAction":[{"@type":"ReadAction","target":["https:\/\/laprensacristiana.com\/?p=7944"]}]},{"@type":"BreadcrumbList","@id":"https:\/\/laprensacristiana.com\/?p=7944#breadcrumb","itemListElement":[{"@type":"ListItem","position":1,"name":"Portada","item":"https:\/\/laprensacristiana.com\/"},{"@type":"ListItem","position":2,"name":"Pastores piden fortaleza por la muerte de Kobe Bryant"}]},{"@type":"WebSite","@id":"https:\/\/laprensacristiana.com\/#website","url":"https:\/\/laprensacristiana.com\/","name":"La Prensa Cristiana","description":"Anunciando Las Buenas Nuevas","potentialAction":[{"@type":"SearchAction","target":{"@type":"EntryPoint","urlTemplate":"https:\/\/laprensacristiana.com\/?s={search_term_string}"},"query-input":"required name=search_term_string"}],"inLanguage":"es"},{"@type":"Person","@id":"https:\/\/laprensacristiana.com\/#\/schema\/person\/3e7d82c6bfd6b1fa67010f8f7cd5256e","name":"EDITOR","image":{"@type":"ImageObject","inLanguage":"es","@id":"https:\/\/laprensacristiana.com\/#\/schema\/person\/image\/","url":"https:\/\/secure.gravatar.com\/avatar\/72069dfb6c13772d9e8381e3638666d2?s=96&d=mm&r=g","contentUrl":"https:\/\/secure.gravatar.com\/avatar\/72069dfb6c13772d9e8381e3638666d2?s=96&d=mm&r=g","caption":"EDITOR"},"url":"https:\/\/laprensacristiana.com\/?author=3"}]}},"_links":{"self":[{"href":"https:\/\/laprensacristiana.com\/index.php?rest_route=\/wp\/v2\/posts\/7944"}],"collection":[{"href":"https:\/\/laprensacristiana.com\/index.php?rest_route=\/wp\/v2\/posts"}],"about":[{"href":"https:\/\/laprensacristiana.com\/index.php?rest_route=\/wp\/v2\/types\/post"}],"author":[{"embeddable":true,"href":"https:\/\/laprensacristiana.com\/index.php?rest_route=\/wp\/v2\/users\/3"}],"replies":[{"embeddable":true,"href":"https:\/\/laprensacristiana.com\/index.php?rest_route=%2Fwp%2Fv2%2Fcomments&post=7944"}],"version-history":[{"count":1,"href":"https:\/\/laprensacristiana.com\/index.php?rest_route=\/wp\/v2\/posts\/7944\/revisions"}],"predecessor-version":[{"id":7946,"href":"https:\/\/laprensacristiana.com\/index.php?rest_route=\/wp\/v2\/posts\/7944\/revisions\/7946"}],"wp:featuredmedia":[{"embeddable":true,"href":"https:\/\/laprensacristiana.com\/index.php?rest_route=\/wp\/v2\/media\/7945"}],"wp:attachment":[{"href":"https:\/\/laprensacristiana.com\/index.php?rest_route=%2Fwp%2Fv2%2Fmedia&parent=7944"}],"wp:term":[{"taxonomy":"category","embeddable":true,"href":"https:\/\/laprensacristiana.com\/index.php?rest_route=%2Fwp%2Fv2%2Fcategories&post=7944"},{"taxonomy":"post_tag","embeddable":true,"href":"https:\/\/laprensacristiana.com\/index.php?rest_route=%2Fwp%2Fv2%2Ftags&post=7944"}],"curies":[{"name":"wp","href":"https:\/\/api.w.org\/{rel}","templated":true}]}}