{"id":7956,"date":"2020-01-27T20:45:11","date_gmt":"2020-01-27T20:45:11","guid":{"rendered":"https:\/\/laprensacristiana.com\/?p=7956"},"modified":"2020-01-27T20:45:14","modified_gmt":"2020-01-27T20:45:14","slug":"alrededor-del-mundo-se-conmemora-los-75-anos-de-la-liberacion-del-holocausto","status":"publish","type":"post","link":"https:\/\/laprensacristiana.com\/?p=7956","title":{"rendered":"Alrededor del mundo se conmemora los 75 a\u00f1os de la liberaci\u00f3n del Holocausto"},"content":{"rendered":"\n<p>Este d\u00eda se cumplen 75 a\u00f1os desde la liberaci\u00f3n de\nAuschwitz, miles de personas a nivel mundial rinden tributo a la memoria de m\u00e1s\nde 1, 1 millones de personas que fueron asesinados, dos de cada tres\njud\u00edos&nbsp; en Europa y millones de otras\npersonas, fueron enviados a ghettos, campos de concentraci\u00f3n y exterminio,\nfueron perseguidos, encarcelados, muriendo de hambre, torturados y ejecutados. <\/p>\n\n\n\n<p>L\u00edderes y representantes de estados a nivel mundial se han\ncomprometido a seguir luchando contra el antisemitismo y a decir este d\u00eda junto\nal pueblo israel\u00ed: \u201cNunca M\u00e1s\u201d.<\/p>\n\n\n\n<p>Los nazis llevaron a cabo un plan sistem\u00e1tico para eliminar\nal pueblo jud\u00edo y otros que pensaban eran indeseables, esta barbarie ocurri\u00f3\nhace 75 a\u00f1os. <\/p>\n\n\n\n<p>\u201cLas lecciones del Holocausto deben estar grabadas para\nsiempre en la conciencia de la humanidad para que podamos cumplir nuestra\npromesa solemne y sagrada de que tal maldad y odio nunca m\u00e1s volver\u00e1 al poder\u201d\nexpres\u00f3 el presidente de Los Estado Unidos Donald Trump.<\/p>\n\n\n\n<p>El pueblo jud\u00edo se recuper\u00f3 del mayor genocidio registrado\nen la humanidad, convirti\u00e9ndose en un Israel moderno, muchos le consideran como\nun monumento de la fuerza eterna del pueblo jud\u00edo.<\/p>\n","protected":false},"excerpt":{"rendered":"<p>Este d\u00eda se cumplen 75 a\u00f1os desde la liberaci\u00f3n de Auschwitz, miles de personas a nivel mundial rinden tributo a la memoria de m\u00e1s de 1, 1 millones de personas que fueron asesinados, dos de cada tres jud\u00edos&nbsp; en Europa y millones de otras personas, fueron enviados a ghettos, campos de concentraci\u00f3n y exterminio, fueron [&hellip;]<\/p>\n","protected":false},"author":3,"featured_media":7957,"comment_status":"open","ping_status":"open","sticky":false,"template":"","format":"standard","meta":[],"categories":[56],"tags":[],"yoast_head":"<!-- This site is optimized with the Yoast SEO plugin v20.8 - https:\/\/yoast.com\/wordpress\/plugins\/seo\/ -->\n<title>Alrededor del mundo se conmemora los 75 a\u00f1os de la liberaci\u00f3n del Holocausto - La Prensa Cristiana<\/title>\n<meta name=\"robots\" content=\"index, follow, max-snippet:-1, max-image-preview:large, max-video-preview:-1\" \/>\n<link rel=\"canonical\" href=\"https:\/\/laprensacristiana.com\/?p=7956\" \/>\n<meta property=\"og:locale\" content=\"es_ES\" \/>\n<meta property=\"og:type\" content=\"article\" \/>\n<meta property=\"og:title\" content=\"Alrededor del mundo se conmemora los 75 a\u00f1os de la liberaci\u00f3n del Holocausto - La Prensa Cristiana\" \/>\n<meta property=\"og:description\" content=\"Este d\u00eda se cumplen 75 a\u00f1os desde la liberaci\u00f3n de Auschwitz, miles de personas a nivel mundial rinden tributo a la memoria de m\u00e1s de 1, 1 millones de personas que fueron asesinados, dos de cada tres jud\u00edos&nbsp; en Europa y millones de otras personas, fueron enviados a ghettos, campos de concentraci\u00f3n y exterminio, fueron [&hellip;]\" \/>\n<meta property=\"og:url\" content=\"https:\/\/laprensacristiana.com\/?p=7956\" \/>\n<meta property=\"og:site_name\" content=\"La Prensa Cristiana\" \/>\n<meta property=\"article:published_time\" content=\"2020-01-27T20:45:11+00:00\" \/>\n<meta property=\"article:modified_time\" content=\"2020-01-27T20:45:14+00:00\" \/>\n<meta property=\"og:image\" content=\"https:\/\/laprensacristiana.com\/wp-content\/uploads\/2020\/01\/WhatsApp-Image-2020-01-27-at-14.41.01.jpeg\" \/>\n\t<meta property=\"og:image:width\" content=\"680\" \/>\n\t<meta property=\"og:image:height\" content=\"443\" \/>\n\t<meta property=\"og:image:type\" content=\"image\/jpeg\" \/>\n<meta name=\"author\" content=\"EDITOR\" \/>\n<meta name=\"twitter:card\" content=\"summary_large_image\" \/>\n<meta name=\"twitter:label1\" content=\"Escrito por\" \/>\n\t<meta name=\"twitter:data1\" content=\"EDITOR\" \/>\n\t<meta name=\"twitter:label2\" content=\"Tiempo de lectura\" \/>\n\t<meta name=\"twitter:data2\" content=\"1 minuto\" \/>\n<script type=\"application\/ld+json\" class=\"yoast-schema-graph\">{\"@context\":\"https:\/\/schema.org\",\"@graph\":[{\"@type\":\"WebPage\",\"@id\":\"https:\/\/laprensacristiana.com\/?p=7956\",\"url\":\"https:\/\/laprensacristiana.com\/?p=7956\",\"name\":\"Alrededor del mundo se conmemora los 75 a\u00f1os de la liberaci\u00f3n del Holocausto - La Prensa Cristiana\",\"isPartOf\":{\"@id\":\"https:\/\/laprensacristiana.com\/#website\"},\"datePublished\":\"2020-01-27T20:45:11+00:00\",\"dateModified\":\"2020-01-27T20:45:14+00:00\",\"author\":{\"@id\":\"https:\/\/laprensacristiana.com\/#\/schema\/person\/3e7d82c6bfd6b1fa67010f8f7cd5256e\"},\"breadcrumb\":{\"@id\":\"https:\/\/laprensacristiana.com\/?p=7956#breadcrumb\"},\"inLanguage\":\"es\",\"potentialAction\":[{\"@type\":\"ReadAction\",\"target\":[\"https:\/\/laprensacristiana.com\/?p=7956\"]}]},{\"@type\":\"BreadcrumbList\",\"@id\":\"https:\/\/laprensacristiana.com\/?p=7956#breadcrumb\",\"itemListElement\":[{\"@type\":\"ListItem\",\"position\":1,\"name\":\"Portada\",\"item\":\"https:\/\/laprensacristiana.com\/\"},{\"@type\":\"ListItem\",\"position\":2,\"name\":\"Alrededor del mundo se conmemora los 75 a\u00f1os de la liberaci\u00f3n del Holocausto\"}]},{\"@type\":\"WebSite\",\"@id\":\"https:\/\/laprensacristiana.com\/#website\",\"url\":\"https:\/\/laprensacristiana.com\/\",\"name\":\"La Prensa Cristiana\",\"description\":\"Anunciando Las Buenas Nuevas\",\"potentialAction\":[{\"@type\":\"SearchAction\",\"target\":{\"@type\":\"EntryPoint\",\"urlTemplate\":\"https:\/\/laprensacristiana.com\/?s={search_term_string}\"},\"query-input\":\"required name=search_term_string\"}],\"inLanguage\":\"es\"},{\"@type\":\"Person\",\"@id\":\"https:\/\/laprensacristiana.com\/#\/schema\/person\/3e7d82c6bfd6b1fa67010f8f7cd5256e\",\"name\":\"EDITOR\",\"image\":{\"@type\":\"ImageObject\",\"inLanguage\":\"es\",\"@id\":\"https:\/\/laprensacristiana.com\/#\/schema\/person\/image\/\",\"url\":\"https:\/\/secure.gravatar.com\/avatar\/72069dfb6c13772d9e8381e3638666d2?s=96&d=mm&r=g\",\"contentUrl\":\"https:\/\/secure.gravatar.com\/avatar\/72069dfb6c13772d9e8381e3638666d2?s=96&d=mm&r=g\",\"caption\":\"EDITOR\"},\"url\":\"https:\/\/laprensacristiana.com\/?author=3\"}]}<\/script>\n<!-- \/ Yoast SEO plugin. -->","yoast_head_json":{"title":"Alrededor del mundo se conmemora los 75 a\u00f1os de la liberaci\u00f3n del Holocausto - La Prensa Cristiana","robots":{"index":"index","follow":"follow","max-snippet":"max-snippet:-1","max-image-preview":"max-image-preview:large","max-video-preview":"max-video-preview:-1"},"canonical":"https:\/\/laprensacristiana.com\/?p=7956","og_locale":"es_ES","og_type":"article","og_title":"Alrededor del mundo se conmemora los 75 a\u00f1os de la liberaci\u00f3n del Holocausto - La Prensa Cristiana","og_description":"Este d\u00eda se cumplen 75 a\u00f1os desde la liberaci\u00f3n de Auschwitz, miles de personas a nivel mundial rinden tributo a la memoria de m\u00e1s de 1, 1 millones de personas que fueron asesinados, dos de cada tres jud\u00edos&nbsp; en Europa y millones de otras personas, fueron enviados a ghettos, campos de concentraci\u00f3n y exterminio, fueron [&hellip;]","og_url":"https:\/\/laprensacristiana.com\/?p=7956","og_site_name":"La Prensa Cristiana","article_published_time":"2020-01-27T20:45:11+00:00","article_modified_time":"2020-01-27T20:45:14+00:00","og_image":[{"width":680,"height":443,"url":"https:\/\/laprensacristiana.com\/wp-content\/uploads\/2020\/01\/WhatsApp-Image-2020-01-27-at-14.41.01.jpeg","type":"image\/jpeg"}],"author":"EDITOR","twitter_card":"summary_large_image","twitter_misc":{"Escrito por":"EDITOR","Tiempo de lectura":"1 minuto"},"schema":{"@context":"https:\/\/schema.org","@graph":[{"@type":"WebPage","@id":"https:\/\/laprensacristiana.com\/?p=7956","url":"https:\/\/laprensacristiana.com\/?p=7956","name":"Alrededor del mundo se conmemora los 75 a\u00f1os de la liberaci\u00f3n del Holocausto - La Prensa Cristiana","isPartOf":{"@id":"https:\/\/laprensacristiana.com\/#website"},"datePublished":"2020-01-27T20:45:11+00:00","dateModified":"2020-01-27T20:45:14+00:00","author":{"@id":"https:\/\/laprensacristiana.com\/#\/schema\/person\/3e7d82c6bfd6b1fa67010f8f7cd5256e"},"breadcrumb":{"@id":"https:\/\/laprensacristiana.com\/?p=7956#breadcrumb"},"inLanguage":"es","potentialAction":[{"@type":"ReadAction","target":["https:\/\/laprensacristiana.com\/?p=7956"]}]},{"@type":"BreadcrumbList","@id":"https:\/\/laprensacristiana.com\/?p=7956#breadcrumb","itemListElement":[{"@type":"ListItem","position":1,"name":"Portada","item":"https:\/\/laprensacristiana.com\/"},{"@type":"ListItem","position":2,"name":"Alrededor del mundo se conmemora los 75 a\u00f1os de la liberaci\u00f3n del Holocausto"}]},{"@type":"WebSite","@id":"https:\/\/laprensacristiana.com\/#website","url":"https:\/\/laprensacristiana.com\/","name":"La Prensa Cristiana","description":"Anunciando Las Buenas Nuevas","potentialAction":[{"@type":"SearchAction","target":{"@type":"EntryPoint","urlTemplate":"https:\/\/laprensacristiana.com\/?s={search_term_string}"},"query-input":"required name=search_term_string"}],"inLanguage":"es"},{"@type":"Person","@id":"https:\/\/laprensacristiana.com\/#\/schema\/person\/3e7d82c6bfd6b1fa67010f8f7cd5256e","name":"EDITOR","image":{"@type":"ImageObject","inLanguage":"es","@id":"https:\/\/laprensacristiana.com\/#\/schema\/person\/image\/","url":"https:\/\/secure.gravatar.com\/avatar\/72069dfb6c13772d9e8381e3638666d2?s=96&d=mm&r=g","contentUrl":"https:\/\/secure.gravatar.com\/avatar\/72069dfb6c13772d9e8381e3638666d2?s=96&d=mm&r=g","caption":"EDITOR"},"url":"https:\/\/laprensacristiana.com\/?author=3"}]}},"_links":{"self":[{"href":"https:\/\/laprensacristiana.com\/index.php?rest_route=\/wp\/v2\/posts\/7956"}],"collection":[{"href":"https:\/\/laprensacristiana.com\/index.php?rest_route=\/wp\/v2\/posts"}],"about":[{"href":"https:\/\/laprensacristiana.com\/index.php?rest_route=\/wp\/v2\/types\/post"}],"author":[{"embeddable":true,"href":"https:\/\/laprensacristiana.com\/index.php?rest_route=\/wp\/v2\/users\/3"}],"replies":[{"embeddable":true,"href":"https:\/\/laprensacristiana.com\/index.php?rest_route=%2Fwp%2Fv2%2Fcomments&post=7956"}],"version-history":[{"count":1,"href":"https:\/\/laprensacristiana.com\/index.php?rest_route=\/wp\/v2\/posts\/7956\/revisions"}],"predecessor-version":[{"id":7958,"href":"https:\/\/laprensacristiana.com\/index.php?rest_route=\/wp\/v2\/posts\/7956\/revisions\/7958"}],"wp:featuredmedia":[{"embeddable":true,"href":"https:\/\/laprensacristiana.com\/index.php?rest_route=\/wp\/v2\/media\/7957"}],"wp:attachment":[{"href":"https:\/\/laprensacristiana.com\/index.php?rest_route=%2Fwp%2Fv2%2Fmedia&parent=7956"}],"wp:term":[{"taxonomy":"category","embeddable":true,"href":"https:\/\/laprensacristiana.com\/index.php?rest_route=%2Fwp%2Fv2%2Fcategories&post=7956"},{"taxonomy":"post_tag","embeddable":true,"href":"https:\/\/laprensacristiana.com\/index.php?rest_route=%2Fwp%2Fv2%2Ftags&post=7956"}],"curies":[{"name":"wp","href":"https:\/\/api.w.org\/{rel}","templated":true}]}}