{"id":7959,"date":"2020-01-27T21:19:30","date_gmt":"2020-01-27T21:19:30","guid":{"rendered":"https:\/\/laprensacristiana.com\/?p=7959"},"modified":"2020-01-27T21:19:33","modified_gmt":"2020-01-27T21:19:33","slug":"el-legado-de-kobe-bryant","status":"publish","type":"post","link":"https:\/\/laprensacristiana.com\/?p=7959","title":{"rendered":"El legado de Kobe Bryant"},"content":{"rendered":"\n<p>El pastor y evangelista Alberto Mottesi habl\u00f3 sobre el\nlegado de Kobe&nbsp; Bryant quien el dia de\nayer su muerte conmocion\u00f3 al mundo, uno de los mejores jugadores de baloncesto\nquien a sus 41 a\u00f1os perdi\u00f3 la vida junto a su hija de 13 a\u00f1os en un accidente\nde helic\u00f3ptero.<\/p>\n\n\n\n<p>El pastor resaltaba que en todos los medios hablaron de\nmuchas caracter\u00edsticas sobre Kobe, hablaron de \u00e9l como una persona humilde, un\nhombre de familia y como alguien interesado en los m\u00e1s necesitados del mundo. <\/p>\n\n\n\n<p>Mottesi resalt\u00f3 que esas caracter\u00edsticas deber\u00edan ser las de\nun l\u00edder religioso, espiritual.<\/p>\n\n\n\n<p>\u201cSer una persona de familia, tener una actitud de humildad\nque pocos la tienen en el mundo religioso, algunos se creen la \u00faltima coca cola\ndel desierto, ayudar a los m\u00e1s necesitados del mundo, que Dios nos ayude a\ntener l\u00edderes de estas caracter\u00edsticas y l\u00edderes interesados en la necesidad de\nlos dem\u00e1s\u201d concluy\u00f3 Alberto Mottesi, Pastor y Evangelista.<\/p>\n","protected":false},"excerpt":{"rendered":"<p>El pastor y evangelista Alberto Mottesi habl\u00f3 sobre el legado de Kobe&nbsp; Bryant quien el dia de ayer su muerte conmocion\u00f3 al mundo, uno de los mejores jugadores de baloncesto quien a sus 41 a\u00f1os perdi\u00f3 la vida junto a su hija de 13 a\u00f1os en un accidente de helic\u00f3ptero. El pastor resaltaba que en [&hellip;]<\/p>\n","protected":false},"author":3,"featured_media":7960,"comment_status":"open","ping_status":"open","sticky":false,"template":"","format":"standard","meta":[],"categories":[56],"tags":[],"yoast_head":"<!-- This site is optimized with the Yoast SEO plugin v20.8 - https:\/\/yoast.com\/wordpress\/plugins\/seo\/ -->\n<title>El legado de Kobe Bryant - La Prensa Cristiana<\/title>\n<meta name=\"robots\" content=\"index, follow, max-snippet:-1, max-image-preview:large, max-video-preview:-1\" \/>\n<link rel=\"canonical\" href=\"https:\/\/laprensacristiana.com\/?p=7959\" \/>\n<meta property=\"og:locale\" content=\"es_ES\" \/>\n<meta property=\"og:type\" content=\"article\" \/>\n<meta property=\"og:title\" content=\"El legado de Kobe Bryant - La Prensa Cristiana\" \/>\n<meta property=\"og:description\" content=\"El pastor y evangelista Alberto Mottesi habl\u00f3 sobre el legado de Kobe&nbsp; Bryant quien el dia de ayer su muerte conmocion\u00f3 al mundo, uno de los mejores jugadores de baloncesto quien a sus 41 a\u00f1os perdi\u00f3 la vida junto a su hija de 13 a\u00f1os en un accidente de helic\u00f3ptero. El pastor resaltaba que en [&hellip;]\" \/>\n<meta property=\"og:url\" content=\"https:\/\/laprensacristiana.com\/?p=7959\" \/>\n<meta property=\"og:site_name\" content=\"La Prensa Cristiana\" \/>\n<meta property=\"article:published_time\" content=\"2020-01-27T21:19:30+00:00\" \/>\n<meta property=\"article:modified_time\" content=\"2020-01-27T21:19:33+00:00\" \/>\n<meta property=\"og:image\" content=\"https:\/\/laprensacristiana.com\/wp-content\/uploads\/2020\/01\/WhatsApp-Image-2020-01-27-at-15.02.57.jpeg\" \/>\n\t<meta property=\"og:image:width\" content=\"720\" \/>\n\t<meta property=\"og:image:height\" content=\"434\" \/>\n\t<meta property=\"og:image:type\" content=\"image\/jpeg\" \/>\n<meta name=\"author\" content=\"EDITOR\" \/>\n<meta name=\"twitter:card\" content=\"summary_large_image\" \/>\n<meta name=\"twitter:label1\" content=\"Escrito por\" \/>\n\t<meta name=\"twitter:data1\" content=\"EDITOR\" \/>\n\t<meta name=\"twitter:label2\" content=\"Tiempo de lectura\" \/>\n\t<meta name=\"twitter:data2\" content=\"1 minuto\" \/>\n<script type=\"application\/ld+json\" class=\"yoast-schema-graph\">{\"@context\":\"https:\/\/schema.org\",\"@graph\":[{\"@type\":\"WebPage\",\"@id\":\"https:\/\/laprensacristiana.com\/?p=7959\",\"url\":\"https:\/\/laprensacristiana.com\/?p=7959\",\"name\":\"El legado de Kobe Bryant - La Prensa Cristiana\",\"isPartOf\":{\"@id\":\"https:\/\/laprensacristiana.com\/#website\"},\"datePublished\":\"2020-01-27T21:19:30+00:00\",\"dateModified\":\"2020-01-27T21:19:33+00:00\",\"author\":{\"@id\":\"https:\/\/laprensacristiana.com\/#\/schema\/person\/3e7d82c6bfd6b1fa67010f8f7cd5256e\"},\"breadcrumb\":{\"@id\":\"https:\/\/laprensacristiana.com\/?p=7959#breadcrumb\"},\"inLanguage\":\"es\",\"potentialAction\":[{\"@type\":\"ReadAction\",\"target\":[\"https:\/\/laprensacristiana.com\/?p=7959\"]}]},{\"@type\":\"BreadcrumbList\",\"@id\":\"https:\/\/laprensacristiana.com\/?p=7959#breadcrumb\",\"itemListElement\":[{\"@type\":\"ListItem\",\"position\":1,\"name\":\"Portada\",\"item\":\"https:\/\/laprensacristiana.com\/\"},{\"@type\":\"ListItem\",\"position\":2,\"name\":\"El legado de Kobe Bryant\"}]},{\"@type\":\"WebSite\",\"@id\":\"https:\/\/laprensacristiana.com\/#website\",\"url\":\"https:\/\/laprensacristiana.com\/\",\"name\":\"La Prensa Cristiana\",\"description\":\"Anunciando Las Buenas Nuevas\",\"potentialAction\":[{\"@type\":\"SearchAction\",\"target\":{\"@type\":\"EntryPoint\",\"urlTemplate\":\"https:\/\/laprensacristiana.com\/?s={search_term_string}\"},\"query-input\":\"required name=search_term_string\"}],\"inLanguage\":\"es\"},{\"@type\":\"Person\",\"@id\":\"https:\/\/laprensacristiana.com\/#\/schema\/person\/3e7d82c6bfd6b1fa67010f8f7cd5256e\",\"name\":\"EDITOR\",\"image\":{\"@type\":\"ImageObject\",\"inLanguage\":\"es\",\"@id\":\"https:\/\/laprensacristiana.com\/#\/schema\/person\/image\/\",\"url\":\"https:\/\/secure.gravatar.com\/avatar\/72069dfb6c13772d9e8381e3638666d2?s=96&d=mm&r=g\",\"contentUrl\":\"https:\/\/secure.gravatar.com\/avatar\/72069dfb6c13772d9e8381e3638666d2?s=96&d=mm&r=g\",\"caption\":\"EDITOR\"},\"url\":\"https:\/\/laprensacristiana.com\/?author=3\"}]}<\/script>\n<!-- \/ Yoast SEO plugin. -->","yoast_head_json":{"title":"El legado de Kobe Bryant - La Prensa Cristiana","robots":{"index":"index","follow":"follow","max-snippet":"max-snippet:-1","max-image-preview":"max-image-preview:large","max-video-preview":"max-video-preview:-1"},"canonical":"https:\/\/laprensacristiana.com\/?p=7959","og_locale":"es_ES","og_type":"article","og_title":"El legado de Kobe Bryant - La Prensa Cristiana","og_description":"El pastor y evangelista Alberto Mottesi habl\u00f3 sobre el legado de Kobe&nbsp; Bryant quien el dia de ayer su muerte conmocion\u00f3 al mundo, uno de los mejores jugadores de baloncesto quien a sus 41 a\u00f1os perdi\u00f3 la vida junto a su hija de 13 a\u00f1os en un accidente de helic\u00f3ptero. El pastor resaltaba que en [&hellip;]","og_url":"https:\/\/laprensacristiana.com\/?p=7959","og_site_name":"La Prensa Cristiana","article_published_time":"2020-01-27T21:19:30+00:00","article_modified_time":"2020-01-27T21:19:33+00:00","og_image":[{"width":720,"height":434,"url":"https:\/\/laprensacristiana.com\/wp-content\/uploads\/2020\/01\/WhatsApp-Image-2020-01-27-at-15.02.57.jpeg","type":"image\/jpeg"}],"author":"EDITOR","twitter_card":"summary_large_image","twitter_misc":{"Escrito por":"EDITOR","Tiempo de lectura":"1 minuto"},"schema":{"@context":"https:\/\/schema.org","@graph":[{"@type":"WebPage","@id":"https:\/\/laprensacristiana.com\/?p=7959","url":"https:\/\/laprensacristiana.com\/?p=7959","name":"El legado de Kobe Bryant - La Prensa Cristiana","isPartOf":{"@id":"https:\/\/laprensacristiana.com\/#website"},"datePublished":"2020-01-27T21:19:30+00:00","dateModified":"2020-01-27T21:19:33+00:00","author":{"@id":"https:\/\/laprensacristiana.com\/#\/schema\/person\/3e7d82c6bfd6b1fa67010f8f7cd5256e"},"breadcrumb":{"@id":"https:\/\/laprensacristiana.com\/?p=7959#breadcrumb"},"inLanguage":"es","potentialAction":[{"@type":"ReadAction","target":["https:\/\/laprensacristiana.com\/?p=7959"]}]},{"@type":"BreadcrumbList","@id":"https:\/\/laprensacristiana.com\/?p=7959#breadcrumb","itemListElement":[{"@type":"ListItem","position":1,"name":"Portada","item":"https:\/\/laprensacristiana.com\/"},{"@type":"ListItem","position":2,"name":"El legado de Kobe Bryant"}]},{"@type":"WebSite","@id":"https:\/\/laprensacristiana.com\/#website","url":"https:\/\/laprensacristiana.com\/","name":"La Prensa Cristiana","description":"Anunciando Las Buenas Nuevas","potentialAction":[{"@type":"SearchAction","target":{"@type":"EntryPoint","urlTemplate":"https:\/\/laprensacristiana.com\/?s={search_term_string}"},"query-input":"required name=search_term_string"}],"inLanguage":"es"},{"@type":"Person","@id":"https:\/\/laprensacristiana.com\/#\/schema\/person\/3e7d82c6bfd6b1fa67010f8f7cd5256e","name":"EDITOR","image":{"@type":"ImageObject","inLanguage":"es","@id":"https:\/\/laprensacristiana.com\/#\/schema\/person\/image\/","url":"https:\/\/secure.gravatar.com\/avatar\/72069dfb6c13772d9e8381e3638666d2?s=96&d=mm&r=g","contentUrl":"https:\/\/secure.gravatar.com\/avatar\/72069dfb6c13772d9e8381e3638666d2?s=96&d=mm&r=g","caption":"EDITOR"},"url":"https:\/\/laprensacristiana.com\/?author=3"}]}},"_links":{"self":[{"href":"https:\/\/laprensacristiana.com\/index.php?rest_route=\/wp\/v2\/posts\/7959"}],"collection":[{"href":"https:\/\/laprensacristiana.com\/index.php?rest_route=\/wp\/v2\/posts"}],"about":[{"href":"https:\/\/laprensacristiana.com\/index.php?rest_route=\/wp\/v2\/types\/post"}],"author":[{"embeddable":true,"href":"https:\/\/laprensacristiana.com\/index.php?rest_route=\/wp\/v2\/users\/3"}],"replies":[{"embeddable":true,"href":"https:\/\/laprensacristiana.com\/index.php?rest_route=%2Fwp%2Fv2%2Fcomments&post=7959"}],"version-history":[{"count":1,"href":"https:\/\/laprensacristiana.com\/index.php?rest_route=\/wp\/v2\/posts\/7959\/revisions"}],"predecessor-version":[{"id":7961,"href":"https:\/\/laprensacristiana.com\/index.php?rest_route=\/wp\/v2\/posts\/7959\/revisions\/7961"}],"wp:featuredmedia":[{"embeddable":true,"href":"https:\/\/laprensacristiana.com\/index.php?rest_route=\/wp\/v2\/media\/7960"}],"wp:attachment":[{"href":"https:\/\/laprensacristiana.com\/index.php?rest_route=%2Fwp%2Fv2%2Fmedia&parent=7959"}],"wp:term":[{"taxonomy":"category","embeddable":true,"href":"https:\/\/laprensacristiana.com\/index.php?rest_route=%2Fwp%2Fv2%2Fcategories&post=7959"},{"taxonomy":"post_tag","embeddable":true,"href":"https:\/\/laprensacristiana.com\/index.php?rest_route=%2Fwp%2Fv2%2Ftags&post=7959"}],"curies":[{"name":"wp","href":"https:\/\/api.w.org\/{rel}","templated":true}]}}