{"id":7975,"date":"2020-01-28T00:42:37","date_gmt":"2020-01-28T00:42:37","guid":{"rendered":"https:\/\/laprensacristiana.com\/?p=7975"},"modified":"2020-01-28T00:42:40","modified_gmt":"2020-01-28T00:42:40","slug":"no-acompanamos-ninguna-modalidad-del-aborto-expresa-partido-politico-en-el-salvador","status":"publish","type":"post","link":"https:\/\/laprensacristiana.com\/?p=7975","title":{"rendered":"\u00abNo acompa\u00f1amos ninguna modalidad del aborto\u00bb expresa partido pol\u00edtico en El Salvador"},"content":{"rendered":"\n<p>Esta tarde se llev\u00f3 a cabo la reuni\u00f3n de la comisi\u00f3n: Mujer\ny la igualdad de G\u00e9nero para tratar temas de agenda como la reforma de la ley\nespecial integral para una vida libre de violencia para las mujeres, entre\notros temas. <\/p>\n\n\n\n<p>La diputada Karla Hern\u00e1ndez a&nbsp; trav\u00e9s de un video en Twitter dio a conocer\nla postura del partido pol\u00edtico al que pertenece (ARENA), enfatiz\u00f3 que son un\npartido conservador, que se rigen por el Articulo N5 de los estatutos que\nestablecen que el centro del partido es el individuo.<\/p>\n\n\n\n<p>\u201cNo acompa\u00f1amos ninguna modalidad del aborto, defendemos la\nvida desde la concepci\u00f3n, queremos trabajar en cuidar a las dos vidas\u201d expres\u00f3\nen su discurso la diputada Karla Hern\u00e1ndez.<\/p>\n\n\n\n<p>Tambi\u00e9n habl\u00f3 sobre la educaci\u00f3n sexual, que esta debe estar\na cargo de los padres y no del estado, en cuanto a las cuatro causales sobre las\nque los movimientos feministas fundamentan la aprobaci\u00f3n del aborto considera\nque el trauma de una ni\u00f1a violada no se resuelve a trav\u00e9s del aborto, m\u00e1s bien\nconsidera que se debe trabajar en la prevenci\u00f3n de la violencia desde los\nhogares.<\/p>\n","protected":false},"excerpt":{"rendered":"<p>Esta tarde se llev\u00f3 a cabo la reuni\u00f3n de la comisi\u00f3n: Mujer y la igualdad de G\u00e9nero para tratar temas de agenda como la reforma de la ley especial integral para una vida libre de violencia para las mujeres, entre otros temas. La diputada Karla Hern\u00e1ndez a&nbsp; trav\u00e9s de un video en Twitter dio a [&hellip;]<\/p>\n","protected":false},"author":3,"featured_media":7976,"comment_status":"open","ping_status":"open","sticky":false,"template":"","format":"standard","meta":[],"categories":[56],"tags":[],"yoast_head":"<!-- This site is optimized with the Yoast SEO plugin v20.8 - https:\/\/yoast.com\/wordpress\/plugins\/seo\/ -->\n<title>&quot;No acompa\u00f1amos ninguna modalidad del aborto&quot; expresa partido pol\u00edtico en El Salvador - La Prensa Cristiana<\/title>\n<meta name=\"robots\" content=\"index, follow, max-snippet:-1, max-image-preview:large, max-video-preview:-1\" \/>\n<link rel=\"canonical\" href=\"https:\/\/laprensacristiana.com\/?p=7975\" \/>\n<meta property=\"og:locale\" content=\"es_ES\" \/>\n<meta property=\"og:type\" content=\"article\" \/>\n<meta property=\"og:title\" content=\"&quot;No acompa\u00f1amos ninguna modalidad del aborto&quot; expresa partido pol\u00edtico en El Salvador - La Prensa Cristiana\" \/>\n<meta property=\"og:description\" content=\"Esta tarde se llev\u00f3 a cabo la reuni\u00f3n de la comisi\u00f3n: Mujer y la igualdad de G\u00e9nero para tratar temas de agenda como la reforma de la ley especial integral para una vida libre de violencia para las mujeres, entre otros temas. La diputada Karla Hern\u00e1ndez a&nbsp; trav\u00e9s de un video en Twitter dio a [&hellip;]\" \/>\n<meta property=\"og:url\" content=\"https:\/\/laprensacristiana.com\/?p=7975\" \/>\n<meta property=\"og:site_name\" content=\"La Prensa Cristiana\" \/>\n<meta property=\"article:published_time\" content=\"2020-01-28T00:42:37+00:00\" \/>\n<meta property=\"article:modified_time\" content=\"2020-01-28T00:42:40+00:00\" \/>\n<meta property=\"og:image\" content=\"https:\/\/laprensacristiana.com\/wp-content\/uploads\/2020\/01\/WhatsApp-Image-2020-01-27-at-18.15.13.jpeg\" \/>\n\t<meta property=\"og:image:width\" content=\"720\" \/>\n\t<meta property=\"og:image:height\" content=\"393\" \/>\n\t<meta property=\"og:image:type\" content=\"image\/jpeg\" \/>\n<meta name=\"author\" content=\"EDITOR\" \/>\n<meta name=\"twitter:card\" content=\"summary_large_image\" \/>\n<meta name=\"twitter:label1\" content=\"Escrito por\" \/>\n\t<meta name=\"twitter:data1\" content=\"EDITOR\" \/>\n\t<meta name=\"twitter:label2\" content=\"Tiempo de lectura\" \/>\n\t<meta name=\"twitter:data2\" content=\"1 minuto\" \/>\n<script type=\"application\/ld+json\" class=\"yoast-schema-graph\">{\"@context\":\"https:\/\/schema.org\",\"@graph\":[{\"@type\":\"WebPage\",\"@id\":\"https:\/\/laprensacristiana.com\/?p=7975\",\"url\":\"https:\/\/laprensacristiana.com\/?p=7975\",\"name\":\"\\\"No acompa\u00f1amos ninguna modalidad del aborto\\\" expresa partido pol\u00edtico en El Salvador - La Prensa Cristiana\",\"isPartOf\":{\"@id\":\"https:\/\/laprensacristiana.com\/#website\"},\"datePublished\":\"2020-01-28T00:42:37+00:00\",\"dateModified\":\"2020-01-28T00:42:40+00:00\",\"author\":{\"@id\":\"https:\/\/laprensacristiana.com\/#\/schema\/person\/3e7d82c6bfd6b1fa67010f8f7cd5256e\"},\"breadcrumb\":{\"@id\":\"https:\/\/laprensacristiana.com\/?p=7975#breadcrumb\"},\"inLanguage\":\"es\",\"potentialAction\":[{\"@type\":\"ReadAction\",\"target\":[\"https:\/\/laprensacristiana.com\/?p=7975\"]}]},{\"@type\":\"BreadcrumbList\",\"@id\":\"https:\/\/laprensacristiana.com\/?p=7975#breadcrumb\",\"itemListElement\":[{\"@type\":\"ListItem\",\"position\":1,\"name\":\"Portada\",\"item\":\"https:\/\/laprensacristiana.com\/\"},{\"@type\":\"ListItem\",\"position\":2,\"name\":\"\u00abNo acompa\u00f1amos ninguna modalidad del aborto\u00bb expresa partido pol\u00edtico en El Salvador\"}]},{\"@type\":\"WebSite\",\"@id\":\"https:\/\/laprensacristiana.com\/#website\",\"url\":\"https:\/\/laprensacristiana.com\/\",\"name\":\"La Prensa Cristiana\",\"description\":\"Anunciando Las Buenas Nuevas\",\"potentialAction\":[{\"@type\":\"SearchAction\",\"target\":{\"@type\":\"EntryPoint\",\"urlTemplate\":\"https:\/\/laprensacristiana.com\/?s={search_term_string}\"},\"query-input\":\"required name=search_term_string\"}],\"inLanguage\":\"es\"},{\"@type\":\"Person\",\"@id\":\"https:\/\/laprensacristiana.com\/#\/schema\/person\/3e7d82c6bfd6b1fa67010f8f7cd5256e\",\"name\":\"EDITOR\",\"image\":{\"@type\":\"ImageObject\",\"inLanguage\":\"es\",\"@id\":\"https:\/\/laprensacristiana.com\/#\/schema\/person\/image\/\",\"url\":\"https:\/\/secure.gravatar.com\/avatar\/72069dfb6c13772d9e8381e3638666d2?s=96&d=mm&r=g\",\"contentUrl\":\"https:\/\/secure.gravatar.com\/avatar\/72069dfb6c13772d9e8381e3638666d2?s=96&d=mm&r=g\",\"caption\":\"EDITOR\"},\"url\":\"https:\/\/laprensacristiana.com\/?author=3\"}]}<\/script>\n<!-- \/ Yoast SEO plugin. -->","yoast_head_json":{"title":"\"No acompa\u00f1amos ninguna modalidad del aborto\" expresa partido pol\u00edtico en El Salvador - La Prensa Cristiana","robots":{"index":"index","follow":"follow","max-snippet":"max-snippet:-1","max-image-preview":"max-image-preview:large","max-video-preview":"max-video-preview:-1"},"canonical":"https:\/\/laprensacristiana.com\/?p=7975","og_locale":"es_ES","og_type":"article","og_title":"\"No acompa\u00f1amos ninguna modalidad del aborto\" expresa partido pol\u00edtico en El Salvador - La Prensa Cristiana","og_description":"Esta tarde se llev\u00f3 a cabo la reuni\u00f3n de la comisi\u00f3n: Mujer y la igualdad de G\u00e9nero para tratar temas de agenda como la reforma de la ley especial integral para una vida libre de violencia para las mujeres, entre otros temas. La diputada Karla Hern\u00e1ndez a&nbsp; trav\u00e9s de un video en Twitter dio a [&hellip;]","og_url":"https:\/\/laprensacristiana.com\/?p=7975","og_site_name":"La Prensa Cristiana","article_published_time":"2020-01-28T00:42:37+00:00","article_modified_time":"2020-01-28T00:42:40+00:00","og_image":[{"width":720,"height":393,"url":"https:\/\/laprensacristiana.com\/wp-content\/uploads\/2020\/01\/WhatsApp-Image-2020-01-27-at-18.15.13.jpeg","type":"image\/jpeg"}],"author":"EDITOR","twitter_card":"summary_large_image","twitter_misc":{"Escrito por":"EDITOR","Tiempo de lectura":"1 minuto"},"schema":{"@context":"https:\/\/schema.org","@graph":[{"@type":"WebPage","@id":"https:\/\/laprensacristiana.com\/?p=7975","url":"https:\/\/laprensacristiana.com\/?p=7975","name":"\"No acompa\u00f1amos ninguna modalidad del aborto\" expresa partido pol\u00edtico en El Salvador - La Prensa Cristiana","isPartOf":{"@id":"https:\/\/laprensacristiana.com\/#website"},"datePublished":"2020-01-28T00:42:37+00:00","dateModified":"2020-01-28T00:42:40+00:00","author":{"@id":"https:\/\/laprensacristiana.com\/#\/schema\/person\/3e7d82c6bfd6b1fa67010f8f7cd5256e"},"breadcrumb":{"@id":"https:\/\/laprensacristiana.com\/?p=7975#breadcrumb"},"inLanguage":"es","potentialAction":[{"@type":"ReadAction","target":["https:\/\/laprensacristiana.com\/?p=7975"]}]},{"@type":"BreadcrumbList","@id":"https:\/\/laprensacristiana.com\/?p=7975#breadcrumb","itemListElement":[{"@type":"ListItem","position":1,"name":"Portada","item":"https:\/\/laprensacristiana.com\/"},{"@type":"ListItem","position":2,"name":"\u00abNo acompa\u00f1amos ninguna modalidad del aborto\u00bb expresa partido pol\u00edtico en El Salvador"}]},{"@type":"WebSite","@id":"https:\/\/laprensacristiana.com\/#website","url":"https:\/\/laprensacristiana.com\/","name":"La Prensa Cristiana","description":"Anunciando Las Buenas Nuevas","potentialAction":[{"@type":"SearchAction","target":{"@type":"EntryPoint","urlTemplate":"https:\/\/laprensacristiana.com\/?s={search_term_string}"},"query-input":"required name=search_term_string"}],"inLanguage":"es"},{"@type":"Person","@id":"https:\/\/laprensacristiana.com\/#\/schema\/person\/3e7d82c6bfd6b1fa67010f8f7cd5256e","name":"EDITOR","image":{"@type":"ImageObject","inLanguage":"es","@id":"https:\/\/laprensacristiana.com\/#\/schema\/person\/image\/","url":"https:\/\/secure.gravatar.com\/avatar\/72069dfb6c13772d9e8381e3638666d2?s=96&d=mm&r=g","contentUrl":"https:\/\/secure.gravatar.com\/avatar\/72069dfb6c13772d9e8381e3638666d2?s=96&d=mm&r=g","caption":"EDITOR"},"url":"https:\/\/laprensacristiana.com\/?author=3"}]}},"_links":{"self":[{"href":"https:\/\/laprensacristiana.com\/index.php?rest_route=\/wp\/v2\/posts\/7975"}],"collection":[{"href":"https:\/\/laprensacristiana.com\/index.php?rest_route=\/wp\/v2\/posts"}],"about":[{"href":"https:\/\/laprensacristiana.com\/index.php?rest_route=\/wp\/v2\/types\/post"}],"author":[{"embeddable":true,"href":"https:\/\/laprensacristiana.com\/index.php?rest_route=\/wp\/v2\/users\/3"}],"replies":[{"embeddable":true,"href":"https:\/\/laprensacristiana.com\/index.php?rest_route=%2Fwp%2Fv2%2Fcomments&post=7975"}],"version-history":[{"count":1,"href":"https:\/\/laprensacristiana.com\/index.php?rest_route=\/wp\/v2\/posts\/7975\/revisions"}],"predecessor-version":[{"id":7977,"href":"https:\/\/laprensacristiana.com\/index.php?rest_route=\/wp\/v2\/posts\/7975\/revisions\/7977"}],"wp:featuredmedia":[{"embeddable":true,"href":"https:\/\/laprensacristiana.com\/index.php?rest_route=\/wp\/v2\/media\/7976"}],"wp:attachment":[{"href":"https:\/\/laprensacristiana.com\/index.php?rest_route=%2Fwp%2Fv2%2Fmedia&parent=7975"}],"wp:term":[{"taxonomy":"category","embeddable":true,"href":"https:\/\/laprensacristiana.com\/index.php?rest_route=%2Fwp%2Fv2%2Fcategories&post=7975"},{"taxonomy":"post_tag","embeddable":true,"href":"https:\/\/laprensacristiana.com\/index.php?rest_route=%2Fwp%2Fv2%2Ftags&post=7975"}],"curies":[{"name":"wp","href":"https:\/\/api.w.org\/{rel}","templated":true}]}}