{"id":7990,"date":"2020-01-29T22:04:25","date_gmt":"2020-01-29T22:04:25","guid":{"rendered":"https:\/\/laprensacristiana.com\/?p=7990"},"modified":"2020-01-29T22:04:28","modified_gmt":"2020-01-29T22:04:28","slug":"los-cristianos-gente-debil-y-sin-formacion-expresa-politico-dominicano","status":"publish","type":"post","link":"https:\/\/laprensacristiana.com\/?p=7990","title":{"rendered":"\u201cLos Cristianos\u201d gente d\u00e9bil y sin formaci\u00f3n expresa pol\u00edtico dominicano"},"content":{"rendered":"\n<p>El comentario de Tony Raful, un pol\u00edtico y poeta, padre de\nFaride Raful quien es diputada por el Partido Revolucionario Moderno, ha creado\ncontroversia despu\u00e9s que su hija expres\u00f3 que el promover la lectura de la\nbiblia en las escuelas era faltar a la constituci\u00f3n ya que Republica Dominicana\nse constituye un estado laico. <\/p>\n\n\n\n<p>El pasado 01 de enero en un evento que reuni\u00f3 alrededor de\n60,000 personas en el Estadio Ol\u00edmpico el pastor Ezequiel Molina Jr de la\niglesia Centro de Restauraci\u00f3n Espiritual Mahanaim en Rep\u00fablica Dominicana abiertamente\nen su mensaje levant\u00f3 su vos y exhort\u00f3 a los asistentes a abstenerse de votar\nen la pr\u00f3ximas elecciones por personas que vayan en contra del reino de Dios,\nque han robado el arca del estado, a los que se oponen a la lectura de la\nbiblia y apoyan la agenda LGTB. <\/p>\n\n\n\n<p>A lo que Tony Raful respondio que se estaba usando a la\niglesia para sembrar odio y confundir a las personas:<\/p>\n\n\n\n<p>\u201cSe apoyan de gente d\u00e9bil, sin formaci\u00f3n, ni suficiente capacidad de discernir el bien del mal. Es el pensamiento unilateral, absoluto, perverso\u201d<\/p>\n\n\n\n<figure class=\"wp-block-image\"><img decoding=\"async\" loading=\"lazy\" width=\"720\" height=\"700\" src=\"https:\/\/laprensacristiana.com\/wp-content\/uploads\/2020\/01\/WhatsApp-Image-2020-01-29-at-16.00.17-1.jpeg\" alt=\"\" class=\"wp-image-7993\" srcset=\"https:\/\/laprensacristiana.com\/wp-content\/uploads\/2020\/01\/WhatsApp-Image-2020-01-29-at-16.00.17-1.jpeg 720w, https:\/\/laprensacristiana.com\/wp-content\/uploads\/2020\/01\/WhatsApp-Image-2020-01-29-at-16.00.17-1-300x292.jpeg 300w, https:\/\/laprensacristiana.com\/wp-content\/uploads\/2020\/01\/WhatsApp-Image-2020-01-29-at-16.00.17-1-696x677.jpeg 696w, https:\/\/laprensacristiana.com\/wp-content\/uploads\/2020\/01\/WhatsApp-Image-2020-01-29-at-16.00.17-1-432x420.jpeg 432w, https:\/\/laprensacristiana.com\/wp-content\/uploads\/2020\/01\/WhatsApp-Image-2020-01-29-at-16.00.17-1-600x583.jpeg 600w\" sizes=\"(max-width: 720px) 100vw, 720px\" \/><\/figure>\n\n\n\n<p>Las elecciones en Rep\u00fablica Dominicana para el periodo\n2020-2024 se llevaran a cabo el domingo 17 de mayo, para elegir al nuevo\npresidente de la rep\u00fablica, a los senadores y diputados.<\/p>\n","protected":false},"excerpt":{"rendered":"<p>El comentario de Tony Raful, un pol\u00edtico y poeta, padre de Faride Raful quien es diputada por el Partido Revolucionario Moderno, ha creado controversia despu\u00e9s que su hija expres\u00f3 que el promover la lectura de la biblia en las escuelas era faltar a la constituci\u00f3n ya que Republica Dominicana se constituye un estado laico. El [&hellip;]<\/p>\n","protected":false},"author":3,"featured_media":7992,"comment_status":"open","ping_status":"open","sticky":false,"template":"","format":"standard","meta":[],"categories":[56],"tags":[],"yoast_head":"<!-- This site is optimized with the Yoast SEO plugin v20.8 - https:\/\/yoast.com\/wordpress\/plugins\/seo\/ -->\n<title>\u201cLos Cristianos\u201d gente d\u00e9bil y sin formaci\u00f3n expresa pol\u00edtico dominicano - La Prensa Cristiana<\/title>\n<meta name=\"robots\" content=\"index, follow, max-snippet:-1, max-image-preview:large, max-video-preview:-1\" \/>\n<link rel=\"canonical\" href=\"https:\/\/laprensacristiana.com\/?p=7990\" \/>\n<meta property=\"og:locale\" content=\"es_ES\" \/>\n<meta property=\"og:type\" content=\"article\" \/>\n<meta property=\"og:title\" content=\"\u201cLos Cristianos\u201d gente d\u00e9bil y sin formaci\u00f3n expresa pol\u00edtico dominicano - La Prensa Cristiana\" \/>\n<meta property=\"og:description\" content=\"El comentario de Tony Raful, un pol\u00edtico y poeta, padre de Faride Raful quien es diputada por el Partido Revolucionario Moderno, ha creado controversia despu\u00e9s que su hija expres\u00f3 que el promover la lectura de la biblia en las escuelas era faltar a la constituci\u00f3n ya que Republica Dominicana se constituye un estado laico. El [&hellip;]\" \/>\n<meta property=\"og:url\" content=\"https:\/\/laprensacristiana.com\/?p=7990\" \/>\n<meta property=\"og:site_name\" content=\"La Prensa Cristiana\" \/>\n<meta property=\"article:published_time\" content=\"2020-01-29T22:04:25+00:00\" \/>\n<meta property=\"article:modified_time\" content=\"2020-01-29T22:04:28+00:00\" \/>\n<meta property=\"og:image\" content=\"https:\/\/laprensacristiana.com\/wp-content\/uploads\/2020\/01\/WhatsApp-Image-2020-01-29-at-16.02.25.jpeg\" \/>\n\t<meta property=\"og:image:width\" content=\"720\" \/>\n\t<meta property=\"og:image:height\" content=\"529\" \/>\n\t<meta property=\"og:image:type\" content=\"image\/jpeg\" \/>\n<meta name=\"author\" content=\"EDITOR\" \/>\n<meta name=\"twitter:card\" content=\"summary_large_image\" \/>\n<meta name=\"twitter:label1\" content=\"Escrito por\" \/>\n\t<meta name=\"twitter:data1\" content=\"EDITOR\" \/>\n\t<meta name=\"twitter:label2\" content=\"Tiempo de lectura\" \/>\n\t<meta name=\"twitter:data2\" content=\"1 minuto\" \/>\n<script type=\"application\/ld+json\" class=\"yoast-schema-graph\">{\"@context\":\"https:\/\/schema.org\",\"@graph\":[{\"@type\":\"WebPage\",\"@id\":\"https:\/\/laprensacristiana.com\/?p=7990\",\"url\":\"https:\/\/laprensacristiana.com\/?p=7990\",\"name\":\"\u201cLos Cristianos\u201d gente d\u00e9bil y sin formaci\u00f3n expresa pol\u00edtico dominicano - La Prensa Cristiana\",\"isPartOf\":{\"@id\":\"https:\/\/laprensacristiana.com\/#website\"},\"datePublished\":\"2020-01-29T22:04:25+00:00\",\"dateModified\":\"2020-01-29T22:04:28+00:00\",\"author\":{\"@id\":\"https:\/\/laprensacristiana.com\/#\/schema\/person\/3e7d82c6bfd6b1fa67010f8f7cd5256e\"},\"breadcrumb\":{\"@id\":\"https:\/\/laprensacristiana.com\/?p=7990#breadcrumb\"},\"inLanguage\":\"es\",\"potentialAction\":[{\"@type\":\"ReadAction\",\"target\":[\"https:\/\/laprensacristiana.com\/?p=7990\"]}]},{\"@type\":\"BreadcrumbList\",\"@id\":\"https:\/\/laprensacristiana.com\/?p=7990#breadcrumb\",\"itemListElement\":[{\"@type\":\"ListItem\",\"position\":1,\"name\":\"Portada\",\"item\":\"https:\/\/laprensacristiana.com\/\"},{\"@type\":\"ListItem\",\"position\":2,\"name\":\"\u201cLos Cristianos\u201d gente d\u00e9bil y sin formaci\u00f3n expresa pol\u00edtico dominicano\"}]},{\"@type\":\"WebSite\",\"@id\":\"https:\/\/laprensacristiana.com\/#website\",\"url\":\"https:\/\/laprensacristiana.com\/\",\"name\":\"La Prensa Cristiana\",\"description\":\"Anunciando Las Buenas Nuevas\",\"potentialAction\":[{\"@type\":\"SearchAction\",\"target\":{\"@type\":\"EntryPoint\",\"urlTemplate\":\"https:\/\/laprensacristiana.com\/?s={search_term_string}\"},\"query-input\":\"required name=search_term_string\"}],\"inLanguage\":\"es\"},{\"@type\":\"Person\",\"@id\":\"https:\/\/laprensacristiana.com\/#\/schema\/person\/3e7d82c6bfd6b1fa67010f8f7cd5256e\",\"name\":\"EDITOR\",\"image\":{\"@type\":\"ImageObject\",\"inLanguage\":\"es\",\"@id\":\"https:\/\/laprensacristiana.com\/#\/schema\/person\/image\/\",\"url\":\"https:\/\/secure.gravatar.com\/avatar\/72069dfb6c13772d9e8381e3638666d2?s=96&d=mm&r=g\",\"contentUrl\":\"https:\/\/secure.gravatar.com\/avatar\/72069dfb6c13772d9e8381e3638666d2?s=96&d=mm&r=g\",\"caption\":\"EDITOR\"},\"url\":\"https:\/\/laprensacristiana.com\/?author=3\"}]}<\/script>\n<!-- \/ Yoast SEO plugin. -->","yoast_head_json":{"title":"\u201cLos Cristianos\u201d gente d\u00e9bil y sin formaci\u00f3n expresa pol\u00edtico dominicano - La Prensa Cristiana","robots":{"index":"index","follow":"follow","max-snippet":"max-snippet:-1","max-image-preview":"max-image-preview:large","max-video-preview":"max-video-preview:-1"},"canonical":"https:\/\/laprensacristiana.com\/?p=7990","og_locale":"es_ES","og_type":"article","og_title":"\u201cLos Cristianos\u201d gente d\u00e9bil y sin formaci\u00f3n expresa pol\u00edtico dominicano - La Prensa Cristiana","og_description":"El comentario de Tony Raful, un pol\u00edtico y poeta, padre de Faride Raful quien es diputada por el Partido Revolucionario Moderno, ha creado controversia despu\u00e9s que su hija expres\u00f3 que el promover la lectura de la biblia en las escuelas era faltar a la constituci\u00f3n ya que Republica Dominicana se constituye un estado laico. El [&hellip;]","og_url":"https:\/\/laprensacristiana.com\/?p=7990","og_site_name":"La Prensa Cristiana","article_published_time":"2020-01-29T22:04:25+00:00","article_modified_time":"2020-01-29T22:04:28+00:00","og_image":[{"width":720,"height":529,"url":"https:\/\/laprensacristiana.com\/wp-content\/uploads\/2020\/01\/WhatsApp-Image-2020-01-29-at-16.02.25.jpeg","type":"image\/jpeg"}],"author":"EDITOR","twitter_card":"summary_large_image","twitter_misc":{"Escrito por":"EDITOR","Tiempo de lectura":"1 minuto"},"schema":{"@context":"https:\/\/schema.org","@graph":[{"@type":"WebPage","@id":"https:\/\/laprensacristiana.com\/?p=7990","url":"https:\/\/laprensacristiana.com\/?p=7990","name":"\u201cLos Cristianos\u201d gente d\u00e9bil y sin formaci\u00f3n expresa pol\u00edtico dominicano - La Prensa Cristiana","isPartOf":{"@id":"https:\/\/laprensacristiana.com\/#website"},"datePublished":"2020-01-29T22:04:25+00:00","dateModified":"2020-01-29T22:04:28+00:00","author":{"@id":"https:\/\/laprensacristiana.com\/#\/schema\/person\/3e7d82c6bfd6b1fa67010f8f7cd5256e"},"breadcrumb":{"@id":"https:\/\/laprensacristiana.com\/?p=7990#breadcrumb"},"inLanguage":"es","potentialAction":[{"@type":"ReadAction","target":["https:\/\/laprensacristiana.com\/?p=7990"]}]},{"@type":"BreadcrumbList","@id":"https:\/\/laprensacristiana.com\/?p=7990#breadcrumb","itemListElement":[{"@type":"ListItem","position":1,"name":"Portada","item":"https:\/\/laprensacristiana.com\/"},{"@type":"ListItem","position":2,"name":"\u201cLos Cristianos\u201d gente d\u00e9bil y sin formaci\u00f3n expresa pol\u00edtico dominicano"}]},{"@type":"WebSite","@id":"https:\/\/laprensacristiana.com\/#website","url":"https:\/\/laprensacristiana.com\/","name":"La Prensa Cristiana","description":"Anunciando Las Buenas Nuevas","potentialAction":[{"@type":"SearchAction","target":{"@type":"EntryPoint","urlTemplate":"https:\/\/laprensacristiana.com\/?s={search_term_string}"},"query-input":"required name=search_term_string"}],"inLanguage":"es"},{"@type":"Person","@id":"https:\/\/laprensacristiana.com\/#\/schema\/person\/3e7d82c6bfd6b1fa67010f8f7cd5256e","name":"EDITOR","image":{"@type":"ImageObject","inLanguage":"es","@id":"https:\/\/laprensacristiana.com\/#\/schema\/person\/image\/","url":"https:\/\/secure.gravatar.com\/avatar\/72069dfb6c13772d9e8381e3638666d2?s=96&d=mm&r=g","contentUrl":"https:\/\/secure.gravatar.com\/avatar\/72069dfb6c13772d9e8381e3638666d2?s=96&d=mm&r=g","caption":"EDITOR"},"url":"https:\/\/laprensacristiana.com\/?author=3"}]}},"_links":{"self":[{"href":"https:\/\/laprensacristiana.com\/index.php?rest_route=\/wp\/v2\/posts\/7990"}],"collection":[{"href":"https:\/\/laprensacristiana.com\/index.php?rest_route=\/wp\/v2\/posts"}],"about":[{"href":"https:\/\/laprensacristiana.com\/index.php?rest_route=\/wp\/v2\/types\/post"}],"author":[{"embeddable":true,"href":"https:\/\/laprensacristiana.com\/index.php?rest_route=\/wp\/v2\/users\/3"}],"replies":[{"embeddable":true,"href":"https:\/\/laprensacristiana.com\/index.php?rest_route=%2Fwp%2Fv2%2Fcomments&post=7990"}],"version-history":[{"count":1,"href":"https:\/\/laprensacristiana.com\/index.php?rest_route=\/wp\/v2\/posts\/7990\/revisions"}],"predecessor-version":[{"id":7994,"href":"https:\/\/laprensacristiana.com\/index.php?rest_route=\/wp\/v2\/posts\/7990\/revisions\/7994"}],"wp:featuredmedia":[{"embeddable":true,"href":"https:\/\/laprensacristiana.com\/index.php?rest_route=\/wp\/v2\/media\/7992"}],"wp:attachment":[{"href":"https:\/\/laprensacristiana.com\/index.php?rest_route=%2Fwp%2Fv2%2Fmedia&parent=7990"}],"wp:term":[{"taxonomy":"category","embeddable":true,"href":"https:\/\/laprensacristiana.com\/index.php?rest_route=%2Fwp%2Fv2%2Fcategories&post=7990"},{"taxonomy":"post_tag","embeddable":true,"href":"https:\/\/laprensacristiana.com\/index.php?rest_route=%2Fwp%2Fv2%2Ftags&post=7990"}],"curies":[{"name":"wp","href":"https:\/\/api.w.org\/{rel}","templated":true}]}}