{"id":7995,"date":"2020-01-29T22:48:03","date_gmt":"2020-01-29T22:48:03","guid":{"rendered":"https:\/\/laprensacristiana.com\/?p=7995"},"modified":"2020-01-29T22:48:06","modified_gmt":"2020-01-29T22:48:06","slug":"evangelicos-se-manifestaran-manana-en-contra-del-matrimonio-igualitario-en-veracruz-mx","status":"publish","type":"post","link":"https:\/\/laprensacristiana.com\/?p=7995","title":{"rendered":"Evang\u00e9licos se manifestar\u00e1n ma\u00f1ana en contra del matrimonio igualitario en Veracruz MX"},"content":{"rendered":"\n<p>El d\u00eda de ma\u00f1ana diferentes organizaciones en pro de la\nfamilia, entre ellas \u201cLa Red Evang\u00e9lica de Veracruz\u201d acudir\u00e1n al foro reforma\nal C\u00f3digo Civil en forma de protesta en&nbsp;\ncontra de la aprobaci\u00f3n de la reforma que plantea el aval de los\nmatrimonios igualitarios en el estado de Veracruz, M\u00e9xico.<\/p>\n\n\n\n<p>\u201cNuestra postura es bajo los principios de Dios, Dios\nconstituy\u00f3 a la familia, mujer y hombre. Respetamos a todos aquellos que tengan\notro tipo de preferencia, pero no se puede convertir en ley. No estamos a\nfavor\u201d expres\u00f3 el presidente de La Red Evang\u00e9lica de Veracruz, Guillermo\nTrujillo en una conferencia de prensa.<\/p>\n","protected":false},"excerpt":{"rendered":"<p>El d\u00eda de ma\u00f1ana diferentes organizaciones en pro de la familia, entre ellas \u201cLa Red Evang\u00e9lica de Veracruz\u201d acudir\u00e1n al foro reforma al C\u00f3digo Civil en forma de protesta en&nbsp; contra de la aprobaci\u00f3n de la reforma que plantea el aval de los matrimonios igualitarios en el estado de Veracruz, M\u00e9xico. \u201cNuestra postura es bajo [&hellip;]<\/p>\n","protected":false},"author":3,"featured_media":7996,"comment_status":"open","ping_status":"open","sticky":false,"template":"","format":"standard","meta":[],"categories":[56],"tags":[],"yoast_head":"<!-- This site is optimized with the Yoast SEO plugin v20.8 - https:\/\/yoast.com\/wordpress\/plugins\/seo\/ -->\n<title>Evang\u00e9licos se manifestar\u00e1n ma\u00f1ana en contra del matrimonio igualitario en Veracruz MX - La Prensa Cristiana<\/title>\n<meta name=\"robots\" content=\"index, follow, max-snippet:-1, max-image-preview:large, max-video-preview:-1\" \/>\n<link rel=\"canonical\" href=\"https:\/\/laprensacristiana.com\/?p=7995\" \/>\n<meta property=\"og:locale\" content=\"es_ES\" \/>\n<meta property=\"og:type\" content=\"article\" \/>\n<meta property=\"og:title\" content=\"Evang\u00e9licos se manifestar\u00e1n ma\u00f1ana en contra del matrimonio igualitario en Veracruz MX - La Prensa Cristiana\" \/>\n<meta property=\"og:description\" content=\"El d\u00eda de ma\u00f1ana diferentes organizaciones en pro de la familia, entre ellas \u201cLa Red Evang\u00e9lica de Veracruz\u201d acudir\u00e1n al foro reforma al C\u00f3digo Civil en forma de protesta en&nbsp; contra de la aprobaci\u00f3n de la reforma que plantea el aval de los matrimonios igualitarios en el estado de Veracruz, M\u00e9xico. \u201cNuestra postura es bajo [&hellip;]\" \/>\n<meta property=\"og:url\" content=\"https:\/\/laprensacristiana.com\/?p=7995\" \/>\n<meta property=\"og:site_name\" content=\"La Prensa Cristiana\" \/>\n<meta property=\"article:published_time\" content=\"2020-01-29T22:48:03+00:00\" \/>\n<meta property=\"article:modified_time\" content=\"2020-01-29T22:48:06+00:00\" \/>\n<meta property=\"og:image\" content=\"https:\/\/laprensacristiana.com\/wp-content\/uploads\/2020\/01\/WhatsApp-Image-2020-01-29-at-16.36.31.jpeg\" \/>\n\t<meta property=\"og:image:width\" content=\"720\" \/>\n\t<meta property=\"og:image:height\" content=\"427\" \/>\n\t<meta property=\"og:image:type\" content=\"image\/jpeg\" \/>\n<meta name=\"author\" content=\"EDITOR\" \/>\n<meta name=\"twitter:card\" content=\"summary_large_image\" \/>\n<meta name=\"twitter:label1\" content=\"Escrito por\" \/>\n\t<meta name=\"twitter:data1\" content=\"EDITOR\" \/>\n\t<meta name=\"twitter:label2\" content=\"Tiempo de lectura\" \/>\n\t<meta name=\"twitter:data2\" content=\"1 minuto\" \/>\n<script type=\"application\/ld+json\" class=\"yoast-schema-graph\">{\"@context\":\"https:\/\/schema.org\",\"@graph\":[{\"@type\":\"WebPage\",\"@id\":\"https:\/\/laprensacristiana.com\/?p=7995\",\"url\":\"https:\/\/laprensacristiana.com\/?p=7995\",\"name\":\"Evang\u00e9licos se manifestar\u00e1n ma\u00f1ana en contra del matrimonio igualitario en Veracruz MX - La Prensa Cristiana\",\"isPartOf\":{\"@id\":\"https:\/\/laprensacristiana.com\/#website\"},\"datePublished\":\"2020-01-29T22:48:03+00:00\",\"dateModified\":\"2020-01-29T22:48:06+00:00\",\"author\":{\"@id\":\"https:\/\/laprensacristiana.com\/#\/schema\/person\/3e7d82c6bfd6b1fa67010f8f7cd5256e\"},\"breadcrumb\":{\"@id\":\"https:\/\/laprensacristiana.com\/?p=7995#breadcrumb\"},\"inLanguage\":\"es\",\"potentialAction\":[{\"@type\":\"ReadAction\",\"target\":[\"https:\/\/laprensacristiana.com\/?p=7995\"]}]},{\"@type\":\"BreadcrumbList\",\"@id\":\"https:\/\/laprensacristiana.com\/?p=7995#breadcrumb\",\"itemListElement\":[{\"@type\":\"ListItem\",\"position\":1,\"name\":\"Portada\",\"item\":\"https:\/\/laprensacristiana.com\/\"},{\"@type\":\"ListItem\",\"position\":2,\"name\":\"Evang\u00e9licos se manifestar\u00e1n ma\u00f1ana en contra del matrimonio igualitario en Veracruz MX\"}]},{\"@type\":\"WebSite\",\"@id\":\"https:\/\/laprensacristiana.com\/#website\",\"url\":\"https:\/\/laprensacristiana.com\/\",\"name\":\"La Prensa Cristiana\",\"description\":\"Anunciando Las Buenas Nuevas\",\"potentialAction\":[{\"@type\":\"SearchAction\",\"target\":{\"@type\":\"EntryPoint\",\"urlTemplate\":\"https:\/\/laprensacristiana.com\/?s={search_term_string}\"},\"query-input\":\"required name=search_term_string\"}],\"inLanguage\":\"es\"},{\"@type\":\"Person\",\"@id\":\"https:\/\/laprensacristiana.com\/#\/schema\/person\/3e7d82c6bfd6b1fa67010f8f7cd5256e\",\"name\":\"EDITOR\",\"image\":{\"@type\":\"ImageObject\",\"inLanguage\":\"es\",\"@id\":\"https:\/\/laprensacristiana.com\/#\/schema\/person\/image\/\",\"url\":\"https:\/\/secure.gravatar.com\/avatar\/72069dfb6c13772d9e8381e3638666d2?s=96&d=mm&r=g\",\"contentUrl\":\"https:\/\/secure.gravatar.com\/avatar\/72069dfb6c13772d9e8381e3638666d2?s=96&d=mm&r=g\",\"caption\":\"EDITOR\"},\"url\":\"https:\/\/laprensacristiana.com\/?author=3\"}]}<\/script>\n<!-- \/ Yoast SEO plugin. -->","yoast_head_json":{"title":"Evang\u00e9licos se manifestar\u00e1n ma\u00f1ana en contra del matrimonio igualitario en Veracruz MX - La Prensa Cristiana","robots":{"index":"index","follow":"follow","max-snippet":"max-snippet:-1","max-image-preview":"max-image-preview:large","max-video-preview":"max-video-preview:-1"},"canonical":"https:\/\/laprensacristiana.com\/?p=7995","og_locale":"es_ES","og_type":"article","og_title":"Evang\u00e9licos se manifestar\u00e1n ma\u00f1ana en contra del matrimonio igualitario en Veracruz MX - La Prensa Cristiana","og_description":"El d\u00eda de ma\u00f1ana diferentes organizaciones en pro de la familia, entre ellas \u201cLa Red Evang\u00e9lica de Veracruz\u201d acudir\u00e1n al foro reforma al C\u00f3digo Civil en forma de protesta en&nbsp; contra de la aprobaci\u00f3n de la reforma que plantea el aval de los matrimonios igualitarios en el estado de Veracruz, M\u00e9xico. \u201cNuestra postura es bajo [&hellip;]","og_url":"https:\/\/laprensacristiana.com\/?p=7995","og_site_name":"La Prensa Cristiana","article_published_time":"2020-01-29T22:48:03+00:00","article_modified_time":"2020-01-29T22:48:06+00:00","og_image":[{"width":720,"height":427,"url":"https:\/\/laprensacristiana.com\/wp-content\/uploads\/2020\/01\/WhatsApp-Image-2020-01-29-at-16.36.31.jpeg","type":"image\/jpeg"}],"author":"EDITOR","twitter_card":"summary_large_image","twitter_misc":{"Escrito por":"EDITOR","Tiempo de lectura":"1 minuto"},"schema":{"@context":"https:\/\/schema.org","@graph":[{"@type":"WebPage","@id":"https:\/\/laprensacristiana.com\/?p=7995","url":"https:\/\/laprensacristiana.com\/?p=7995","name":"Evang\u00e9licos se manifestar\u00e1n ma\u00f1ana en contra del matrimonio igualitario en Veracruz MX - La Prensa Cristiana","isPartOf":{"@id":"https:\/\/laprensacristiana.com\/#website"},"datePublished":"2020-01-29T22:48:03+00:00","dateModified":"2020-01-29T22:48:06+00:00","author":{"@id":"https:\/\/laprensacristiana.com\/#\/schema\/person\/3e7d82c6bfd6b1fa67010f8f7cd5256e"},"breadcrumb":{"@id":"https:\/\/laprensacristiana.com\/?p=7995#breadcrumb"},"inLanguage":"es","potentialAction":[{"@type":"ReadAction","target":["https:\/\/laprensacristiana.com\/?p=7995"]}]},{"@type":"BreadcrumbList","@id":"https:\/\/laprensacristiana.com\/?p=7995#breadcrumb","itemListElement":[{"@type":"ListItem","position":1,"name":"Portada","item":"https:\/\/laprensacristiana.com\/"},{"@type":"ListItem","position":2,"name":"Evang\u00e9licos se manifestar\u00e1n ma\u00f1ana en contra del matrimonio igualitario en Veracruz MX"}]},{"@type":"WebSite","@id":"https:\/\/laprensacristiana.com\/#website","url":"https:\/\/laprensacristiana.com\/","name":"La Prensa Cristiana","description":"Anunciando Las Buenas Nuevas","potentialAction":[{"@type":"SearchAction","target":{"@type":"EntryPoint","urlTemplate":"https:\/\/laprensacristiana.com\/?s={search_term_string}"},"query-input":"required name=search_term_string"}],"inLanguage":"es"},{"@type":"Person","@id":"https:\/\/laprensacristiana.com\/#\/schema\/person\/3e7d82c6bfd6b1fa67010f8f7cd5256e","name":"EDITOR","image":{"@type":"ImageObject","inLanguage":"es","@id":"https:\/\/laprensacristiana.com\/#\/schema\/person\/image\/","url":"https:\/\/secure.gravatar.com\/avatar\/72069dfb6c13772d9e8381e3638666d2?s=96&d=mm&r=g","contentUrl":"https:\/\/secure.gravatar.com\/avatar\/72069dfb6c13772d9e8381e3638666d2?s=96&d=mm&r=g","caption":"EDITOR"},"url":"https:\/\/laprensacristiana.com\/?author=3"}]}},"_links":{"self":[{"href":"https:\/\/laprensacristiana.com\/index.php?rest_route=\/wp\/v2\/posts\/7995"}],"collection":[{"href":"https:\/\/laprensacristiana.com\/index.php?rest_route=\/wp\/v2\/posts"}],"about":[{"href":"https:\/\/laprensacristiana.com\/index.php?rest_route=\/wp\/v2\/types\/post"}],"author":[{"embeddable":true,"href":"https:\/\/laprensacristiana.com\/index.php?rest_route=\/wp\/v2\/users\/3"}],"replies":[{"embeddable":true,"href":"https:\/\/laprensacristiana.com\/index.php?rest_route=%2Fwp%2Fv2%2Fcomments&post=7995"}],"version-history":[{"count":1,"href":"https:\/\/laprensacristiana.com\/index.php?rest_route=\/wp\/v2\/posts\/7995\/revisions"}],"predecessor-version":[{"id":7997,"href":"https:\/\/laprensacristiana.com\/index.php?rest_route=\/wp\/v2\/posts\/7995\/revisions\/7997"}],"wp:featuredmedia":[{"embeddable":true,"href":"https:\/\/laprensacristiana.com\/index.php?rest_route=\/wp\/v2\/media\/7996"}],"wp:attachment":[{"href":"https:\/\/laprensacristiana.com\/index.php?rest_route=%2Fwp%2Fv2%2Fmedia&parent=7995"}],"wp:term":[{"taxonomy":"category","embeddable":true,"href":"https:\/\/laprensacristiana.com\/index.php?rest_route=%2Fwp%2Fv2%2Fcategories&post=7995"},{"taxonomy":"post_tag","embeddable":true,"href":"https:\/\/laprensacristiana.com\/index.php?rest_route=%2Fwp%2Fv2%2Ftags&post=7995"}],"curies":[{"name":"wp","href":"https:\/\/api.w.org\/{rel}","templated":true}]}}