{"id":8004,"date":"2020-01-30T16:19:55","date_gmt":"2020-01-30T16:19:55","guid":{"rendered":"https:\/\/laprensacristiana.com\/?p=8004"},"modified":"2020-01-30T16:19:58","modified_gmt":"2020-01-30T16:19:58","slug":"alianza-evangelica-de-e-s-realiza-analisis-de-confiabilidad-de-la-iglesia-evangelica","status":"publish","type":"post","link":"https:\/\/laprensacristiana.com\/?p=8004","title":{"rendered":"Alianza Evangelica de E.S. realiza an\u00e1lisis de confiabilidad de la Iglesia Evangelica"},"content":{"rendered":"\n<p>El d\u00eda de hoy en horas de la ma\u00f1ana en un restaurante capitalino la Alianza Evangelica de El Salvador llev\u00f3 a cabo su reuni\u00f3n mensual y con la que inicia el a\u00f1o desarrollando el tema \u00abAn\u00e1lisis de confiabilidad de la Iglesia Evangelica\u00bb. <br> La tem\u00e1tica estuvo basada en la encuesta realizada por el Instituto Universitario de Opini\u00f3n P\u00fablica (IUDOP) que es la casa encuestadora de la Universidad Centroamericana \u00abJos\u00e9 Sime\u00f3n Ca\u00f1as\u00bb, quienes realizaron un instrumento basado en el a\u00f1o 2019. <br> La ponente fue la la directora de IUDOP Laura Andrade.<br> Algunos de los factores a analizar es el tema de seguridad en que se define que la poblaci\u00f3n Evangelica tiene tranquilidad en las zonas donde recide esto debido a factores como el patrullaje policial, reducci\u00f3n de pandillas, o adaptaci\u00f3n al ambiente, se cuestion\u00f3 la necesidad de profundizar en la ense\u00f1anza sobre el manejo de finanzas porque en algunos casos las personas han comprado alimentos basicos con tarjetas de cr\u00e9dito, se enfatiz\u00f3 en profundizar en una cultura de paz porque unn buen numero apoya planes como el mano dura. <br> El promedio de la nota asignada a la Iglesia Evangelica fue de 8.22 respecto al trabajo y confiabilidad que se tiene para con la sociedad. <br> \u00abLa legitimidad en la instituci\u00f3n si es importante porque la tienen de la poblaci\u00f3n, a pesar de los altos y bajos que puedan haber,  la iglesia tiene un excelente respaldo al sistema democr\u00e1tico y a la instucionalidad\u00bb concluy\u00f3 Laura Andrade. <br> En el cierre la Alianza Evangelica realiz\u00f3 mesas de discusi\u00f3n en la que sacaron conclusiones del tema expuesto y se\u00f1alaron propuestas para incrementar el nivel de confiabilidad de la Iglesia Evang\u00e9lica. Documento que posteriormente har\u00e1n p\u00fablico a la poblaci\u00f3n salvadore\u00f1a. <\/p>\n","protected":false},"excerpt":{"rendered":"<p>El d\u00eda de hoy en horas de la ma\u00f1ana en un restaurante capitalino la Alianza Evangelica de El Salvador llev\u00f3 a cabo su reuni\u00f3n mensual y con la que inicia el a\u00f1o desarrollando el tema \u00abAn\u00e1lisis de confiabilidad de la Iglesia Evangelica\u00bb. La tem\u00e1tica estuvo basada en la encuesta realizada por el Instituto Universitario de [&hellip;]<\/p>\n","protected":false},"author":3,"featured_media":8005,"comment_status":"open","ping_status":"open","sticky":false,"template":"","format":"standard","meta":[],"categories":[56],"tags":[],"yoast_head":"<!-- This site is optimized with the Yoast SEO plugin v20.8 - https:\/\/yoast.com\/wordpress\/plugins\/seo\/ -->\n<title>Alianza Evangelica de E.S. realiza an\u00e1lisis de confiabilidad de la Iglesia Evangelica - La Prensa Cristiana<\/title>\n<meta name=\"robots\" content=\"index, follow, max-snippet:-1, max-image-preview:large, max-video-preview:-1\" \/>\n<link rel=\"canonical\" href=\"https:\/\/laprensacristiana.com\/?p=8004\" \/>\n<meta property=\"og:locale\" content=\"es_ES\" \/>\n<meta property=\"og:type\" content=\"article\" \/>\n<meta property=\"og:title\" content=\"Alianza Evangelica de E.S. realiza an\u00e1lisis de confiabilidad de la Iglesia Evangelica - La Prensa Cristiana\" \/>\n<meta property=\"og:description\" content=\"El d\u00eda de hoy en horas de la ma\u00f1ana en un restaurante capitalino la Alianza Evangelica de El Salvador llev\u00f3 a cabo su reuni\u00f3n mensual y con la que inicia el a\u00f1o desarrollando el tema \u00abAn\u00e1lisis de confiabilidad de la Iglesia Evangelica\u00bb. La tem\u00e1tica estuvo basada en la encuesta realizada por el Instituto Universitario de [&hellip;]\" \/>\n<meta property=\"og:url\" content=\"https:\/\/laprensacristiana.com\/?p=8004\" \/>\n<meta property=\"og:site_name\" content=\"La Prensa Cristiana\" \/>\n<meta property=\"article:published_time\" content=\"2020-01-30T16:19:55+00:00\" \/>\n<meta property=\"article:modified_time\" content=\"2020-01-30T16:19:58+00:00\" \/>\n<meta property=\"og:image\" content=\"https:\/\/laprensacristiana.com\/wp-content\/uploads\/2020\/01\/IMG_20200130_100436.jpg\" \/>\n\t<meta property=\"og:image:width\" content=\"3766\" \/>\n\t<meta property=\"og:image:height\" content=\"2559\" \/>\n\t<meta property=\"og:image:type\" content=\"image\/jpeg\" \/>\n<meta name=\"author\" content=\"EDITOR\" \/>\n<meta name=\"twitter:card\" content=\"summary_large_image\" \/>\n<meta name=\"twitter:label1\" content=\"Escrito por\" \/>\n\t<meta name=\"twitter:data1\" content=\"EDITOR\" \/>\n\t<meta name=\"twitter:label2\" content=\"Tiempo de lectura\" \/>\n\t<meta name=\"twitter:data2\" content=\"2 minutos\" \/>\n<script type=\"application\/ld+json\" class=\"yoast-schema-graph\">{\"@context\":\"https:\/\/schema.org\",\"@graph\":[{\"@type\":\"WebPage\",\"@id\":\"https:\/\/laprensacristiana.com\/?p=8004\",\"url\":\"https:\/\/laprensacristiana.com\/?p=8004\",\"name\":\"Alianza Evangelica de E.S. realiza an\u00e1lisis de confiabilidad de la Iglesia Evangelica - La Prensa Cristiana\",\"isPartOf\":{\"@id\":\"https:\/\/laprensacristiana.com\/#website\"},\"datePublished\":\"2020-01-30T16:19:55+00:00\",\"dateModified\":\"2020-01-30T16:19:58+00:00\",\"author\":{\"@id\":\"https:\/\/laprensacristiana.com\/#\/schema\/person\/3e7d82c6bfd6b1fa67010f8f7cd5256e\"},\"breadcrumb\":{\"@id\":\"https:\/\/laprensacristiana.com\/?p=8004#breadcrumb\"},\"inLanguage\":\"es\",\"potentialAction\":[{\"@type\":\"ReadAction\",\"target\":[\"https:\/\/laprensacristiana.com\/?p=8004\"]}]},{\"@type\":\"BreadcrumbList\",\"@id\":\"https:\/\/laprensacristiana.com\/?p=8004#breadcrumb\",\"itemListElement\":[{\"@type\":\"ListItem\",\"position\":1,\"name\":\"Portada\",\"item\":\"https:\/\/laprensacristiana.com\/\"},{\"@type\":\"ListItem\",\"position\":2,\"name\":\"Alianza Evangelica de E.S. realiza an\u00e1lisis de confiabilidad de la Iglesia Evangelica\"}]},{\"@type\":\"WebSite\",\"@id\":\"https:\/\/laprensacristiana.com\/#website\",\"url\":\"https:\/\/laprensacristiana.com\/\",\"name\":\"La Prensa Cristiana\",\"description\":\"Anunciando Las Buenas Nuevas\",\"potentialAction\":[{\"@type\":\"SearchAction\",\"target\":{\"@type\":\"EntryPoint\",\"urlTemplate\":\"https:\/\/laprensacristiana.com\/?s={search_term_string}\"},\"query-input\":\"required name=search_term_string\"}],\"inLanguage\":\"es\"},{\"@type\":\"Person\",\"@id\":\"https:\/\/laprensacristiana.com\/#\/schema\/person\/3e7d82c6bfd6b1fa67010f8f7cd5256e\",\"name\":\"EDITOR\",\"image\":{\"@type\":\"ImageObject\",\"inLanguage\":\"es\",\"@id\":\"https:\/\/laprensacristiana.com\/#\/schema\/person\/image\/\",\"url\":\"https:\/\/secure.gravatar.com\/avatar\/72069dfb6c13772d9e8381e3638666d2?s=96&d=mm&r=g\",\"contentUrl\":\"https:\/\/secure.gravatar.com\/avatar\/72069dfb6c13772d9e8381e3638666d2?s=96&d=mm&r=g\",\"caption\":\"EDITOR\"},\"url\":\"https:\/\/laprensacristiana.com\/?author=3\"}]}<\/script>\n<!-- \/ Yoast SEO plugin. -->","yoast_head_json":{"title":"Alianza Evangelica de E.S. realiza an\u00e1lisis de confiabilidad de la Iglesia Evangelica - La Prensa Cristiana","robots":{"index":"index","follow":"follow","max-snippet":"max-snippet:-1","max-image-preview":"max-image-preview:large","max-video-preview":"max-video-preview:-1"},"canonical":"https:\/\/laprensacristiana.com\/?p=8004","og_locale":"es_ES","og_type":"article","og_title":"Alianza Evangelica de E.S. realiza an\u00e1lisis de confiabilidad de la Iglesia Evangelica - La Prensa Cristiana","og_description":"El d\u00eda de hoy en horas de la ma\u00f1ana en un restaurante capitalino la Alianza Evangelica de El Salvador llev\u00f3 a cabo su reuni\u00f3n mensual y con la que inicia el a\u00f1o desarrollando el tema \u00abAn\u00e1lisis de confiabilidad de la Iglesia Evangelica\u00bb. La tem\u00e1tica estuvo basada en la encuesta realizada por el Instituto Universitario de [&hellip;]","og_url":"https:\/\/laprensacristiana.com\/?p=8004","og_site_name":"La Prensa Cristiana","article_published_time":"2020-01-30T16:19:55+00:00","article_modified_time":"2020-01-30T16:19:58+00:00","og_image":[{"width":3766,"height":2559,"url":"https:\/\/laprensacristiana.com\/wp-content\/uploads\/2020\/01\/IMG_20200130_100436.jpg","type":"image\/jpeg"}],"author":"EDITOR","twitter_card":"summary_large_image","twitter_misc":{"Escrito por":"EDITOR","Tiempo de lectura":"2 minutos"},"schema":{"@context":"https:\/\/schema.org","@graph":[{"@type":"WebPage","@id":"https:\/\/laprensacristiana.com\/?p=8004","url":"https:\/\/laprensacristiana.com\/?p=8004","name":"Alianza Evangelica de E.S. realiza an\u00e1lisis de confiabilidad de la Iglesia Evangelica - La Prensa Cristiana","isPartOf":{"@id":"https:\/\/laprensacristiana.com\/#website"},"datePublished":"2020-01-30T16:19:55+00:00","dateModified":"2020-01-30T16:19:58+00:00","author":{"@id":"https:\/\/laprensacristiana.com\/#\/schema\/person\/3e7d82c6bfd6b1fa67010f8f7cd5256e"},"breadcrumb":{"@id":"https:\/\/laprensacristiana.com\/?p=8004#breadcrumb"},"inLanguage":"es","potentialAction":[{"@type":"ReadAction","target":["https:\/\/laprensacristiana.com\/?p=8004"]}]},{"@type":"BreadcrumbList","@id":"https:\/\/laprensacristiana.com\/?p=8004#breadcrumb","itemListElement":[{"@type":"ListItem","position":1,"name":"Portada","item":"https:\/\/laprensacristiana.com\/"},{"@type":"ListItem","position":2,"name":"Alianza Evangelica de E.S. realiza an\u00e1lisis de confiabilidad de la Iglesia Evangelica"}]},{"@type":"WebSite","@id":"https:\/\/laprensacristiana.com\/#website","url":"https:\/\/laprensacristiana.com\/","name":"La Prensa Cristiana","description":"Anunciando Las Buenas Nuevas","potentialAction":[{"@type":"SearchAction","target":{"@type":"EntryPoint","urlTemplate":"https:\/\/laprensacristiana.com\/?s={search_term_string}"},"query-input":"required name=search_term_string"}],"inLanguage":"es"},{"@type":"Person","@id":"https:\/\/laprensacristiana.com\/#\/schema\/person\/3e7d82c6bfd6b1fa67010f8f7cd5256e","name":"EDITOR","image":{"@type":"ImageObject","inLanguage":"es","@id":"https:\/\/laprensacristiana.com\/#\/schema\/person\/image\/","url":"https:\/\/secure.gravatar.com\/avatar\/72069dfb6c13772d9e8381e3638666d2?s=96&d=mm&r=g","contentUrl":"https:\/\/secure.gravatar.com\/avatar\/72069dfb6c13772d9e8381e3638666d2?s=96&d=mm&r=g","caption":"EDITOR"},"url":"https:\/\/laprensacristiana.com\/?author=3"}]}},"_links":{"self":[{"href":"https:\/\/laprensacristiana.com\/index.php?rest_route=\/wp\/v2\/posts\/8004"}],"collection":[{"href":"https:\/\/laprensacristiana.com\/index.php?rest_route=\/wp\/v2\/posts"}],"about":[{"href":"https:\/\/laprensacristiana.com\/index.php?rest_route=\/wp\/v2\/types\/post"}],"author":[{"embeddable":true,"href":"https:\/\/laprensacristiana.com\/index.php?rest_route=\/wp\/v2\/users\/3"}],"replies":[{"embeddable":true,"href":"https:\/\/laprensacristiana.com\/index.php?rest_route=%2Fwp%2Fv2%2Fcomments&post=8004"}],"version-history":[{"count":1,"href":"https:\/\/laprensacristiana.com\/index.php?rest_route=\/wp\/v2\/posts\/8004\/revisions"}],"predecessor-version":[{"id":8006,"href":"https:\/\/laprensacristiana.com\/index.php?rest_route=\/wp\/v2\/posts\/8004\/revisions\/8006"}],"wp:featuredmedia":[{"embeddable":true,"href":"https:\/\/laprensacristiana.com\/index.php?rest_route=\/wp\/v2\/media\/8005"}],"wp:attachment":[{"href":"https:\/\/laprensacristiana.com\/index.php?rest_route=%2Fwp%2Fv2%2Fmedia&parent=8004"}],"wp:term":[{"taxonomy":"category","embeddable":true,"href":"https:\/\/laprensacristiana.com\/index.php?rest_route=%2Fwp%2Fv2%2Fcategories&post=8004"},{"taxonomy":"post_tag","embeddable":true,"href":"https:\/\/laprensacristiana.com\/index.php?rest_route=%2Fwp%2Fv2%2Ftags&post=8004"}],"curies":[{"name":"wp","href":"https:\/\/api.w.org\/{rel}","templated":true}]}}