{"id":8020,"date":"2020-02-03T14:24:39","date_gmt":"2020-02-03T14:24:39","guid":{"rendered":"https:\/\/laprensacristiana.com\/?p=8020"},"modified":"2020-02-03T14:24:42","modified_gmt":"2020-02-03T14:24:42","slug":"desayunando-con-jesus","status":"publish","type":"post","link":"https:\/\/laprensacristiana.com\/?p=8020","title":{"rendered":"Desayunando con Jes\u00fas"},"content":{"rendered":"\n<p>Juan 21:3 \u201cSim\u00f3n Pedro les dijo*: Me voy a pescar\u201d<\/p>\n\n\n\n<p>Por mi ventana entra el sonido de la hermosa y pragm\u00e1tica canci\u00f3n de Bob Seger \u201cAgainst the Wind\u201d (Contra el Viento) y me trae a la memoria el episodio de un hombre que vivi\u00f3 la noche m\u00e0s larga de su vida. Como Bob canta, nuestro protagonista tambi\u00e9n corr\u00eda contra el viento. <\/p>\n\n\n\n<p>Es media noche. El hombre no ha logrado conciliar el sue\u00f1o por lo que hizo d\u00edas atr\u00e0s. Cometi\u00f3 el pecado que nunca esper\u00f2 cometer. Neg\u00f3 a su Maestro. Vio su rostro ensangrentado. Su espalda lacerada por los latigazos romanos. En su mejilla a\u00fan colgaba el escupitajo que alg\u00fan soldado desalmado hab\u00eda vomitado sobre \u00e8l. <\/p>\n\n\n\n<p>Hab\u00eda sido advertido de lo que iba a hacer pero \u00e8l no se crey\u00f3 capaz de hacerlo. Pero lo hizo. El gallo cant\u00f3 y en ese momento la mirada triste y dolorida de su Se\u00f1or volte\u00f3 a verle con la ternura y compasi\u00f3n que siempre ten\u00eda para aquellos que como \u00e8l, su disc\u00edpulo, hac\u00edan cosas que laceraban su alma. <\/p>\n\n\n\n<p>En ese instante, Pedro se dio cuenta que no pod\u00eda ser lo que dijo que era: Totalmente fiel. Que estaba dispuesto a morir con su Maestro y que su propia vida dar\u00eda por \u00e8l. Mentira. No pudo ni siquiera aceptar que lo conoc\u00eda. Lo neg\u00f3 miserablemente delante de todos y ahora, en la noche m\u00e0s oscura de su vida, su alma sangra como el cuerpo de Jesus sangraba en el patio. &nbsp;Y sali\u00f3 a llorar. Se escondi\u00f3 de s\u00ec mismo. Se sinti\u00f3 miserable. Cobarde, traidor y mentiroso. <\/p>\n\n\n\n<p>Tres d\u00edas sin poder dormir. Sin poder comer. \u00bfQui\u00e9n puede dormir y comer cuando ha negado la fe? \u00bfQui\u00e9n puede dormir y comer cuando alguien ha traicionado los votos matrimoniales? \u00bfCuando tenemos en el hospital a un ser querido entre la vida y la muerte? \u00bfCuando el hijo est\u00e1 en tinieblas amenazado por la violencia callejera? \u00bfQui\u00e9n puede dormir y comer en medio de una crisis financiera? \u00bfCon un diagn\u00f3stico de c\u00e1ncer terminal? \u00bfCuando la esposa abandona el nido por cambiar de cama y de hombre? <\/p>\n\n\n\n<p>Ese es el caso de Pedro. No supo d\u00f3nde esconder su verg\u00fcenza. Es cierto, solo Juan sab\u00eca de su negaci\u00f3n. Los dem\u00e1s no lo vieron ni lo escucharon negar a Jesus. Pero suficiente con su conciencia. Suficiente con su coraz\u00f3n hundido en el miasma de la bajeza humana. Su peor n\u00e9mesis era \u00e8l mismo. Y necesitaba descargar su culpa. Necesitaba huir de todo y de todos. La depresi\u00f3n llen\u00f3 su horizonte y perdi\u00f3 todo deseo de esperar la promesa de su Se\u00f1or cuando les dijo que despu\u00e9s de tres d\u00edas regresar\u00eda. Pero Pedro no puede esperar a volver a ver los santos y limpios ojos de Jesus. No despu\u00e9s de lo que le hizo. No despu\u00e9s de haber sido el cobarde y mentiroso que neg\u00f3 que lo conoc\u00eda. No, Pedro -se dijo a s\u00ed mismo-, no puedes quedarte como si nada. Ya no hay esperanza para t\u00ed. Ya has sido desechado por tu mala acci\u00f2n. <\/p>\n\n\n\n<p>Y, como el sue\u00f1o se niega a nublar sus sentidos, toma la decisi\u00f3n de irse a pescar. Quiz\u00e1 tirando las redes y navegando en el mar que tan bien conoce puede encontrar un poco de paz. Quiz\u00e1 no busca tanto pescar peces, pero s\u00ed pescar la paz que tanto anhela. Pescar un poco de tranquilidad. Una porci\u00f3n de letargo tan siquiera. Nebulizar sus emociones y callar el grito de angustia de su pobre coraz\u00f3n. Pedro \u201cse va a pescar\u201d. \u00bfA pescar qu\u00e8? Ni \u00e8l mismo lo sabe. Pero todo es un total fracaso. Ya no est\u00e1 para eso. Ya hab\u00eda puesto la mano en el arado y ahora pescar no le sirve de nada. Lo que Pedro quiere pescar no lo brinda ni el anzuelo ni el mar. La paz del alma no se pesca entre la multitud. Entre el mar de gentes. Usted puede estar en medio de un oc\u00e9ano de gentes y sin embargo sentirse m\u00e0s solo que nunca. Con sus redes rotas y su anzuelo vac\u00edo vez tras vez. <\/p>\n\n\n\n<p>Y llega la ma\u00f1ana. Y aparece Jesus. Aparece con un pez as\u00e1ndose en las brasas. Y llama a su amigo. Lo invita a desayunar. Lo que Pedro pesc\u00f3 ya no le interesa. Porque lo que realmente desea es estar cerca de su amado maestro. De ser perdonado. De volver a comer con \u00e8l. De compartir un bocado de pan y un bocado de paz. De engullirse todo lo que pueda de la amistad perdonadora de su Se\u00f1or. Sin anzuelo ni redes, Pedro ha pescado lo que solo Jesus puede darnos. La sanidad del alma. Sacarnos del t\u00fanel de la vida que amenaza nuestra existencia. Sacarnos de la cama del dolor. Volver a vernos a los ojos y decirnos: Apacienta mis corderos. Conf\u00edo en t\u00ec. Puedo confiarte mi reba\u00f1o. Empecemos de nuevo. Ya no trates de pescar lo que solo Yo -dice Jesus-, puedo darte.<\/p>\n\n\n\n<p>Soli Deo Gloria<\/p>\n","protected":false},"excerpt":{"rendered":"<p>Juan 21:3 \u201cSim\u00f3n Pedro les dijo*: Me voy a pescar\u201d Por mi ventana entra el sonido de la hermosa y pragm\u00e1tica canci\u00f3n de Bob Seger \u201cAgainst the Wind\u201d (Contra el Viento) y me trae a la memoria el episodio de un hombre que vivi\u00f3 la noche m\u00e0s larga de su vida. Como Bob canta, nuestro [&hellip;]<\/p>\n","protected":false},"author":3,"featured_media":7949,"comment_status":"open","ping_status":"open","sticky":false,"template":"","format":"standard","meta":[],"categories":[36],"tags":[],"yoast_head":"<!-- This site is optimized with the Yoast SEO plugin v20.8 - https:\/\/yoast.com\/wordpress\/plugins\/seo\/ -->\n<title>Desayunando con Jes\u00fas - La Prensa Cristiana<\/title>\n<meta name=\"robots\" content=\"index, follow, max-snippet:-1, max-image-preview:large, max-video-preview:-1\" \/>\n<link rel=\"canonical\" href=\"https:\/\/laprensacristiana.com\/?p=8020\" \/>\n<meta property=\"og:locale\" content=\"es_ES\" \/>\n<meta property=\"og:type\" content=\"article\" \/>\n<meta property=\"og:title\" content=\"Desayunando con Jes\u00fas - La Prensa Cristiana\" \/>\n<meta property=\"og:description\" content=\"Juan 21:3 \u201cSim\u00f3n Pedro les dijo*: Me voy a pescar\u201d Por mi ventana entra el sonido de la hermosa y pragm\u00e1tica canci\u00f3n de Bob Seger \u201cAgainst the Wind\u201d (Contra el Viento) y me trae a la memoria el episodio de un hombre que vivi\u00f3 la noche m\u00e0s larga de su vida. Como Bob canta, nuestro [&hellip;]\" \/>\n<meta property=\"og:url\" content=\"https:\/\/laprensacristiana.com\/?p=8020\" \/>\n<meta property=\"og:site_name\" content=\"La Prensa Cristiana\" \/>\n<meta property=\"article:published_time\" content=\"2020-02-03T14:24:39+00:00\" \/>\n<meta property=\"article:modified_time\" content=\"2020-02-03T14:24:42+00:00\" \/>\n<meta property=\"og:image\" content=\"https:\/\/laprensacristiana.com\/wp-content\/uploads\/2020\/01\/2017-11-23-PHOTO-00003245-1.jpg\" \/>\n\t<meta property=\"og:image:width\" content=\"1280\" \/>\n\t<meta property=\"og:image:height\" content=\"714\" \/>\n\t<meta property=\"og:image:type\" content=\"image\/jpeg\" \/>\n<meta name=\"author\" content=\"EDITOR\" \/>\n<meta name=\"twitter:card\" content=\"summary_large_image\" \/>\n<meta name=\"twitter:label1\" content=\"Escrito por\" \/>\n\t<meta name=\"twitter:data1\" content=\"EDITOR\" \/>\n\t<meta name=\"twitter:label2\" content=\"Tiempo de lectura\" \/>\n\t<meta name=\"twitter:data2\" content=\"4 minutos\" \/>\n<script type=\"application\/ld+json\" class=\"yoast-schema-graph\">{\"@context\":\"https:\/\/schema.org\",\"@graph\":[{\"@type\":\"WebPage\",\"@id\":\"https:\/\/laprensacristiana.com\/?p=8020\",\"url\":\"https:\/\/laprensacristiana.com\/?p=8020\",\"name\":\"Desayunando con Jes\u00fas - La Prensa Cristiana\",\"isPartOf\":{\"@id\":\"https:\/\/laprensacristiana.com\/#website\"},\"datePublished\":\"2020-02-03T14:24:39+00:00\",\"dateModified\":\"2020-02-03T14:24:42+00:00\",\"author\":{\"@id\":\"https:\/\/laprensacristiana.com\/#\/schema\/person\/3e7d82c6bfd6b1fa67010f8f7cd5256e\"},\"breadcrumb\":{\"@id\":\"https:\/\/laprensacristiana.com\/?p=8020#breadcrumb\"},\"inLanguage\":\"es\",\"potentialAction\":[{\"@type\":\"ReadAction\",\"target\":[\"https:\/\/laprensacristiana.com\/?p=8020\"]}]},{\"@type\":\"BreadcrumbList\",\"@id\":\"https:\/\/laprensacristiana.com\/?p=8020#breadcrumb\",\"itemListElement\":[{\"@type\":\"ListItem\",\"position\":1,\"name\":\"Portada\",\"item\":\"https:\/\/laprensacristiana.com\/\"},{\"@type\":\"ListItem\",\"position\":2,\"name\":\"Desayunando con Jes\u00fas\"}]},{\"@type\":\"WebSite\",\"@id\":\"https:\/\/laprensacristiana.com\/#website\",\"url\":\"https:\/\/laprensacristiana.com\/\",\"name\":\"La Prensa Cristiana\",\"description\":\"Anunciando Las Buenas Nuevas\",\"potentialAction\":[{\"@type\":\"SearchAction\",\"target\":{\"@type\":\"EntryPoint\",\"urlTemplate\":\"https:\/\/laprensacristiana.com\/?s={search_term_string}\"},\"query-input\":\"required name=search_term_string\"}],\"inLanguage\":\"es\"},{\"@type\":\"Person\",\"@id\":\"https:\/\/laprensacristiana.com\/#\/schema\/person\/3e7d82c6bfd6b1fa67010f8f7cd5256e\",\"name\":\"EDITOR\",\"image\":{\"@type\":\"ImageObject\",\"inLanguage\":\"es\",\"@id\":\"https:\/\/laprensacristiana.com\/#\/schema\/person\/image\/\",\"url\":\"https:\/\/secure.gravatar.com\/avatar\/72069dfb6c13772d9e8381e3638666d2?s=96&d=mm&r=g\",\"contentUrl\":\"https:\/\/secure.gravatar.com\/avatar\/72069dfb6c13772d9e8381e3638666d2?s=96&d=mm&r=g\",\"caption\":\"EDITOR\"},\"url\":\"https:\/\/laprensacristiana.com\/?author=3\"}]}<\/script>\n<!-- \/ Yoast SEO plugin. -->","yoast_head_json":{"title":"Desayunando con Jes\u00fas - La Prensa Cristiana","robots":{"index":"index","follow":"follow","max-snippet":"max-snippet:-1","max-image-preview":"max-image-preview:large","max-video-preview":"max-video-preview:-1"},"canonical":"https:\/\/laprensacristiana.com\/?p=8020","og_locale":"es_ES","og_type":"article","og_title":"Desayunando con Jes\u00fas - La Prensa Cristiana","og_description":"Juan 21:3 \u201cSim\u00f3n Pedro les dijo*: Me voy a pescar\u201d Por mi ventana entra el sonido de la hermosa y pragm\u00e1tica canci\u00f3n de Bob Seger \u201cAgainst the Wind\u201d (Contra el Viento) y me trae a la memoria el episodio de un hombre que vivi\u00f3 la noche m\u00e0s larga de su vida. Como Bob canta, nuestro [&hellip;]","og_url":"https:\/\/laprensacristiana.com\/?p=8020","og_site_name":"La Prensa Cristiana","article_published_time":"2020-02-03T14:24:39+00:00","article_modified_time":"2020-02-03T14:24:42+00:00","og_image":[{"width":1280,"height":714,"url":"https:\/\/laprensacristiana.com\/wp-content\/uploads\/2020\/01\/2017-11-23-PHOTO-00003245-1.jpg","type":"image\/jpeg"}],"author":"EDITOR","twitter_card":"summary_large_image","twitter_misc":{"Escrito por":"EDITOR","Tiempo de lectura":"4 minutos"},"schema":{"@context":"https:\/\/schema.org","@graph":[{"@type":"WebPage","@id":"https:\/\/laprensacristiana.com\/?p=8020","url":"https:\/\/laprensacristiana.com\/?p=8020","name":"Desayunando con Jes\u00fas - La Prensa Cristiana","isPartOf":{"@id":"https:\/\/laprensacristiana.com\/#website"},"datePublished":"2020-02-03T14:24:39+00:00","dateModified":"2020-02-03T14:24:42+00:00","author":{"@id":"https:\/\/laprensacristiana.com\/#\/schema\/person\/3e7d82c6bfd6b1fa67010f8f7cd5256e"},"breadcrumb":{"@id":"https:\/\/laprensacristiana.com\/?p=8020#breadcrumb"},"inLanguage":"es","potentialAction":[{"@type":"ReadAction","target":["https:\/\/laprensacristiana.com\/?p=8020"]}]},{"@type":"BreadcrumbList","@id":"https:\/\/laprensacristiana.com\/?p=8020#breadcrumb","itemListElement":[{"@type":"ListItem","position":1,"name":"Portada","item":"https:\/\/laprensacristiana.com\/"},{"@type":"ListItem","position":2,"name":"Desayunando con Jes\u00fas"}]},{"@type":"WebSite","@id":"https:\/\/laprensacristiana.com\/#website","url":"https:\/\/laprensacristiana.com\/","name":"La Prensa Cristiana","description":"Anunciando Las Buenas Nuevas","potentialAction":[{"@type":"SearchAction","target":{"@type":"EntryPoint","urlTemplate":"https:\/\/laprensacristiana.com\/?s={search_term_string}"},"query-input":"required name=search_term_string"}],"inLanguage":"es"},{"@type":"Person","@id":"https:\/\/laprensacristiana.com\/#\/schema\/person\/3e7d82c6bfd6b1fa67010f8f7cd5256e","name":"EDITOR","image":{"@type":"ImageObject","inLanguage":"es","@id":"https:\/\/laprensacristiana.com\/#\/schema\/person\/image\/","url":"https:\/\/secure.gravatar.com\/avatar\/72069dfb6c13772d9e8381e3638666d2?s=96&d=mm&r=g","contentUrl":"https:\/\/secure.gravatar.com\/avatar\/72069dfb6c13772d9e8381e3638666d2?s=96&d=mm&r=g","caption":"EDITOR"},"url":"https:\/\/laprensacristiana.com\/?author=3"}]}},"_links":{"self":[{"href":"https:\/\/laprensacristiana.com\/index.php?rest_route=\/wp\/v2\/posts\/8020"}],"collection":[{"href":"https:\/\/laprensacristiana.com\/index.php?rest_route=\/wp\/v2\/posts"}],"about":[{"href":"https:\/\/laprensacristiana.com\/index.php?rest_route=\/wp\/v2\/types\/post"}],"author":[{"embeddable":true,"href":"https:\/\/laprensacristiana.com\/index.php?rest_route=\/wp\/v2\/users\/3"}],"replies":[{"embeddable":true,"href":"https:\/\/laprensacristiana.com\/index.php?rest_route=%2Fwp%2Fv2%2Fcomments&post=8020"}],"version-history":[{"count":1,"href":"https:\/\/laprensacristiana.com\/index.php?rest_route=\/wp\/v2\/posts\/8020\/revisions"}],"predecessor-version":[{"id":8022,"href":"https:\/\/laprensacristiana.com\/index.php?rest_route=\/wp\/v2\/posts\/8020\/revisions\/8022"}],"wp:featuredmedia":[{"embeddable":true,"href":"https:\/\/laprensacristiana.com\/index.php?rest_route=\/wp\/v2\/media\/7949"}],"wp:attachment":[{"href":"https:\/\/laprensacristiana.com\/index.php?rest_route=%2Fwp%2Fv2%2Fmedia&parent=8020"}],"wp:term":[{"taxonomy":"category","embeddable":true,"href":"https:\/\/laprensacristiana.com\/index.php?rest_route=%2Fwp%2Fv2%2Fcategories&post=8020"},{"taxonomy":"post_tag","embeddable":true,"href":"https:\/\/laprensacristiana.com\/index.php?rest_route=%2Fwp%2Fv2%2Ftags&post=8020"}],"curies":[{"name":"wp","href":"https:\/\/api.w.org\/{rel}","templated":true}]}}