{"id":8034,"date":"2020-02-04T14:25:10","date_gmt":"2020-02-04T14:25:10","guid":{"rendered":"https:\/\/laprensacristiana.com\/?p=8034"},"modified":"2020-02-04T14:25:13","modified_gmt":"2020-02-04T14:25:13","slug":"si-dios-es-contigo-quien-contra-ti","status":"publish","type":"post","link":"https:\/\/laprensacristiana.com\/?p=8034","title":{"rendered":"Si Dios es contigo, qui\u00e9n contra ti"},"content":{"rendered":"\n<p>La recomendaci\u00f3n que generalmente todos los pastores hacemos a los miembros de las congregaciones,  es la  de fortalecer nuestra relaci\u00f3n con Dios, por medio de la oraci\u00f3n,  la lectura de la Palabra, congregarse constantemente, evitar el pecado y realizar las acciones que nos hacen ser agradables ante los ojos del Se\u00f1or. Este tipo de vida cristiana, redunda en beneficios personales y tambi\u00e9n en sabidur\u00eda para  enfrentarnos a las situaciones adversas que la vida nos suele presentar. <br> Caso contrario,  nos debilitamos en todos los aspectos de nuestra vida, y a\u00fan llegamos a poner en tela de juicio a la persona  del Se\u00f1or y su  Palabra.<br> En el cap\u00edtulo 49, vers\u00edculo 14 del libro del Profeta Isa\u00edas nos encontramos con que Sion, que podr\u00edamos considerarla sin\u00f3nimo de Jerusalen, dice lo siguiente: \u00abME DEJO JEHOVA, Y EL SE\u00d1OR SE OLVIDO DE MI.\u00bb  A esta aseveraci\u00f3n, Jehova  respondio:   \u00bb AUNQUE LA MADRE SE OLVIDE DE SU HIJO YO NUNCA ME OLVIDARE DE TI \u00ab.    \u00abHE AQUI EN LAS PALMAS DE LAS MANOS TE TENGO ESCULPIDA; DELANTE DE MI ESTAN SIEMPRE  TUS MUROS\u00bb.<br> Nos admira grandemente est\u00e1 respuesta de Dios, porque uno de los amores humanos m\u00e1s noble y grande, es el amor de una madre por sus hijos. Esto hace que una madre jam\u00e1s entierre en el olvido y la indiferencia al fruto de sus entra\u00f1as. Pero Jehov\u00e1 dice que su amor por Israel es tan grande, que es m\u00e1s probable que aquello acontezca, a que  El s\u00e9 olvide de Sion. <br> Pero la segunda parte de su respuesta a Sion es a\u00fan m\u00e1s impactante,    pues en ella Dios asegura que Jerusal\u00e9n la tiene esculpida en las PALMAS DE SUS MANOS y que sus muros son vistos continuamente por sus ojos. <br> Esta hermos\u00edsima frase de Dios, nos hace pensar sobre el gran privilegio que para Jerusal\u00e9n representaba  tener a Jehov\u00e1 como su Dios. Pero al escudri\u00f1ar las Sagradas Escrituras en el Nuevo Pacto, nos encontramos con esta expresi\u00f3n  de  nuestro Se\u00f1or Jesucristo, en relaci\u00f3n a nosotros:  \u00abMIS OVEJAS OYEN MI VOZ Y YO LAS CONOZCO, Y ME SIGUEN , Y YO LES  DOY VIDA ETERNA; Y NO PERECERAN JAMAS, NI NADIE LAS ARREBATARA  DE MI MANO\u00bb.<br> Est\u00e1s poderosas pero tiernas palabras de Jehov\u00e1 en el Antiguo Pacto, y de Jes\u00fas en el Nuevo Pacto  nos tienen que generar PAZ Y GOZO,  pues tenemos un Dios que nos cuida de d\u00eda y de noche, que nunca se aleja ni se olvida  de nosotros, y que nos ama MUY POR ENCIMA DE CUALQUIER TIPO DE AMOR QUE PODAMOS CONOCER.<br> El siervo Job dijo en el cap\u00edtulo 7 de su libro:  \u00bb QUE ES EL HOMBRE PARA QUE LO  ENGRANDEZCAS, Y PARA QUE PONGAS SOBRE EL TU CORAZON,  Y LO VISITES TODAS LAS MA\u00d1ANAS?\u00bb .<br> En el Nuevo  Pacto Jes\u00fas dice : \u00abNO TEMAIS, MANADA PEQUE\u00d1A,  POR QUE A VUESTRO PADRE LE HA PLACIDO  DAROS EL REINO\u00bb.<br> Querido hermano (a): NO TEMAS, EN ESTE A\u00d1O 2020 LANZATE A CONQUISTAR NUEVOS TERRITORIOS en lo espiritual y en lo material. \u00bb DIOS TE AYUDARA SIEMPRE Y TE SUSTENTARA CON LA DIESTRA DE SU JUSTICIA\u00bb. <br> BENDICIONES.<\/p>\n\n\n\n<p>Dr.  Mauricio Navas Guzm\u00e1n<\/p>\n","protected":false},"excerpt":{"rendered":"<p>La recomendaci\u00f3n que generalmente todos los pastores hacemos a los miembros de las congregaciones, es la de fortalecer nuestra relaci\u00f3n con Dios, por medio de la oraci\u00f3n, la lectura de la Palabra, congregarse constantemente, evitar el pecado y realizar las acciones que nos hacen ser agradables ante los ojos del Se\u00f1or. Este tipo de vida [&hellip;]<\/p>\n","protected":false},"author":3,"featured_media":7594,"comment_status":"open","ping_status":"open","sticky":false,"template":"","format":"standard","meta":[],"categories":[36],"tags":[],"yoast_head":"<!-- This site is optimized with the Yoast SEO plugin v20.8 - https:\/\/yoast.com\/wordpress\/plugins\/seo\/ -->\n<title>Si Dios es contigo, qui\u00e9n contra ti - La Prensa Cristiana<\/title>\n<meta name=\"robots\" content=\"index, follow, max-snippet:-1, max-image-preview:large, max-video-preview:-1\" \/>\n<link rel=\"canonical\" href=\"https:\/\/laprensacristiana.com\/?p=8034\" \/>\n<meta property=\"og:locale\" content=\"es_ES\" \/>\n<meta property=\"og:type\" content=\"article\" \/>\n<meta property=\"og:title\" content=\"Si Dios es contigo, qui\u00e9n contra ti - La Prensa Cristiana\" \/>\n<meta property=\"og:description\" content=\"La recomendaci\u00f3n que generalmente todos los pastores hacemos a los miembros de las congregaciones, es la de fortalecer nuestra relaci\u00f3n con Dios, por medio de la oraci\u00f3n, la lectura de la Palabra, congregarse constantemente, evitar el pecado y realizar las acciones que nos hacen ser agradables ante los ojos del Se\u00f1or. Este tipo de vida [&hellip;]\" \/>\n<meta property=\"og:url\" content=\"https:\/\/laprensacristiana.com\/?p=8034\" \/>\n<meta property=\"og:site_name\" content=\"La Prensa Cristiana\" \/>\n<meta property=\"article:published_time\" content=\"2020-02-04T14:25:10+00:00\" \/>\n<meta property=\"article:modified_time\" content=\"2020-02-04T14:25:13+00:00\" \/>\n<meta property=\"og:image\" content=\"https:\/\/laprensacristiana.com\/wp-content\/uploads\/2020\/01\/reflexion.jpg\" \/>\n\t<meta property=\"og:image:width\" content=\"1369\" \/>\n\t<meta property=\"og:image:height\" content=\"693\" \/>\n\t<meta property=\"og:image:type\" content=\"image\/jpeg\" \/>\n<meta name=\"author\" content=\"EDITOR\" \/>\n<meta name=\"twitter:card\" content=\"summary_large_image\" \/>\n<meta name=\"twitter:label1\" content=\"Escrito por\" \/>\n\t<meta name=\"twitter:data1\" content=\"EDITOR\" \/>\n\t<meta name=\"twitter:label2\" content=\"Tiempo de lectura\" \/>\n\t<meta name=\"twitter:data2\" content=\"3 minutos\" \/>\n<script type=\"application\/ld+json\" class=\"yoast-schema-graph\">{\"@context\":\"https:\/\/schema.org\",\"@graph\":[{\"@type\":\"WebPage\",\"@id\":\"https:\/\/laprensacristiana.com\/?p=8034\",\"url\":\"https:\/\/laprensacristiana.com\/?p=8034\",\"name\":\"Si Dios es contigo, qui\u00e9n contra ti - La Prensa Cristiana\",\"isPartOf\":{\"@id\":\"https:\/\/laprensacristiana.com\/#website\"},\"datePublished\":\"2020-02-04T14:25:10+00:00\",\"dateModified\":\"2020-02-04T14:25:13+00:00\",\"author\":{\"@id\":\"https:\/\/laprensacristiana.com\/#\/schema\/person\/3e7d82c6bfd6b1fa67010f8f7cd5256e\"},\"breadcrumb\":{\"@id\":\"https:\/\/laprensacristiana.com\/?p=8034#breadcrumb\"},\"inLanguage\":\"es\",\"potentialAction\":[{\"@type\":\"ReadAction\",\"target\":[\"https:\/\/laprensacristiana.com\/?p=8034\"]}]},{\"@type\":\"BreadcrumbList\",\"@id\":\"https:\/\/laprensacristiana.com\/?p=8034#breadcrumb\",\"itemListElement\":[{\"@type\":\"ListItem\",\"position\":1,\"name\":\"Portada\",\"item\":\"https:\/\/laprensacristiana.com\/\"},{\"@type\":\"ListItem\",\"position\":2,\"name\":\"Si Dios es contigo, qui\u00e9n contra ti\"}]},{\"@type\":\"WebSite\",\"@id\":\"https:\/\/laprensacristiana.com\/#website\",\"url\":\"https:\/\/laprensacristiana.com\/\",\"name\":\"La Prensa Cristiana\",\"description\":\"Anunciando Las Buenas Nuevas\",\"potentialAction\":[{\"@type\":\"SearchAction\",\"target\":{\"@type\":\"EntryPoint\",\"urlTemplate\":\"https:\/\/laprensacristiana.com\/?s={search_term_string}\"},\"query-input\":\"required name=search_term_string\"}],\"inLanguage\":\"es\"},{\"@type\":\"Person\",\"@id\":\"https:\/\/laprensacristiana.com\/#\/schema\/person\/3e7d82c6bfd6b1fa67010f8f7cd5256e\",\"name\":\"EDITOR\",\"image\":{\"@type\":\"ImageObject\",\"inLanguage\":\"es\",\"@id\":\"https:\/\/laprensacristiana.com\/#\/schema\/person\/image\/\",\"url\":\"https:\/\/secure.gravatar.com\/avatar\/72069dfb6c13772d9e8381e3638666d2?s=96&d=mm&r=g\",\"contentUrl\":\"https:\/\/secure.gravatar.com\/avatar\/72069dfb6c13772d9e8381e3638666d2?s=96&d=mm&r=g\",\"caption\":\"EDITOR\"},\"url\":\"https:\/\/laprensacristiana.com\/?author=3\"}]}<\/script>\n<!-- \/ Yoast SEO plugin. -->","yoast_head_json":{"title":"Si Dios es contigo, qui\u00e9n contra ti - La Prensa Cristiana","robots":{"index":"index","follow":"follow","max-snippet":"max-snippet:-1","max-image-preview":"max-image-preview:large","max-video-preview":"max-video-preview:-1"},"canonical":"https:\/\/laprensacristiana.com\/?p=8034","og_locale":"es_ES","og_type":"article","og_title":"Si Dios es contigo, qui\u00e9n contra ti - La Prensa Cristiana","og_description":"La recomendaci\u00f3n que generalmente todos los pastores hacemos a los miembros de las congregaciones, es la de fortalecer nuestra relaci\u00f3n con Dios, por medio de la oraci\u00f3n, la lectura de la Palabra, congregarse constantemente, evitar el pecado y realizar las acciones que nos hacen ser agradables ante los ojos del Se\u00f1or. Este tipo de vida [&hellip;]","og_url":"https:\/\/laprensacristiana.com\/?p=8034","og_site_name":"La Prensa Cristiana","article_published_time":"2020-02-04T14:25:10+00:00","article_modified_time":"2020-02-04T14:25:13+00:00","og_image":[{"width":1369,"height":693,"url":"https:\/\/laprensacristiana.com\/wp-content\/uploads\/2020\/01\/reflexion.jpg","type":"image\/jpeg"}],"author":"EDITOR","twitter_card":"summary_large_image","twitter_misc":{"Escrito por":"EDITOR","Tiempo de lectura":"3 minutos"},"schema":{"@context":"https:\/\/schema.org","@graph":[{"@type":"WebPage","@id":"https:\/\/laprensacristiana.com\/?p=8034","url":"https:\/\/laprensacristiana.com\/?p=8034","name":"Si Dios es contigo, qui\u00e9n contra ti - La Prensa Cristiana","isPartOf":{"@id":"https:\/\/laprensacristiana.com\/#website"},"datePublished":"2020-02-04T14:25:10+00:00","dateModified":"2020-02-04T14:25:13+00:00","author":{"@id":"https:\/\/laprensacristiana.com\/#\/schema\/person\/3e7d82c6bfd6b1fa67010f8f7cd5256e"},"breadcrumb":{"@id":"https:\/\/laprensacristiana.com\/?p=8034#breadcrumb"},"inLanguage":"es","potentialAction":[{"@type":"ReadAction","target":["https:\/\/laprensacristiana.com\/?p=8034"]}]},{"@type":"BreadcrumbList","@id":"https:\/\/laprensacristiana.com\/?p=8034#breadcrumb","itemListElement":[{"@type":"ListItem","position":1,"name":"Portada","item":"https:\/\/laprensacristiana.com\/"},{"@type":"ListItem","position":2,"name":"Si Dios es contigo, qui\u00e9n contra ti"}]},{"@type":"WebSite","@id":"https:\/\/laprensacristiana.com\/#website","url":"https:\/\/laprensacristiana.com\/","name":"La Prensa Cristiana","description":"Anunciando Las Buenas Nuevas","potentialAction":[{"@type":"SearchAction","target":{"@type":"EntryPoint","urlTemplate":"https:\/\/laprensacristiana.com\/?s={search_term_string}"},"query-input":"required name=search_term_string"}],"inLanguage":"es"},{"@type":"Person","@id":"https:\/\/laprensacristiana.com\/#\/schema\/person\/3e7d82c6bfd6b1fa67010f8f7cd5256e","name":"EDITOR","image":{"@type":"ImageObject","inLanguage":"es","@id":"https:\/\/laprensacristiana.com\/#\/schema\/person\/image\/","url":"https:\/\/secure.gravatar.com\/avatar\/72069dfb6c13772d9e8381e3638666d2?s=96&d=mm&r=g","contentUrl":"https:\/\/secure.gravatar.com\/avatar\/72069dfb6c13772d9e8381e3638666d2?s=96&d=mm&r=g","caption":"EDITOR"},"url":"https:\/\/laprensacristiana.com\/?author=3"}]}},"_links":{"self":[{"href":"https:\/\/laprensacristiana.com\/index.php?rest_route=\/wp\/v2\/posts\/8034"}],"collection":[{"href":"https:\/\/laprensacristiana.com\/index.php?rest_route=\/wp\/v2\/posts"}],"about":[{"href":"https:\/\/laprensacristiana.com\/index.php?rest_route=\/wp\/v2\/types\/post"}],"author":[{"embeddable":true,"href":"https:\/\/laprensacristiana.com\/index.php?rest_route=\/wp\/v2\/users\/3"}],"replies":[{"embeddable":true,"href":"https:\/\/laprensacristiana.com\/index.php?rest_route=%2Fwp%2Fv2%2Fcomments&post=8034"}],"version-history":[{"count":1,"href":"https:\/\/laprensacristiana.com\/index.php?rest_route=\/wp\/v2\/posts\/8034\/revisions"}],"predecessor-version":[{"id":8035,"href":"https:\/\/laprensacristiana.com\/index.php?rest_route=\/wp\/v2\/posts\/8034\/revisions\/8035"}],"wp:featuredmedia":[{"embeddable":true,"href":"https:\/\/laprensacristiana.com\/index.php?rest_route=\/wp\/v2\/media\/7594"}],"wp:attachment":[{"href":"https:\/\/laprensacristiana.com\/index.php?rest_route=%2Fwp%2Fv2%2Fmedia&parent=8034"}],"wp:term":[{"taxonomy":"category","embeddable":true,"href":"https:\/\/laprensacristiana.com\/index.php?rest_route=%2Fwp%2Fv2%2Fcategories&post=8034"},{"taxonomy":"post_tag","embeddable":true,"href":"https:\/\/laprensacristiana.com\/index.php?rest_route=%2Fwp%2Fv2%2Ftags&post=8034"}],"curies":[{"name":"wp","href":"https:\/\/api.w.org\/{rel}","templated":true}]}}