{"id":8046,"date":"2020-02-04T18:38:15","date_gmt":"2020-02-04T18:38:15","guid":{"rendered":"https:\/\/laprensacristiana.com\/?p=8046"},"modified":"2020-02-04T18:38:18","modified_gmt":"2020-02-04T18:38:18","slug":"el-origen-de-la-religion-catolica","status":"publish","type":"post","link":"https:\/\/laprensacristiana.com\/?p=8046","title":{"rendered":"El origen de la religi\u00f3n cat\u00f3lica"},"content":{"rendered":"\n<p>Quiz\u00e1 un tema pol\u00e9mico, pero necesario de conocer por todos los verdaderos creyentes en Jesucristo. Una mala interpretaci\u00f3n de Mateo 16:18,ha servido a la religi\u00f3n de Roma pretexto para declararse como la iglesia que Cristo fund\u00f3. Lo cierto es que el ap\u00f3stol Pedro no fue constituido como el primer Papa por el Se\u00f1or como tampoco se puede sostener que el asiento original de la iglesia estuvo en Roma.<br><\/p>\n\n\n\n<p>La historia seria, no manipulada por la misma religi\u00f3n, demuestra con firmeza documentada que el poder religioso de Roma no surgi\u00f3 de un d\u00eda para otro.<br> La historia nos ense\u00f1a que el cristianismo fue perseguido por el imperio romano desde el a\u00f1o 60 hasta el 313 por mandato del propio emperador. Por tanto, resulta ilusorio pretender que el papado ejerci\u00f3 autoridad religiosa desde Roma donde estaba su mayor enemigo.<br><\/p>\n\n\n\n<p>Cuando Constantino firm\u00f3 el edicto de Mil\u00e1n, prohibi\u00f3 toda persecuci\u00f3n a los cristianos. Sin embargo, pas\u00f3 alg\u00fan tiempo antes que la persecuci\u00f3n cesara definitivamente. Mientras, los cristianos ten\u00edan libertad para predicar el evangelio, los paganos ten\u00edan prohibido practicar sus cultos. Como el emperador Constantino se declar\u00f3 cristiano y ofreci\u00f3 amplios beneficios a los cristianos, muchos paganos renunciaron a su vieja religi\u00f3n y se declararon cristianos por pura conveniencia.<br><\/p>\n\n\n\n<p>El resultado fue que muchas iglesias comenzaron a ser dirigidas por hombres indignos que no tuvieron escr\u00fapulos para torcer el evangelio y mezclarlo con el antiguo paganismo. Los antiguos dioses paganos fueron \u201ccristianizados \u201c, y los \u00eddolos fueron revestidos con nuevos nombres cristianos. Por ejemplo la figura de Diana, la diosa madre, no tuvo problema en ser transformada en Maria, la madre de Jes\u00fas, con el ni\u00f1o en brazos.<\/p>\n\n\n\n<p><br>El obispo de Roma comenz\u00f3 a ocupar un lugar significativo en la sociedad romana. No a la altura del emperador, quien se dec\u00eda sumo pont\u00edfice, pero debajo del emperador, porque \u00e9l lo hab\u00eda constituido.<br> El concilio de Nicea en 325, convocado por Constantino y dirigido por Constantino para resolver la controversia arriana, demuestra que el obisp\u00f3 de Roma todav\u00eda no hab\u00eda alcanzado la cuota de influencia y poder que tres siglos despu\u00e9s alcanzar\u00eda.<\/p>\n\n\n\n<p>Las invasiones de los pueblos b\u00e1rbaros fueron debilitando el imperio paulatinamente. Los territorios se fueron reduciendo y la capacidad militar se fue agotando al punto que algunos emperadores ca\u00edan muertos en batalla. La capital del imperio fue transladada a Constantinopla, as\u00ed llamada en honor a Constantino, y Roma comenz\u00f3 a decaer de su antigua grandeza. Al perder sus beneficios como capital, la ciudad comenz\u00f3 a poner sus ojos en el obispo de Roma, quien era la \u00fanica figura que parec\u00eda ser capaz de gobernar y ordenar todo el caos en que Roma hab\u00eda ca\u00eddo.<\/p>\n\n\n\n<p>No discutiremos la capacidad pol\u00edtica, econ\u00f3mica y diplom\u00e1tica del obispo de Roma. Pero el oficio de obispo no faculta para ejercer funciones terrenales sino espirituales. Y ese oficio de pastorear la grey hab\u00eda sido torcido, pues ya no era la Biblia ni el Esp\u00edritu Santo quien conduc\u00eda a la iglesia a toda verdad sino un hombre, muy inteligente talvez, pero sin la investidura divina, sin la gracia de Dios, pero con respaldo de hombres.<br><\/p>\n\n\n\n<p>Fue Leon primero el obispo de Roma que reclam\u00f3 el t\u00edtulo de Papa, y logr\u00f3 ese reconocimiento en todos los lugares aleda\u00f1os a Roma. Pero el papado fue creciendo en influencia hasta que Gregorio primero en 600, hizo universal el reclamo y logr\u00f3 que a\u00fan los reyes de la tierra se sometieran a su autoridad.<br><\/p>\n\n\n\n<p>No hay duda que el sincretismo originado por el decreto de Constantino, aniquil\u00f3 la pureza del cristianismo perseguido. La iglesia funcion\u00f3 mejor cuando fue perseguida y martirizada. El cese de la persecuci\u00f3n trajo corrupcion espiritual a la iglesia y pr\u00e1cticamente el cristianismo verdadero desapareci\u00f3 y fue sustituido por una religi\u00f3n influyente que lo mantuvo en anonimato por mil a\u00f1os, hasta la reforma protestante del siglo 16.<br><\/p>\n\n\n\n<p>La iglesia actual no debe olvidar las ense\u00f1anzas de la historia de la iglesia. Ya vimos lo f\u00e1cil que resulta abandonar la fe verdadera a cambio de posiciones de influencia mundana, de favores econ\u00f3micos o de cuotas de poder que corrompen el coraz\u00f3n de los l\u00edderes.<\/p>\n\n\n\n<p>Pronto estaremos dando cuentas al Se\u00f1or y quiz\u00e1 le diremos: Se\u00f1or, en tu nombre hicimos milagros y echamos demonios. Y muchos oir\u00e1n: Nunca os conoc\u00ed, hacedores de maldad.<\/p>\n","protected":false},"excerpt":{"rendered":"<p>Quiz\u00e1 un tema pol\u00e9mico, pero necesario de conocer por todos los verdaderos creyentes en Jesucristo. Una mala interpretaci\u00f3n de Mateo 16:18,ha servido a la religi\u00f3n de Roma pretexto para declararse como la iglesia que Cristo fund\u00f3. Lo cierto es que el ap\u00f3stol Pedro no fue constituido como el primer Papa por el Se\u00f1or como tampoco [&hellip;]<\/p>\n","protected":false},"author":3,"featured_media":7743,"comment_status":"open","ping_status":"open","sticky":false,"template":"","format":"standard","meta":[],"categories":[69],"tags":[],"yoast_head":"<!-- This site is optimized with the Yoast SEO plugin v20.8 - https:\/\/yoast.com\/wordpress\/plugins\/seo\/ -->\n<title>El origen de la religi\u00f3n cat\u00f3lica - La Prensa Cristiana<\/title>\n<meta name=\"robots\" content=\"index, follow, max-snippet:-1, max-image-preview:large, max-video-preview:-1\" \/>\n<link rel=\"canonical\" href=\"https:\/\/laprensacristiana.com\/?p=8046\" \/>\n<meta property=\"og:locale\" content=\"es_ES\" \/>\n<meta property=\"og:type\" content=\"article\" \/>\n<meta property=\"og:title\" content=\"El origen de la religi\u00f3n cat\u00f3lica - La Prensa Cristiana\" \/>\n<meta property=\"og:description\" content=\"Quiz\u00e1 un tema pol\u00e9mico, pero necesario de conocer por todos los verdaderos creyentes en Jesucristo. Una mala interpretaci\u00f3n de Mateo 16:18,ha servido a la religi\u00f3n de Roma pretexto para declararse como la iglesia que Cristo fund\u00f3. Lo cierto es que el ap\u00f3stol Pedro no fue constituido como el primer Papa por el Se\u00f1or como tampoco [&hellip;]\" \/>\n<meta property=\"og:url\" content=\"https:\/\/laprensacristiana.com\/?p=8046\" \/>\n<meta property=\"og:site_name\" content=\"La Prensa Cristiana\" \/>\n<meta property=\"article:published_time\" content=\"2020-02-04T18:38:15+00:00\" \/>\n<meta property=\"article:modified_time\" content=\"2020-02-04T18:38:18+00:00\" \/>\n<meta property=\"og:image\" content=\"https:\/\/laprensacristiana.com\/wp-content\/uploads\/2020\/01\/WhatsApp-Image-2019-08-21-at-10.53.02.jpeg\" \/>\n\t<meta property=\"og:image:width\" content=\"1280\" \/>\n\t<meta property=\"og:image:height\" content=\"647\" \/>\n\t<meta property=\"og:image:type\" content=\"image\/jpeg\" \/>\n<meta name=\"author\" content=\"EDITOR\" \/>\n<meta name=\"twitter:card\" content=\"summary_large_image\" \/>\n<meta name=\"twitter:label1\" content=\"Escrito por\" \/>\n\t<meta name=\"twitter:data1\" content=\"EDITOR\" \/>\n\t<meta name=\"twitter:label2\" content=\"Tiempo de lectura\" \/>\n\t<meta name=\"twitter:data2\" content=\"4 minutos\" \/>\n<script type=\"application\/ld+json\" class=\"yoast-schema-graph\">{\"@context\":\"https:\/\/schema.org\",\"@graph\":[{\"@type\":\"WebPage\",\"@id\":\"https:\/\/laprensacristiana.com\/?p=8046\",\"url\":\"https:\/\/laprensacristiana.com\/?p=8046\",\"name\":\"El origen de la religi\u00f3n cat\u00f3lica - La Prensa Cristiana\",\"isPartOf\":{\"@id\":\"https:\/\/laprensacristiana.com\/#website\"},\"datePublished\":\"2020-02-04T18:38:15+00:00\",\"dateModified\":\"2020-02-04T18:38:18+00:00\",\"author\":{\"@id\":\"https:\/\/laprensacristiana.com\/#\/schema\/person\/3e7d82c6bfd6b1fa67010f8f7cd5256e\"},\"breadcrumb\":{\"@id\":\"https:\/\/laprensacristiana.com\/?p=8046#breadcrumb\"},\"inLanguage\":\"es\",\"potentialAction\":[{\"@type\":\"ReadAction\",\"target\":[\"https:\/\/laprensacristiana.com\/?p=8046\"]}]},{\"@type\":\"BreadcrumbList\",\"@id\":\"https:\/\/laprensacristiana.com\/?p=8046#breadcrumb\",\"itemListElement\":[{\"@type\":\"ListItem\",\"position\":1,\"name\":\"Portada\",\"item\":\"https:\/\/laprensacristiana.com\/\"},{\"@type\":\"ListItem\",\"position\":2,\"name\":\"El origen de la religi\u00f3n cat\u00f3lica\"}]},{\"@type\":\"WebSite\",\"@id\":\"https:\/\/laprensacristiana.com\/#website\",\"url\":\"https:\/\/laprensacristiana.com\/\",\"name\":\"La Prensa Cristiana\",\"description\":\"Anunciando Las Buenas Nuevas\",\"potentialAction\":[{\"@type\":\"SearchAction\",\"target\":{\"@type\":\"EntryPoint\",\"urlTemplate\":\"https:\/\/laprensacristiana.com\/?s={search_term_string}\"},\"query-input\":\"required name=search_term_string\"}],\"inLanguage\":\"es\"},{\"@type\":\"Person\",\"@id\":\"https:\/\/laprensacristiana.com\/#\/schema\/person\/3e7d82c6bfd6b1fa67010f8f7cd5256e\",\"name\":\"EDITOR\",\"image\":{\"@type\":\"ImageObject\",\"inLanguage\":\"es\",\"@id\":\"https:\/\/laprensacristiana.com\/#\/schema\/person\/image\/\",\"url\":\"https:\/\/secure.gravatar.com\/avatar\/72069dfb6c13772d9e8381e3638666d2?s=96&d=mm&r=g\",\"contentUrl\":\"https:\/\/secure.gravatar.com\/avatar\/72069dfb6c13772d9e8381e3638666d2?s=96&d=mm&r=g\",\"caption\":\"EDITOR\"},\"url\":\"https:\/\/laprensacristiana.com\/?author=3\"}]}<\/script>\n<!-- \/ Yoast SEO plugin. -->","yoast_head_json":{"title":"El origen de la religi\u00f3n cat\u00f3lica - La Prensa Cristiana","robots":{"index":"index","follow":"follow","max-snippet":"max-snippet:-1","max-image-preview":"max-image-preview:large","max-video-preview":"max-video-preview:-1"},"canonical":"https:\/\/laprensacristiana.com\/?p=8046","og_locale":"es_ES","og_type":"article","og_title":"El origen de la religi\u00f3n cat\u00f3lica - La Prensa Cristiana","og_description":"Quiz\u00e1 un tema pol\u00e9mico, pero necesario de conocer por todos los verdaderos creyentes en Jesucristo. Una mala interpretaci\u00f3n de Mateo 16:18,ha servido a la religi\u00f3n de Roma pretexto para declararse como la iglesia que Cristo fund\u00f3. Lo cierto es que el ap\u00f3stol Pedro no fue constituido como el primer Papa por el Se\u00f1or como tampoco [&hellip;]","og_url":"https:\/\/laprensacristiana.com\/?p=8046","og_site_name":"La Prensa Cristiana","article_published_time":"2020-02-04T18:38:15+00:00","article_modified_time":"2020-02-04T18:38:18+00:00","og_image":[{"width":1280,"height":647,"url":"https:\/\/laprensacristiana.com\/wp-content\/uploads\/2020\/01\/WhatsApp-Image-2019-08-21-at-10.53.02.jpeg","type":"image\/jpeg"}],"author":"EDITOR","twitter_card":"summary_large_image","twitter_misc":{"Escrito por":"EDITOR","Tiempo de lectura":"4 minutos"},"schema":{"@context":"https:\/\/schema.org","@graph":[{"@type":"WebPage","@id":"https:\/\/laprensacristiana.com\/?p=8046","url":"https:\/\/laprensacristiana.com\/?p=8046","name":"El origen de la religi\u00f3n cat\u00f3lica - La Prensa Cristiana","isPartOf":{"@id":"https:\/\/laprensacristiana.com\/#website"},"datePublished":"2020-02-04T18:38:15+00:00","dateModified":"2020-02-04T18:38:18+00:00","author":{"@id":"https:\/\/laprensacristiana.com\/#\/schema\/person\/3e7d82c6bfd6b1fa67010f8f7cd5256e"},"breadcrumb":{"@id":"https:\/\/laprensacristiana.com\/?p=8046#breadcrumb"},"inLanguage":"es","potentialAction":[{"@type":"ReadAction","target":["https:\/\/laprensacristiana.com\/?p=8046"]}]},{"@type":"BreadcrumbList","@id":"https:\/\/laprensacristiana.com\/?p=8046#breadcrumb","itemListElement":[{"@type":"ListItem","position":1,"name":"Portada","item":"https:\/\/laprensacristiana.com\/"},{"@type":"ListItem","position":2,"name":"El origen de la religi\u00f3n cat\u00f3lica"}]},{"@type":"WebSite","@id":"https:\/\/laprensacristiana.com\/#website","url":"https:\/\/laprensacristiana.com\/","name":"La Prensa Cristiana","description":"Anunciando Las Buenas Nuevas","potentialAction":[{"@type":"SearchAction","target":{"@type":"EntryPoint","urlTemplate":"https:\/\/laprensacristiana.com\/?s={search_term_string}"},"query-input":"required name=search_term_string"}],"inLanguage":"es"},{"@type":"Person","@id":"https:\/\/laprensacristiana.com\/#\/schema\/person\/3e7d82c6bfd6b1fa67010f8f7cd5256e","name":"EDITOR","image":{"@type":"ImageObject","inLanguage":"es","@id":"https:\/\/laprensacristiana.com\/#\/schema\/person\/image\/","url":"https:\/\/secure.gravatar.com\/avatar\/72069dfb6c13772d9e8381e3638666d2?s=96&d=mm&r=g","contentUrl":"https:\/\/secure.gravatar.com\/avatar\/72069dfb6c13772d9e8381e3638666d2?s=96&d=mm&r=g","caption":"EDITOR"},"url":"https:\/\/laprensacristiana.com\/?author=3"}]}},"_links":{"self":[{"href":"https:\/\/laprensacristiana.com\/index.php?rest_route=\/wp\/v2\/posts\/8046"}],"collection":[{"href":"https:\/\/laprensacristiana.com\/index.php?rest_route=\/wp\/v2\/posts"}],"about":[{"href":"https:\/\/laprensacristiana.com\/index.php?rest_route=\/wp\/v2\/types\/post"}],"author":[{"embeddable":true,"href":"https:\/\/laprensacristiana.com\/index.php?rest_route=\/wp\/v2\/users\/3"}],"replies":[{"embeddable":true,"href":"https:\/\/laprensacristiana.com\/index.php?rest_route=%2Fwp%2Fv2%2Fcomments&post=8046"}],"version-history":[{"count":1,"href":"https:\/\/laprensacristiana.com\/index.php?rest_route=\/wp\/v2\/posts\/8046\/revisions"}],"predecessor-version":[{"id":8047,"href":"https:\/\/laprensacristiana.com\/index.php?rest_route=\/wp\/v2\/posts\/8046\/revisions\/8047"}],"wp:featuredmedia":[{"embeddable":true,"href":"https:\/\/laprensacristiana.com\/index.php?rest_route=\/wp\/v2\/media\/7743"}],"wp:attachment":[{"href":"https:\/\/laprensacristiana.com\/index.php?rest_route=%2Fwp%2Fv2%2Fmedia&parent=8046"}],"wp:term":[{"taxonomy":"category","embeddable":true,"href":"https:\/\/laprensacristiana.com\/index.php?rest_route=%2Fwp%2Fv2%2Fcategories&post=8046"},{"taxonomy":"post_tag","embeddable":true,"href":"https:\/\/laprensacristiana.com\/index.php?rest_route=%2Fwp%2Fv2%2Ftags&post=8046"}],"curies":[{"name":"wp","href":"https:\/\/api.w.org\/{rel}","templated":true}]}}