{"id":8082,"date":"2020-02-07T17:17:36","date_gmt":"2020-02-07T17:17:36","guid":{"rendered":"https:\/\/laprensacristiana.com\/?p=8082"},"modified":"2020-07-01T21:42:16","modified_gmt":"2020-07-01T21:42:16","slug":"fallece-pastor-solomon-erroa-de-iglesia-eben-ezer","status":"publish","type":"post","link":"https:\/\/laprensacristiana.com\/?p=8082","title":{"rendered":"Fallece pastor Salom\u00f3n Erroa de Iglesia Eben Ezer"},"content":{"rendered":"\n<p>En horas de la noche del jueves 06 de febrero perdi\u00f3 la vida el pastor Salom\u00f3n Erroa, quien pastoreaba la iglesia Eben Ezer de la Misi\u00f3n Centroamericana ubicada en Mariona.<br><\/p>\n\n\n\n<p>Seg\u00fan vecinos de la zona a eso de las 9:00 de la noche se escucharon disparos que dej\u00f3 como resultado la perdida del pastor Erroa.<\/p>\n\n\n\n<p>Otras fuentes indican que el pastor se encontraba en el lugar equivocado, en el momento menos indicado, al parecer, miembros de pandillas pasaron disparando en la zona, el hecho ocurri\u00f3 en pleno centro del municipio de Ayutuxtepeque.<\/p>\n\n\n\n<p>Los proyectos Tomando Mi Naci\u00f3n y No Matar\u00e1s lamentan su sencible fallecimiento. As\u00ed como tambi\u00e9n el Ministerio de intercesores Jabes Internacional: \u00abNos sentimos consternados y tristes por la perdida del pastor, era un gran ser humano, pero a la vez sabemos que ya est\u00e1 gozando en la presencia del Se\u00f1or\u00bb expres\u00f3 el pastor Carlos V\u00e1squez director del ministerio Jabes.<br><\/p>\n\n\n\n<p>Sus restos estar\u00e1n siendo velados en funeraria El Perdon en la Colonia Zacamil del municipio de Mejicanos.<br><br><\/p>\n","protected":false},"excerpt":{"rendered":"<p>En horas de la noche del jueves 06 de febrero perdi\u00f3 la vida el pastor Salom\u00f3n Erroa, quien pastoreaba la iglesia Eben Ezer de la Misi\u00f3n Centroamericana ubicada en Mariona. Seg\u00fan vecinos de la zona a eso de las 9:00 de la noche se escucharon disparos que dej\u00f3 como resultado la perdida del pastor Erroa. [&hellip;]<\/p>\n","protected":false},"author":3,"featured_media":8083,"comment_status":"open","ping_status":"open","sticky":false,"template":"","format":"standard","meta":[],"categories":[56],"tags":[],"yoast_head":"<!-- This site is optimized with the Yoast SEO plugin v20.8 - https:\/\/yoast.com\/wordpress\/plugins\/seo\/ -->\n<title>Fallece pastor Salom\u00f3n Erroa de Iglesia Eben Ezer - La Prensa Cristiana<\/title>\n<meta name=\"robots\" content=\"index, follow, max-snippet:-1, max-image-preview:large, max-video-preview:-1\" \/>\n<link rel=\"canonical\" href=\"https:\/\/laprensacristiana.com\/?p=8082\" \/>\n<meta property=\"og:locale\" content=\"es_ES\" \/>\n<meta property=\"og:type\" content=\"article\" \/>\n<meta property=\"og:title\" content=\"Fallece pastor Salom\u00f3n Erroa de Iglesia Eben Ezer - La Prensa Cristiana\" \/>\n<meta property=\"og:description\" content=\"En horas de la noche del jueves 06 de febrero perdi\u00f3 la vida el pastor Salom\u00f3n Erroa, quien pastoreaba la iglesia Eben Ezer de la Misi\u00f3n Centroamericana ubicada en Mariona. Seg\u00fan vecinos de la zona a eso de las 9:00 de la noche se escucharon disparos que dej\u00f3 como resultado la perdida del pastor Erroa. [&hellip;]\" \/>\n<meta property=\"og:url\" content=\"https:\/\/laprensacristiana.com\/?p=8082\" \/>\n<meta property=\"og:site_name\" content=\"La Prensa Cristiana\" \/>\n<meta property=\"article:published_time\" content=\"2020-02-07T17:17:36+00:00\" \/>\n<meta property=\"article:modified_time\" content=\"2020-07-01T21:42:16+00:00\" \/>\n<meta property=\"og:image\" content=\"https:\/\/laprensacristiana.com\/wp-content\/uploads\/2020\/02\/ARTE-PARA-ESQUELAS.jpg\" \/>\n\t<meta property=\"og:image:width\" content=\"900\" \/>\n\t<meta property=\"og:image:height\" content=\"600\" \/>\n\t<meta property=\"og:image:type\" content=\"image\/jpeg\" \/>\n<meta name=\"author\" content=\"EDITOR\" \/>\n<meta name=\"twitter:card\" content=\"summary_large_image\" \/>\n<meta name=\"twitter:label1\" content=\"Escrito por\" \/>\n\t<meta name=\"twitter:data1\" content=\"EDITOR\" \/>\n\t<meta name=\"twitter:label2\" content=\"Tiempo de lectura\" \/>\n\t<meta name=\"twitter:data2\" content=\"1 minuto\" \/>\n<script type=\"application\/ld+json\" class=\"yoast-schema-graph\">{\"@context\":\"https:\/\/schema.org\",\"@graph\":[{\"@type\":\"WebPage\",\"@id\":\"https:\/\/laprensacristiana.com\/?p=8082\",\"url\":\"https:\/\/laprensacristiana.com\/?p=8082\",\"name\":\"Fallece pastor Salom\u00f3n Erroa de Iglesia Eben Ezer - La Prensa Cristiana\",\"isPartOf\":{\"@id\":\"https:\/\/laprensacristiana.com\/#website\"},\"datePublished\":\"2020-02-07T17:17:36+00:00\",\"dateModified\":\"2020-07-01T21:42:16+00:00\",\"author\":{\"@id\":\"https:\/\/laprensacristiana.com\/#\/schema\/person\/3e7d82c6bfd6b1fa67010f8f7cd5256e\"},\"breadcrumb\":{\"@id\":\"https:\/\/laprensacristiana.com\/?p=8082#breadcrumb\"},\"inLanguage\":\"es\",\"potentialAction\":[{\"@type\":\"ReadAction\",\"target\":[\"https:\/\/laprensacristiana.com\/?p=8082\"]}]},{\"@type\":\"BreadcrumbList\",\"@id\":\"https:\/\/laprensacristiana.com\/?p=8082#breadcrumb\",\"itemListElement\":[{\"@type\":\"ListItem\",\"position\":1,\"name\":\"Portada\",\"item\":\"https:\/\/laprensacristiana.com\/\"},{\"@type\":\"ListItem\",\"position\":2,\"name\":\"Fallece pastor Salom\u00f3n Erroa de Iglesia Eben Ezer\"}]},{\"@type\":\"WebSite\",\"@id\":\"https:\/\/laprensacristiana.com\/#website\",\"url\":\"https:\/\/laprensacristiana.com\/\",\"name\":\"La Prensa Cristiana\",\"description\":\"Anunciando Las Buenas Nuevas\",\"potentialAction\":[{\"@type\":\"SearchAction\",\"target\":{\"@type\":\"EntryPoint\",\"urlTemplate\":\"https:\/\/laprensacristiana.com\/?s={search_term_string}\"},\"query-input\":\"required name=search_term_string\"}],\"inLanguage\":\"es\"},{\"@type\":\"Person\",\"@id\":\"https:\/\/laprensacristiana.com\/#\/schema\/person\/3e7d82c6bfd6b1fa67010f8f7cd5256e\",\"name\":\"EDITOR\",\"image\":{\"@type\":\"ImageObject\",\"inLanguage\":\"es\",\"@id\":\"https:\/\/laprensacristiana.com\/#\/schema\/person\/image\/\",\"url\":\"https:\/\/secure.gravatar.com\/avatar\/72069dfb6c13772d9e8381e3638666d2?s=96&d=mm&r=g\",\"contentUrl\":\"https:\/\/secure.gravatar.com\/avatar\/72069dfb6c13772d9e8381e3638666d2?s=96&d=mm&r=g\",\"caption\":\"EDITOR\"},\"url\":\"https:\/\/laprensacristiana.com\/?author=3\"}]}<\/script>\n<!-- \/ Yoast SEO plugin. -->","yoast_head_json":{"title":"Fallece pastor Salom\u00f3n Erroa de Iglesia Eben Ezer - La Prensa Cristiana","robots":{"index":"index","follow":"follow","max-snippet":"max-snippet:-1","max-image-preview":"max-image-preview:large","max-video-preview":"max-video-preview:-1"},"canonical":"https:\/\/laprensacristiana.com\/?p=8082","og_locale":"es_ES","og_type":"article","og_title":"Fallece pastor Salom\u00f3n Erroa de Iglesia Eben Ezer - La Prensa Cristiana","og_description":"En horas de la noche del jueves 06 de febrero perdi\u00f3 la vida el pastor Salom\u00f3n Erroa, quien pastoreaba la iglesia Eben Ezer de la Misi\u00f3n Centroamericana ubicada en Mariona. Seg\u00fan vecinos de la zona a eso de las 9:00 de la noche se escucharon disparos que dej\u00f3 como resultado la perdida del pastor Erroa. [&hellip;]","og_url":"https:\/\/laprensacristiana.com\/?p=8082","og_site_name":"La Prensa Cristiana","article_published_time":"2020-02-07T17:17:36+00:00","article_modified_time":"2020-07-01T21:42:16+00:00","og_image":[{"width":900,"height":600,"url":"https:\/\/laprensacristiana.com\/wp-content\/uploads\/2020\/02\/ARTE-PARA-ESQUELAS.jpg","type":"image\/jpeg"}],"author":"EDITOR","twitter_card":"summary_large_image","twitter_misc":{"Escrito por":"EDITOR","Tiempo de lectura":"1 minuto"},"schema":{"@context":"https:\/\/schema.org","@graph":[{"@type":"WebPage","@id":"https:\/\/laprensacristiana.com\/?p=8082","url":"https:\/\/laprensacristiana.com\/?p=8082","name":"Fallece pastor Salom\u00f3n Erroa de Iglesia Eben Ezer - La Prensa Cristiana","isPartOf":{"@id":"https:\/\/laprensacristiana.com\/#website"},"datePublished":"2020-02-07T17:17:36+00:00","dateModified":"2020-07-01T21:42:16+00:00","author":{"@id":"https:\/\/laprensacristiana.com\/#\/schema\/person\/3e7d82c6bfd6b1fa67010f8f7cd5256e"},"breadcrumb":{"@id":"https:\/\/laprensacristiana.com\/?p=8082#breadcrumb"},"inLanguage":"es","potentialAction":[{"@type":"ReadAction","target":["https:\/\/laprensacristiana.com\/?p=8082"]}]},{"@type":"BreadcrumbList","@id":"https:\/\/laprensacristiana.com\/?p=8082#breadcrumb","itemListElement":[{"@type":"ListItem","position":1,"name":"Portada","item":"https:\/\/laprensacristiana.com\/"},{"@type":"ListItem","position":2,"name":"Fallece pastor Salom\u00f3n Erroa de Iglesia Eben Ezer"}]},{"@type":"WebSite","@id":"https:\/\/laprensacristiana.com\/#website","url":"https:\/\/laprensacristiana.com\/","name":"La Prensa Cristiana","description":"Anunciando Las Buenas Nuevas","potentialAction":[{"@type":"SearchAction","target":{"@type":"EntryPoint","urlTemplate":"https:\/\/laprensacristiana.com\/?s={search_term_string}"},"query-input":"required name=search_term_string"}],"inLanguage":"es"},{"@type":"Person","@id":"https:\/\/laprensacristiana.com\/#\/schema\/person\/3e7d82c6bfd6b1fa67010f8f7cd5256e","name":"EDITOR","image":{"@type":"ImageObject","inLanguage":"es","@id":"https:\/\/laprensacristiana.com\/#\/schema\/person\/image\/","url":"https:\/\/secure.gravatar.com\/avatar\/72069dfb6c13772d9e8381e3638666d2?s=96&d=mm&r=g","contentUrl":"https:\/\/secure.gravatar.com\/avatar\/72069dfb6c13772d9e8381e3638666d2?s=96&d=mm&r=g","caption":"EDITOR"},"url":"https:\/\/laprensacristiana.com\/?author=3"}]}},"_links":{"self":[{"href":"https:\/\/laprensacristiana.com\/index.php?rest_route=\/wp\/v2\/posts\/8082"}],"collection":[{"href":"https:\/\/laprensacristiana.com\/index.php?rest_route=\/wp\/v2\/posts"}],"about":[{"href":"https:\/\/laprensacristiana.com\/index.php?rest_route=\/wp\/v2\/types\/post"}],"author":[{"embeddable":true,"href":"https:\/\/laprensacristiana.com\/index.php?rest_route=\/wp\/v2\/users\/3"}],"replies":[{"embeddable":true,"href":"https:\/\/laprensacristiana.com\/index.php?rest_route=%2Fwp%2Fv2%2Fcomments&post=8082"}],"version-history":[{"count":2,"href":"https:\/\/laprensacristiana.com\/index.php?rest_route=\/wp\/v2\/posts\/8082\/revisions"}],"predecessor-version":[{"id":8088,"href":"https:\/\/laprensacristiana.com\/index.php?rest_route=\/wp\/v2\/posts\/8082\/revisions\/8088"}],"wp:featuredmedia":[{"embeddable":true,"href":"https:\/\/laprensacristiana.com\/index.php?rest_route=\/wp\/v2\/media\/8083"}],"wp:attachment":[{"href":"https:\/\/laprensacristiana.com\/index.php?rest_route=%2Fwp%2Fv2%2Fmedia&parent=8082"}],"wp:term":[{"taxonomy":"category","embeddable":true,"href":"https:\/\/laprensacristiana.com\/index.php?rest_route=%2Fwp%2Fv2%2Fcategories&post=8082"},{"taxonomy":"post_tag","embeddable":true,"href":"https:\/\/laprensacristiana.com\/index.php?rest_route=%2Fwp%2Fv2%2Ftags&post=8082"}],"curies":[{"name":"wp","href":"https:\/\/api.w.org\/{rel}","templated":true}]}}