{"id":8110,"date":"2020-02-10T12:28:04","date_gmt":"2020-02-10T12:28:04","guid":{"rendered":"https:\/\/laprensacristiana.com\/?p=8110"},"modified":"2020-02-10T12:28:07","modified_gmt":"2020-02-10T12:28:07","slug":"jovenes-evangelizan-en-el-centro-de-quezaltepeque","status":"publish","type":"post","link":"https:\/\/laprensacristiana.com\/?p=8110","title":{"rendered":"Jovenes evangelizan en el centro de Quezaltepeque"},"content":{"rendered":"\n<p>El fin de semana un grupo de j\u00f3venes pertenecientes a la iglesia Canaan de las Asambleas de Dios en Quezaltepeque salieron a las principales calles del municipio para llevar la palabra Dios a aquellos que a\u00fan no le han entregado su vida a Cristo. <\/p>\n\n\n\n<p>Est\u00e1 iniciativa est\u00e1 dirigida por el departamento de misiones local quienes hicieron su labor de una manera diferente, con un\u00a0 evangelismo creativo en el sem\u00e1foro, con r\u00f3tulos y entregaron una carta de amor de Dios para ti, muchos recibieron con alegr\u00eda la carta. <br> \u00abFue una gran oportunidad de compartir el mensaje de amor de Jes\u00fas\u00bb expres\u00f3 Carlos Castillo, pastor de Iglesia Canaan de las Asambleas de Dios en Quezaltepeque. <\/p>\n\n\n\n<figure class=\"wp-block-image\"><img decoding=\"async\" loading=\"lazy\" width=\"720\" height=\"540\" src=\"https:\/\/laprensacristiana.com\/wp-content\/uploads\/2020\/02\/FB_IMG_1581337551350.jpg\" alt=\"\" class=\"wp-image-8111\" srcset=\"https:\/\/laprensacristiana.com\/wp-content\/uploads\/2020\/02\/FB_IMG_1581337551350.jpg 720w, https:\/\/laprensacristiana.com\/wp-content\/uploads\/2020\/02\/FB_IMG_1581337551350-300x225.jpg 300w, https:\/\/laprensacristiana.com\/wp-content\/uploads\/2020\/02\/FB_IMG_1581337551350-80x60.jpg 80w, https:\/\/laprensacristiana.com\/wp-content\/uploads\/2020\/02\/FB_IMG_1581337551350-265x198.jpg 265w, https:\/\/laprensacristiana.com\/wp-content\/uploads\/2020\/02\/FB_IMG_1581337551350-696x522.jpg 696w, https:\/\/laprensacristiana.com\/wp-content\/uploads\/2020\/02\/FB_IMG_1581337551350-560x420.jpg 560w, https:\/\/laprensacristiana.com\/wp-content\/uploads\/2020\/02\/FB_IMG_1581337551350-600x450.jpg 600w\" sizes=\"(max-width: 720px) 100vw, 720px\" \/><\/figure>\n","protected":false},"excerpt":{"rendered":"<p>El fin de semana un grupo de j\u00f3venes pertenecientes a la iglesia Canaan de las Asambleas de Dios en Quezaltepeque salieron a las principales calles del municipio para llevar la palabra Dios a aquellos que a\u00fan no le han entregado su vida a Cristo. Est\u00e1 iniciativa est\u00e1 dirigida por el departamento de misiones local quienes [&hellip;]<\/p>\n","protected":false},"author":3,"featured_media":8112,"comment_status":"open","ping_status":"open","sticky":false,"template":"","format":"standard","meta":[],"categories":[56],"tags":[],"yoast_head":"<!-- This site is optimized with the Yoast SEO plugin v20.8 - https:\/\/yoast.com\/wordpress\/plugins\/seo\/ -->\n<title>Jovenes evangelizan en el centro de Quezaltepeque - La Prensa Cristiana<\/title>\n<meta name=\"robots\" content=\"index, follow, max-snippet:-1, max-image-preview:large, max-video-preview:-1\" \/>\n<link rel=\"canonical\" href=\"https:\/\/laprensacristiana.com\/?p=8110\" \/>\n<meta property=\"og:locale\" content=\"es_ES\" \/>\n<meta property=\"og:type\" content=\"article\" \/>\n<meta property=\"og:title\" content=\"Jovenes evangelizan en el centro de Quezaltepeque - La Prensa Cristiana\" \/>\n<meta property=\"og:description\" content=\"El fin de semana un grupo de j\u00f3venes pertenecientes a la iglesia Canaan de las Asambleas de Dios en Quezaltepeque salieron a las principales calles del municipio para llevar la palabra Dios a aquellos que a\u00fan no le han entregado su vida a Cristo. Est\u00e1 iniciativa est\u00e1 dirigida por el departamento de misiones local quienes [&hellip;]\" \/>\n<meta property=\"og:url\" content=\"https:\/\/laprensacristiana.com\/?p=8110\" \/>\n<meta property=\"og:site_name\" content=\"La Prensa Cristiana\" \/>\n<meta property=\"article:published_time\" content=\"2020-02-10T12:28:04+00:00\" \/>\n<meta property=\"article:modified_time\" content=\"2020-02-10T12:28:07+00:00\" \/>\n<meta property=\"og:image\" content=\"https:\/\/laprensacristiana.com\/wp-content\/uploads\/2020\/02\/FB_IMG_1581337548173.jpg\" \/>\n\t<meta property=\"og:image:width\" content=\"720\" \/>\n\t<meta property=\"og:image:height\" content=\"540\" \/>\n\t<meta property=\"og:image:type\" content=\"image\/jpeg\" \/>\n<meta name=\"author\" content=\"EDITOR\" \/>\n<meta name=\"twitter:card\" content=\"summary_large_image\" \/>\n<meta name=\"twitter:label1\" content=\"Escrito por\" \/>\n\t<meta name=\"twitter:data1\" content=\"EDITOR\" \/>\n\t<meta name=\"twitter:label2\" content=\"Tiempo de lectura\" \/>\n\t<meta name=\"twitter:data2\" content=\"1 minuto\" \/>\n<script type=\"application\/ld+json\" class=\"yoast-schema-graph\">{\"@context\":\"https:\/\/schema.org\",\"@graph\":[{\"@type\":\"WebPage\",\"@id\":\"https:\/\/laprensacristiana.com\/?p=8110\",\"url\":\"https:\/\/laprensacristiana.com\/?p=8110\",\"name\":\"Jovenes evangelizan en el centro de Quezaltepeque - La Prensa Cristiana\",\"isPartOf\":{\"@id\":\"https:\/\/laprensacristiana.com\/#website\"},\"datePublished\":\"2020-02-10T12:28:04+00:00\",\"dateModified\":\"2020-02-10T12:28:07+00:00\",\"author\":{\"@id\":\"https:\/\/laprensacristiana.com\/#\/schema\/person\/3e7d82c6bfd6b1fa67010f8f7cd5256e\"},\"breadcrumb\":{\"@id\":\"https:\/\/laprensacristiana.com\/?p=8110#breadcrumb\"},\"inLanguage\":\"es\",\"potentialAction\":[{\"@type\":\"ReadAction\",\"target\":[\"https:\/\/laprensacristiana.com\/?p=8110\"]}]},{\"@type\":\"BreadcrumbList\",\"@id\":\"https:\/\/laprensacristiana.com\/?p=8110#breadcrumb\",\"itemListElement\":[{\"@type\":\"ListItem\",\"position\":1,\"name\":\"Portada\",\"item\":\"https:\/\/laprensacristiana.com\/\"},{\"@type\":\"ListItem\",\"position\":2,\"name\":\"Jovenes evangelizan en el centro de Quezaltepeque\"}]},{\"@type\":\"WebSite\",\"@id\":\"https:\/\/laprensacristiana.com\/#website\",\"url\":\"https:\/\/laprensacristiana.com\/\",\"name\":\"La Prensa Cristiana\",\"description\":\"Anunciando Las Buenas Nuevas\",\"potentialAction\":[{\"@type\":\"SearchAction\",\"target\":{\"@type\":\"EntryPoint\",\"urlTemplate\":\"https:\/\/laprensacristiana.com\/?s={search_term_string}\"},\"query-input\":\"required name=search_term_string\"}],\"inLanguage\":\"es\"},{\"@type\":\"Person\",\"@id\":\"https:\/\/laprensacristiana.com\/#\/schema\/person\/3e7d82c6bfd6b1fa67010f8f7cd5256e\",\"name\":\"EDITOR\",\"image\":{\"@type\":\"ImageObject\",\"inLanguage\":\"es\",\"@id\":\"https:\/\/laprensacristiana.com\/#\/schema\/person\/image\/\",\"url\":\"https:\/\/secure.gravatar.com\/avatar\/72069dfb6c13772d9e8381e3638666d2?s=96&d=mm&r=g\",\"contentUrl\":\"https:\/\/secure.gravatar.com\/avatar\/72069dfb6c13772d9e8381e3638666d2?s=96&d=mm&r=g\",\"caption\":\"EDITOR\"},\"url\":\"https:\/\/laprensacristiana.com\/?author=3\"}]}<\/script>\n<!-- \/ Yoast SEO plugin. -->","yoast_head_json":{"title":"Jovenes evangelizan en el centro de Quezaltepeque - La Prensa Cristiana","robots":{"index":"index","follow":"follow","max-snippet":"max-snippet:-1","max-image-preview":"max-image-preview:large","max-video-preview":"max-video-preview:-1"},"canonical":"https:\/\/laprensacristiana.com\/?p=8110","og_locale":"es_ES","og_type":"article","og_title":"Jovenes evangelizan en el centro de Quezaltepeque - La Prensa Cristiana","og_description":"El fin de semana un grupo de j\u00f3venes pertenecientes a la iglesia Canaan de las Asambleas de Dios en Quezaltepeque salieron a las principales calles del municipio para llevar la palabra Dios a aquellos que a\u00fan no le han entregado su vida a Cristo. Est\u00e1 iniciativa est\u00e1 dirigida por el departamento de misiones local quienes [&hellip;]","og_url":"https:\/\/laprensacristiana.com\/?p=8110","og_site_name":"La Prensa Cristiana","article_published_time":"2020-02-10T12:28:04+00:00","article_modified_time":"2020-02-10T12:28:07+00:00","og_image":[{"width":720,"height":540,"url":"https:\/\/laprensacristiana.com\/wp-content\/uploads\/2020\/02\/FB_IMG_1581337548173.jpg","type":"image\/jpeg"}],"author":"EDITOR","twitter_card":"summary_large_image","twitter_misc":{"Escrito por":"EDITOR","Tiempo de lectura":"1 minuto"},"schema":{"@context":"https:\/\/schema.org","@graph":[{"@type":"WebPage","@id":"https:\/\/laprensacristiana.com\/?p=8110","url":"https:\/\/laprensacristiana.com\/?p=8110","name":"Jovenes evangelizan en el centro de Quezaltepeque - La Prensa Cristiana","isPartOf":{"@id":"https:\/\/laprensacristiana.com\/#website"},"datePublished":"2020-02-10T12:28:04+00:00","dateModified":"2020-02-10T12:28:07+00:00","author":{"@id":"https:\/\/laprensacristiana.com\/#\/schema\/person\/3e7d82c6bfd6b1fa67010f8f7cd5256e"},"breadcrumb":{"@id":"https:\/\/laprensacristiana.com\/?p=8110#breadcrumb"},"inLanguage":"es","potentialAction":[{"@type":"ReadAction","target":["https:\/\/laprensacristiana.com\/?p=8110"]}]},{"@type":"BreadcrumbList","@id":"https:\/\/laprensacristiana.com\/?p=8110#breadcrumb","itemListElement":[{"@type":"ListItem","position":1,"name":"Portada","item":"https:\/\/laprensacristiana.com\/"},{"@type":"ListItem","position":2,"name":"Jovenes evangelizan en el centro de Quezaltepeque"}]},{"@type":"WebSite","@id":"https:\/\/laprensacristiana.com\/#website","url":"https:\/\/laprensacristiana.com\/","name":"La Prensa Cristiana","description":"Anunciando Las Buenas Nuevas","potentialAction":[{"@type":"SearchAction","target":{"@type":"EntryPoint","urlTemplate":"https:\/\/laprensacristiana.com\/?s={search_term_string}"},"query-input":"required name=search_term_string"}],"inLanguage":"es"},{"@type":"Person","@id":"https:\/\/laprensacristiana.com\/#\/schema\/person\/3e7d82c6bfd6b1fa67010f8f7cd5256e","name":"EDITOR","image":{"@type":"ImageObject","inLanguage":"es","@id":"https:\/\/laprensacristiana.com\/#\/schema\/person\/image\/","url":"https:\/\/secure.gravatar.com\/avatar\/72069dfb6c13772d9e8381e3638666d2?s=96&d=mm&r=g","contentUrl":"https:\/\/secure.gravatar.com\/avatar\/72069dfb6c13772d9e8381e3638666d2?s=96&d=mm&r=g","caption":"EDITOR"},"url":"https:\/\/laprensacristiana.com\/?author=3"}]}},"_links":{"self":[{"href":"https:\/\/laprensacristiana.com\/index.php?rest_route=\/wp\/v2\/posts\/8110"}],"collection":[{"href":"https:\/\/laprensacristiana.com\/index.php?rest_route=\/wp\/v2\/posts"}],"about":[{"href":"https:\/\/laprensacristiana.com\/index.php?rest_route=\/wp\/v2\/types\/post"}],"author":[{"embeddable":true,"href":"https:\/\/laprensacristiana.com\/index.php?rest_route=\/wp\/v2\/users\/3"}],"replies":[{"embeddable":true,"href":"https:\/\/laprensacristiana.com\/index.php?rest_route=%2Fwp%2Fv2%2Fcomments&post=8110"}],"version-history":[{"count":1,"href":"https:\/\/laprensacristiana.com\/index.php?rest_route=\/wp\/v2\/posts\/8110\/revisions"}],"predecessor-version":[{"id":8113,"href":"https:\/\/laprensacristiana.com\/index.php?rest_route=\/wp\/v2\/posts\/8110\/revisions\/8113"}],"wp:featuredmedia":[{"embeddable":true,"href":"https:\/\/laprensacristiana.com\/index.php?rest_route=\/wp\/v2\/media\/8112"}],"wp:attachment":[{"href":"https:\/\/laprensacristiana.com\/index.php?rest_route=%2Fwp%2Fv2%2Fmedia&parent=8110"}],"wp:term":[{"taxonomy":"category","embeddable":true,"href":"https:\/\/laprensacristiana.com\/index.php?rest_route=%2Fwp%2Fv2%2Fcategories&post=8110"},{"taxonomy":"post_tag","embeddable":true,"href":"https:\/\/laprensacristiana.com\/index.php?rest_route=%2Fwp%2Fv2%2Ftags&post=8110"}],"curies":[{"name":"wp","href":"https:\/\/api.w.org\/{rel}","templated":true}]}}