{"id":8114,"date":"2020-02-10T19:06:13","date_gmt":"2020-02-10T19:06:13","guid":{"rendered":"https:\/\/laprensacristiana.com\/?p=8114"},"modified":"2020-02-10T19:06:16","modified_gmt":"2020-02-10T19:06:16","slug":"evangelista-franklin-graham-se-reune-con-pastores-en-reino-unido","status":"publish","type":"post","link":"https:\/\/laprensacristiana.com\/?p=8114","title":{"rendered":"Evang\u00e9lista Franklin Graham se re\u00fane con pastores en Reino Unido"},"content":{"rendered":"\n<p>El pastor y evangelista hijo del Billy Graham se reuni\u00f3 con m\u00e1s de 100 pastores de Reino Unido para reiterar el trabajo que se est\u00e1 realizando en conjunto, cada uno de ellos forma parte de tours 2020 de la Cruzada Evangel\u00edstica que se llevar\u00e1 a cabo a fin de a\u00f1o en Reino Unido.<\/p>\n\n\n\n<p>En medio de protestas de grupos LGTBI y con tres lugares suspendidos hasta el momento, Franklin agradece a los pastores por sumarse a este gran esfuerzo y alienta a todos los hermanos en Cristo a poder orar por ellos ya que llevan una carga en sus comunidades para predicar el evangelio de Jesucristo, los grupos activistas est\u00e1n catalogando el mensaje del evangelio como un \u00abdiscurso de odio\u00bb que se est\u00e1 sembrando en la poblaci\u00f3n para no ser aceptados .<\/p>\n","protected":false},"excerpt":{"rendered":"<p>El pastor y evangelista hijo del Billy Graham se reuni\u00f3 con m\u00e1s de 100 pastores de Reino Unido para reiterar el trabajo que se est\u00e1 realizando en conjunto, cada uno de ellos forma parte de tours 2020 de la Cruzada Evangel\u00edstica que se llevar\u00e1 a cabo a fin de a\u00f1o en Reino Unido. En medio [&hellip;]<\/p>\n","protected":false},"author":3,"featured_media":8115,"comment_status":"open","ping_status":"open","sticky":false,"template":"","format":"standard","meta":[],"categories":[56],"tags":[],"yoast_head":"<!-- This site is optimized with the Yoast SEO plugin v20.8 - https:\/\/yoast.com\/wordpress\/plugins\/seo\/ -->\n<title>Evang\u00e9lista Franklin Graham se re\u00fane con pastores en Reino Unido - La Prensa Cristiana<\/title>\n<meta name=\"robots\" content=\"index, follow, max-snippet:-1, max-image-preview:large, max-video-preview:-1\" \/>\n<link rel=\"canonical\" href=\"https:\/\/laprensacristiana.com\/?p=8114\" \/>\n<meta property=\"og:locale\" content=\"es_ES\" \/>\n<meta property=\"og:type\" content=\"article\" \/>\n<meta property=\"og:title\" content=\"Evang\u00e9lista Franklin Graham se re\u00fane con pastores en Reino Unido - La Prensa Cristiana\" \/>\n<meta property=\"og:description\" content=\"El pastor y evangelista hijo del Billy Graham se reuni\u00f3 con m\u00e1s de 100 pastores de Reino Unido para reiterar el trabajo que se est\u00e1 realizando en conjunto, cada uno de ellos forma parte de tours 2020 de la Cruzada Evangel\u00edstica que se llevar\u00e1 a cabo a fin de a\u00f1o en Reino Unido. En medio [&hellip;]\" \/>\n<meta property=\"og:url\" content=\"https:\/\/laprensacristiana.com\/?p=8114\" \/>\n<meta property=\"og:site_name\" content=\"La Prensa Cristiana\" \/>\n<meta property=\"article:published_time\" content=\"2020-02-10T19:06:13+00:00\" \/>\n<meta property=\"article:modified_time\" content=\"2020-02-10T19:06:16+00:00\" \/>\n<meta property=\"og:image\" content=\"https:\/\/laprensacristiana.com\/wp-content\/uploads\/2020\/02\/FB_IMG_1581361021789.jpg\" \/>\n\t<meta property=\"og:image:width\" content=\"720\" \/>\n\t<meta property=\"og:image:height\" content=\"480\" \/>\n\t<meta property=\"og:image:type\" content=\"image\/jpeg\" \/>\n<meta name=\"author\" content=\"EDITOR\" \/>\n<meta name=\"twitter:card\" content=\"summary_large_image\" \/>\n<meta name=\"twitter:label1\" content=\"Escrito por\" \/>\n\t<meta name=\"twitter:data1\" content=\"EDITOR\" \/>\n\t<meta name=\"twitter:label2\" content=\"Tiempo de lectura\" \/>\n\t<meta name=\"twitter:data2\" content=\"1 minuto\" \/>\n<script type=\"application\/ld+json\" class=\"yoast-schema-graph\">{\"@context\":\"https:\/\/schema.org\",\"@graph\":[{\"@type\":\"WebPage\",\"@id\":\"https:\/\/laprensacristiana.com\/?p=8114\",\"url\":\"https:\/\/laprensacristiana.com\/?p=8114\",\"name\":\"Evang\u00e9lista Franklin Graham se re\u00fane con pastores en Reino Unido - La Prensa Cristiana\",\"isPartOf\":{\"@id\":\"https:\/\/laprensacristiana.com\/#website\"},\"datePublished\":\"2020-02-10T19:06:13+00:00\",\"dateModified\":\"2020-02-10T19:06:16+00:00\",\"author\":{\"@id\":\"https:\/\/laprensacristiana.com\/#\/schema\/person\/3e7d82c6bfd6b1fa67010f8f7cd5256e\"},\"breadcrumb\":{\"@id\":\"https:\/\/laprensacristiana.com\/?p=8114#breadcrumb\"},\"inLanguage\":\"es\",\"potentialAction\":[{\"@type\":\"ReadAction\",\"target\":[\"https:\/\/laprensacristiana.com\/?p=8114\"]}]},{\"@type\":\"BreadcrumbList\",\"@id\":\"https:\/\/laprensacristiana.com\/?p=8114#breadcrumb\",\"itemListElement\":[{\"@type\":\"ListItem\",\"position\":1,\"name\":\"Portada\",\"item\":\"https:\/\/laprensacristiana.com\/\"},{\"@type\":\"ListItem\",\"position\":2,\"name\":\"Evang\u00e9lista Franklin Graham se re\u00fane con pastores en Reino Unido\"}]},{\"@type\":\"WebSite\",\"@id\":\"https:\/\/laprensacristiana.com\/#website\",\"url\":\"https:\/\/laprensacristiana.com\/\",\"name\":\"La Prensa Cristiana\",\"description\":\"Anunciando Las Buenas Nuevas\",\"potentialAction\":[{\"@type\":\"SearchAction\",\"target\":{\"@type\":\"EntryPoint\",\"urlTemplate\":\"https:\/\/laprensacristiana.com\/?s={search_term_string}\"},\"query-input\":\"required name=search_term_string\"}],\"inLanguage\":\"es\"},{\"@type\":\"Person\",\"@id\":\"https:\/\/laprensacristiana.com\/#\/schema\/person\/3e7d82c6bfd6b1fa67010f8f7cd5256e\",\"name\":\"EDITOR\",\"image\":{\"@type\":\"ImageObject\",\"inLanguage\":\"es\",\"@id\":\"https:\/\/laprensacristiana.com\/#\/schema\/person\/image\/\",\"url\":\"https:\/\/secure.gravatar.com\/avatar\/72069dfb6c13772d9e8381e3638666d2?s=96&d=mm&r=g\",\"contentUrl\":\"https:\/\/secure.gravatar.com\/avatar\/72069dfb6c13772d9e8381e3638666d2?s=96&d=mm&r=g\",\"caption\":\"EDITOR\"},\"url\":\"https:\/\/laprensacristiana.com\/?author=3\"}]}<\/script>\n<!-- \/ Yoast SEO plugin. -->","yoast_head_json":{"title":"Evang\u00e9lista Franklin Graham se re\u00fane con pastores en Reino Unido - La Prensa Cristiana","robots":{"index":"index","follow":"follow","max-snippet":"max-snippet:-1","max-image-preview":"max-image-preview:large","max-video-preview":"max-video-preview:-1"},"canonical":"https:\/\/laprensacristiana.com\/?p=8114","og_locale":"es_ES","og_type":"article","og_title":"Evang\u00e9lista Franklin Graham se re\u00fane con pastores en Reino Unido - La Prensa Cristiana","og_description":"El pastor y evangelista hijo del Billy Graham se reuni\u00f3 con m\u00e1s de 100 pastores de Reino Unido para reiterar el trabajo que se est\u00e1 realizando en conjunto, cada uno de ellos forma parte de tours 2020 de la Cruzada Evangel\u00edstica que se llevar\u00e1 a cabo a fin de a\u00f1o en Reino Unido. En medio [&hellip;]","og_url":"https:\/\/laprensacristiana.com\/?p=8114","og_site_name":"La Prensa Cristiana","article_published_time":"2020-02-10T19:06:13+00:00","article_modified_time":"2020-02-10T19:06:16+00:00","og_image":[{"width":720,"height":480,"url":"https:\/\/laprensacristiana.com\/wp-content\/uploads\/2020\/02\/FB_IMG_1581361021789.jpg","type":"image\/jpeg"}],"author":"EDITOR","twitter_card":"summary_large_image","twitter_misc":{"Escrito por":"EDITOR","Tiempo de lectura":"1 minuto"},"schema":{"@context":"https:\/\/schema.org","@graph":[{"@type":"WebPage","@id":"https:\/\/laprensacristiana.com\/?p=8114","url":"https:\/\/laprensacristiana.com\/?p=8114","name":"Evang\u00e9lista Franklin Graham se re\u00fane con pastores en Reino Unido - La Prensa Cristiana","isPartOf":{"@id":"https:\/\/laprensacristiana.com\/#website"},"datePublished":"2020-02-10T19:06:13+00:00","dateModified":"2020-02-10T19:06:16+00:00","author":{"@id":"https:\/\/laprensacristiana.com\/#\/schema\/person\/3e7d82c6bfd6b1fa67010f8f7cd5256e"},"breadcrumb":{"@id":"https:\/\/laprensacristiana.com\/?p=8114#breadcrumb"},"inLanguage":"es","potentialAction":[{"@type":"ReadAction","target":["https:\/\/laprensacristiana.com\/?p=8114"]}]},{"@type":"BreadcrumbList","@id":"https:\/\/laprensacristiana.com\/?p=8114#breadcrumb","itemListElement":[{"@type":"ListItem","position":1,"name":"Portada","item":"https:\/\/laprensacristiana.com\/"},{"@type":"ListItem","position":2,"name":"Evang\u00e9lista Franklin Graham se re\u00fane con pastores en Reino Unido"}]},{"@type":"WebSite","@id":"https:\/\/laprensacristiana.com\/#website","url":"https:\/\/laprensacristiana.com\/","name":"La Prensa Cristiana","description":"Anunciando Las Buenas Nuevas","potentialAction":[{"@type":"SearchAction","target":{"@type":"EntryPoint","urlTemplate":"https:\/\/laprensacristiana.com\/?s={search_term_string}"},"query-input":"required name=search_term_string"}],"inLanguage":"es"},{"@type":"Person","@id":"https:\/\/laprensacristiana.com\/#\/schema\/person\/3e7d82c6bfd6b1fa67010f8f7cd5256e","name":"EDITOR","image":{"@type":"ImageObject","inLanguage":"es","@id":"https:\/\/laprensacristiana.com\/#\/schema\/person\/image\/","url":"https:\/\/secure.gravatar.com\/avatar\/72069dfb6c13772d9e8381e3638666d2?s=96&d=mm&r=g","contentUrl":"https:\/\/secure.gravatar.com\/avatar\/72069dfb6c13772d9e8381e3638666d2?s=96&d=mm&r=g","caption":"EDITOR"},"url":"https:\/\/laprensacristiana.com\/?author=3"}]}},"_links":{"self":[{"href":"https:\/\/laprensacristiana.com\/index.php?rest_route=\/wp\/v2\/posts\/8114"}],"collection":[{"href":"https:\/\/laprensacristiana.com\/index.php?rest_route=\/wp\/v2\/posts"}],"about":[{"href":"https:\/\/laprensacristiana.com\/index.php?rest_route=\/wp\/v2\/types\/post"}],"author":[{"embeddable":true,"href":"https:\/\/laprensacristiana.com\/index.php?rest_route=\/wp\/v2\/users\/3"}],"replies":[{"embeddable":true,"href":"https:\/\/laprensacristiana.com\/index.php?rest_route=%2Fwp%2Fv2%2Fcomments&post=8114"}],"version-history":[{"count":1,"href":"https:\/\/laprensacristiana.com\/index.php?rest_route=\/wp\/v2\/posts\/8114\/revisions"}],"predecessor-version":[{"id":8116,"href":"https:\/\/laprensacristiana.com\/index.php?rest_route=\/wp\/v2\/posts\/8114\/revisions\/8116"}],"wp:featuredmedia":[{"embeddable":true,"href":"https:\/\/laprensacristiana.com\/index.php?rest_route=\/wp\/v2\/media\/8115"}],"wp:attachment":[{"href":"https:\/\/laprensacristiana.com\/index.php?rest_route=%2Fwp%2Fv2%2Fmedia&parent=8114"}],"wp:term":[{"taxonomy":"category","embeddable":true,"href":"https:\/\/laprensacristiana.com\/index.php?rest_route=%2Fwp%2Fv2%2Fcategories&post=8114"},{"taxonomy":"post_tag","embeddable":true,"href":"https:\/\/laprensacristiana.com\/index.php?rest_route=%2Fwp%2Fv2%2Ftags&post=8114"}],"curies":[{"name":"wp","href":"https:\/\/api.w.org\/{rel}","templated":true}]}}