{"id":8117,"date":"2020-02-10T19:56:15","date_gmt":"2020-02-10T19:56:15","guid":{"rendered":"https:\/\/laprensacristiana.com\/?p=8117"},"modified":"2020-02-10T19:56:17","modified_gmt":"2020-02-10T19:56:17","slug":"israel-celebra-el-ano-nuevo-de-los-arboles-o-conocido-como-el-bishvat","status":"publish","type":"post","link":"https:\/\/laprensacristiana.com\/?p=8117","title":{"rendered":"Israel celebra \u00abEl a\u00f1o nuevo de los \u00e1rboles\u00bb o conocido como el Bishvat"},"content":{"rendered":"\n<p>Israel realiza est\u00e1 gran fiesta ecol\u00f3gica cada a\u00f1o generalmente en enero o febrero, la tradici\u00f3n para ese d\u00eda es comer frutas secas, lecturas y c\u00e1nticos alusivos, juegos con \u00e1rboles, plantas y flores, plantaciones y paseos por la naturaleza, adem\u00e1s de crear conciencia sobre el calentamiento global.<\/p>\n\n\n\n<p>M\u00e1s de un mill\u00f3n de jud\u00edos, ni\u00f1os, j\u00f3venes y adultos participan en actividades de plantaci\u00f3n de  \u00e1rboles, anteriormente est\u00e1 celebraci\u00f3n significaba el comienzo de un nuevo ciclo agr\u00edcola.<\/p>\n\n\n\n<p>En los \u00faltimos 100 a\u00f1os en Israel se han plantado m\u00e1s de 250 millones de \u00e1rboles, siendo uno de los pa\u00edses con ganancias neta de \u00e1rboles en el mundo.<\/p>\n","protected":false},"excerpt":{"rendered":"<p>Israel realiza est\u00e1 gran fiesta ecol\u00f3gica cada a\u00f1o generalmente en enero o febrero, la tradici\u00f3n para ese d\u00eda es comer frutas secas, lecturas y c\u00e1nticos alusivos, juegos con \u00e1rboles, plantas y flores, plantaciones y paseos por la naturaleza, adem\u00e1s de crear conciencia sobre el calentamiento global. M\u00e1s de un mill\u00f3n de jud\u00edos, ni\u00f1os, j\u00f3venes y [&hellip;]<\/p>\n","protected":false},"author":3,"featured_media":8118,"comment_status":"open","ping_status":"open","sticky":false,"template":"","format":"standard","meta":[],"categories":[56],"tags":[],"yoast_head":"<!-- This site is optimized with the Yoast SEO plugin v20.8 - https:\/\/yoast.com\/wordpress\/plugins\/seo\/ -->\n<title>Israel celebra &quot;El a\u00f1o nuevo de los \u00e1rboles&quot; o conocido como el Bishvat - La Prensa Cristiana<\/title>\n<meta name=\"robots\" content=\"index, follow, max-snippet:-1, max-image-preview:large, max-video-preview:-1\" \/>\n<link rel=\"canonical\" href=\"https:\/\/laprensacristiana.com\/?p=8117\" \/>\n<meta property=\"og:locale\" content=\"es_ES\" \/>\n<meta property=\"og:type\" content=\"article\" \/>\n<meta property=\"og:title\" content=\"Israel celebra &quot;El a\u00f1o nuevo de los \u00e1rboles&quot; o conocido como el Bishvat - La Prensa Cristiana\" \/>\n<meta property=\"og:description\" content=\"Israel realiza est\u00e1 gran fiesta ecol\u00f3gica cada a\u00f1o generalmente en enero o febrero, la tradici\u00f3n para ese d\u00eda es comer frutas secas, lecturas y c\u00e1nticos alusivos, juegos con \u00e1rboles, plantas y flores, plantaciones y paseos por la naturaleza, adem\u00e1s de crear conciencia sobre el calentamiento global. M\u00e1s de un mill\u00f3n de jud\u00edos, ni\u00f1os, j\u00f3venes y [&hellip;]\" \/>\n<meta property=\"og:url\" content=\"https:\/\/laprensacristiana.com\/?p=8117\" \/>\n<meta property=\"og:site_name\" content=\"La Prensa Cristiana\" \/>\n<meta property=\"article:published_time\" content=\"2020-02-10T19:56:15+00:00\" \/>\n<meta property=\"article:modified_time\" content=\"2020-02-10T19:56:17+00:00\" \/>\n<meta property=\"og:image\" content=\"https:\/\/laprensacristiana.com\/wp-content\/uploads\/2020\/02\/Screenshot_20200210-1343362.png\" \/>\n\t<meta property=\"og:image:width\" content=\"720\" \/>\n\t<meta property=\"og:image:height\" content=\"460\" \/>\n\t<meta property=\"og:image:type\" content=\"image\/png\" \/>\n<meta name=\"author\" content=\"EDITOR\" \/>\n<meta name=\"twitter:card\" content=\"summary_large_image\" \/>\n<meta name=\"twitter:label1\" content=\"Escrito por\" \/>\n\t<meta name=\"twitter:data1\" content=\"EDITOR\" \/>\n\t<meta name=\"twitter:label2\" content=\"Tiempo de lectura\" \/>\n\t<meta name=\"twitter:data2\" content=\"1 minuto\" \/>\n<script type=\"application\/ld+json\" class=\"yoast-schema-graph\">{\"@context\":\"https:\/\/schema.org\",\"@graph\":[{\"@type\":\"WebPage\",\"@id\":\"https:\/\/laprensacristiana.com\/?p=8117\",\"url\":\"https:\/\/laprensacristiana.com\/?p=8117\",\"name\":\"Israel celebra \\\"El a\u00f1o nuevo de los \u00e1rboles\\\" o conocido como el Bishvat - La Prensa Cristiana\",\"isPartOf\":{\"@id\":\"https:\/\/laprensacristiana.com\/#website\"},\"datePublished\":\"2020-02-10T19:56:15+00:00\",\"dateModified\":\"2020-02-10T19:56:17+00:00\",\"author\":{\"@id\":\"https:\/\/laprensacristiana.com\/#\/schema\/person\/3e7d82c6bfd6b1fa67010f8f7cd5256e\"},\"breadcrumb\":{\"@id\":\"https:\/\/laprensacristiana.com\/?p=8117#breadcrumb\"},\"inLanguage\":\"es\",\"potentialAction\":[{\"@type\":\"ReadAction\",\"target\":[\"https:\/\/laprensacristiana.com\/?p=8117\"]}]},{\"@type\":\"BreadcrumbList\",\"@id\":\"https:\/\/laprensacristiana.com\/?p=8117#breadcrumb\",\"itemListElement\":[{\"@type\":\"ListItem\",\"position\":1,\"name\":\"Portada\",\"item\":\"https:\/\/laprensacristiana.com\/\"},{\"@type\":\"ListItem\",\"position\":2,\"name\":\"Israel celebra \u00abEl a\u00f1o nuevo de los \u00e1rboles\u00bb o conocido como el Bishvat\"}]},{\"@type\":\"WebSite\",\"@id\":\"https:\/\/laprensacristiana.com\/#website\",\"url\":\"https:\/\/laprensacristiana.com\/\",\"name\":\"La Prensa Cristiana\",\"description\":\"Anunciando Las Buenas Nuevas\",\"potentialAction\":[{\"@type\":\"SearchAction\",\"target\":{\"@type\":\"EntryPoint\",\"urlTemplate\":\"https:\/\/laprensacristiana.com\/?s={search_term_string}\"},\"query-input\":\"required name=search_term_string\"}],\"inLanguage\":\"es\"},{\"@type\":\"Person\",\"@id\":\"https:\/\/laprensacristiana.com\/#\/schema\/person\/3e7d82c6bfd6b1fa67010f8f7cd5256e\",\"name\":\"EDITOR\",\"image\":{\"@type\":\"ImageObject\",\"inLanguage\":\"es\",\"@id\":\"https:\/\/laprensacristiana.com\/#\/schema\/person\/image\/\",\"url\":\"https:\/\/secure.gravatar.com\/avatar\/72069dfb6c13772d9e8381e3638666d2?s=96&d=mm&r=g\",\"contentUrl\":\"https:\/\/secure.gravatar.com\/avatar\/72069dfb6c13772d9e8381e3638666d2?s=96&d=mm&r=g\",\"caption\":\"EDITOR\"},\"url\":\"https:\/\/laprensacristiana.com\/?author=3\"}]}<\/script>\n<!-- \/ Yoast SEO plugin. -->","yoast_head_json":{"title":"Israel celebra \"El a\u00f1o nuevo de los \u00e1rboles\" o conocido como el Bishvat - La Prensa Cristiana","robots":{"index":"index","follow":"follow","max-snippet":"max-snippet:-1","max-image-preview":"max-image-preview:large","max-video-preview":"max-video-preview:-1"},"canonical":"https:\/\/laprensacristiana.com\/?p=8117","og_locale":"es_ES","og_type":"article","og_title":"Israel celebra \"El a\u00f1o nuevo de los \u00e1rboles\" o conocido como el Bishvat - La Prensa Cristiana","og_description":"Israel realiza est\u00e1 gran fiesta ecol\u00f3gica cada a\u00f1o generalmente en enero o febrero, la tradici\u00f3n para ese d\u00eda es comer frutas secas, lecturas y c\u00e1nticos alusivos, juegos con \u00e1rboles, plantas y flores, plantaciones y paseos por la naturaleza, adem\u00e1s de crear conciencia sobre el calentamiento global. M\u00e1s de un mill\u00f3n de jud\u00edos, ni\u00f1os, j\u00f3venes y [&hellip;]","og_url":"https:\/\/laprensacristiana.com\/?p=8117","og_site_name":"La Prensa Cristiana","article_published_time":"2020-02-10T19:56:15+00:00","article_modified_time":"2020-02-10T19:56:17+00:00","og_image":[{"width":720,"height":460,"url":"https:\/\/laprensacristiana.com\/wp-content\/uploads\/2020\/02\/Screenshot_20200210-1343362.png","type":"image\/png"}],"author":"EDITOR","twitter_card":"summary_large_image","twitter_misc":{"Escrito por":"EDITOR","Tiempo de lectura":"1 minuto"},"schema":{"@context":"https:\/\/schema.org","@graph":[{"@type":"WebPage","@id":"https:\/\/laprensacristiana.com\/?p=8117","url":"https:\/\/laprensacristiana.com\/?p=8117","name":"Israel celebra \"El a\u00f1o nuevo de los \u00e1rboles\" o conocido como el Bishvat - La Prensa Cristiana","isPartOf":{"@id":"https:\/\/laprensacristiana.com\/#website"},"datePublished":"2020-02-10T19:56:15+00:00","dateModified":"2020-02-10T19:56:17+00:00","author":{"@id":"https:\/\/laprensacristiana.com\/#\/schema\/person\/3e7d82c6bfd6b1fa67010f8f7cd5256e"},"breadcrumb":{"@id":"https:\/\/laprensacristiana.com\/?p=8117#breadcrumb"},"inLanguage":"es","potentialAction":[{"@type":"ReadAction","target":["https:\/\/laprensacristiana.com\/?p=8117"]}]},{"@type":"BreadcrumbList","@id":"https:\/\/laprensacristiana.com\/?p=8117#breadcrumb","itemListElement":[{"@type":"ListItem","position":1,"name":"Portada","item":"https:\/\/laprensacristiana.com\/"},{"@type":"ListItem","position":2,"name":"Israel celebra \u00abEl a\u00f1o nuevo de los \u00e1rboles\u00bb o conocido como el Bishvat"}]},{"@type":"WebSite","@id":"https:\/\/laprensacristiana.com\/#website","url":"https:\/\/laprensacristiana.com\/","name":"La Prensa Cristiana","description":"Anunciando Las Buenas Nuevas","potentialAction":[{"@type":"SearchAction","target":{"@type":"EntryPoint","urlTemplate":"https:\/\/laprensacristiana.com\/?s={search_term_string}"},"query-input":"required name=search_term_string"}],"inLanguage":"es"},{"@type":"Person","@id":"https:\/\/laprensacristiana.com\/#\/schema\/person\/3e7d82c6bfd6b1fa67010f8f7cd5256e","name":"EDITOR","image":{"@type":"ImageObject","inLanguage":"es","@id":"https:\/\/laprensacristiana.com\/#\/schema\/person\/image\/","url":"https:\/\/secure.gravatar.com\/avatar\/72069dfb6c13772d9e8381e3638666d2?s=96&d=mm&r=g","contentUrl":"https:\/\/secure.gravatar.com\/avatar\/72069dfb6c13772d9e8381e3638666d2?s=96&d=mm&r=g","caption":"EDITOR"},"url":"https:\/\/laprensacristiana.com\/?author=3"}]}},"_links":{"self":[{"href":"https:\/\/laprensacristiana.com\/index.php?rest_route=\/wp\/v2\/posts\/8117"}],"collection":[{"href":"https:\/\/laprensacristiana.com\/index.php?rest_route=\/wp\/v2\/posts"}],"about":[{"href":"https:\/\/laprensacristiana.com\/index.php?rest_route=\/wp\/v2\/types\/post"}],"author":[{"embeddable":true,"href":"https:\/\/laprensacristiana.com\/index.php?rest_route=\/wp\/v2\/users\/3"}],"replies":[{"embeddable":true,"href":"https:\/\/laprensacristiana.com\/index.php?rest_route=%2Fwp%2Fv2%2Fcomments&post=8117"}],"version-history":[{"count":1,"href":"https:\/\/laprensacristiana.com\/index.php?rest_route=\/wp\/v2\/posts\/8117\/revisions"}],"predecessor-version":[{"id":8119,"href":"https:\/\/laprensacristiana.com\/index.php?rest_route=\/wp\/v2\/posts\/8117\/revisions\/8119"}],"wp:featuredmedia":[{"embeddable":true,"href":"https:\/\/laprensacristiana.com\/index.php?rest_route=\/wp\/v2\/media\/8118"}],"wp:attachment":[{"href":"https:\/\/laprensacristiana.com\/index.php?rest_route=%2Fwp%2Fv2%2Fmedia&parent=8117"}],"wp:term":[{"taxonomy":"category","embeddable":true,"href":"https:\/\/laprensacristiana.com\/index.php?rest_route=%2Fwp%2Fv2%2Fcategories&post=8117"},{"taxonomy":"post_tag","embeddable":true,"href":"https:\/\/laprensacristiana.com\/index.php?rest_route=%2Fwp%2Fv2%2Ftags&post=8117"}],"curies":[{"name":"wp","href":"https:\/\/api.w.org\/{rel}","templated":true}]}}