{"id":8128,"date":"2020-02-11T15:45:39","date_gmt":"2020-02-11T15:45:39","guid":{"rendered":"https:\/\/laprensacristiana.com\/?p=8128"},"modified":"2020-02-11T15:45:42","modified_gmt":"2020-02-11T15:45:42","slug":"pastor-mario-vega-habla-sobre-la-oracion-hecha-por-el-presidente","status":"publish","type":"post","link":"https:\/\/laprensacristiana.com\/?p=8128","title":{"rendered":"Pastor Mario Vega habla sobre la oraci\u00f3n hecha por el presidente"},"content":{"rendered":"\n<p>El pastor Mario Vega fue entrevistado est\u00e1 ma\u00f1ana en el programa matutino \u00bb En Pleno D\u00eda\u00bb de Radio Restauraci\u00f3n, la entrevista tuvo lugar en un hotel del playa en qu\u00e9 se lleva a cabo el retiro anual de pastores de Misi\u00f3n Cristiana Elim. <\/p>\n\n\n\n<p>La entrevista gir\u00f3 entorno a la situaci\u00f3n que se vivi\u00f3 en el pa\u00eds el pasado domingo en la Asamblea Legislativa de El Salvador, y se le pregunt\u00f3 sobre la oraci\u00f3n que el presidente de la Rep\u00fablica realiz\u00f3 dentro del sal\u00f3n azul. Debido a que en redes sociales muchos han cuestionado la forma en la que or\u00f3 el presidente.<\/p>\n\n\n\n<p>\u00abEs parte de la formaci\u00f3n que desde ni\u00f1o el presidente a tenido, pues debemos recordar que su padre fue im\u00e1n en El Salvador y pues ha sido formado dentro de una tradici\u00f3n religiosa, de tal manera pues que ante una situaci\u00f3n que era bien complicada, muy dif\u00edcil d\u00f3nde el estaba consiente que lo que estaba haciendo no era lo mejor, entonces recurre a esta tipo de recurso que finalmente y creyendo a las palabras que el dice es lo que le hace cambiar a \u00faltima hora, sin embargo es importante decir que no es esa la manera como se deben tomar las decisiones dentro de un pa\u00eds, si no que, debe existir el razonamiento, y yo pues creo que un gobernante cualquiera sea su nivel, no solo puede si no debe consultar con Dios, pero no es cuando ya las cosas se hayan hecho, si no que mucho antes de hacerlas, cuando se est\u00e1 pensando es el momento de tener una dependencia con Dios, de tal forma que las cosas puedan salir bien, pero hay principios que Dios los tiene de por s\u00ed y que son inviolables, por ejemplo la sencillez, el respeto, la humildad, la no violencia, esos son aspectos fundamentales del Dios de la biblia, que se nos revela a trav\u00e9s de las escrituras, entonces yo no puedo pasar sobre todos esos elementos y luego pretender que Dios me va a indicar que debo hacer cuando todos esos elementos que anteceden han sido mal hechos, pero bien que Dios nos ayude y que nosotros aprendamos tambi\u00e9n ha aplicar esto a nuestra vida personal y poder as\u00ed tomar decisiones que sean m\u00e1s sab\u00edas y m\u00e1s prudentes\u00bb  expres\u00f3 Mario Vega, pastor general de Misi\u00f3n Cristiana Elim<\/p>\n","protected":false},"excerpt":{"rendered":"<p>El pastor Mario Vega fue entrevistado est\u00e1 ma\u00f1ana en el programa matutino \u00bb En Pleno D\u00eda\u00bb de Radio Restauraci\u00f3n, la entrevista tuvo lugar en un hotel del playa en qu\u00e9 se lleva a cabo el retiro anual de pastores de Misi\u00f3n Cristiana Elim. La entrevista gir\u00f3 entorno a la situaci\u00f3n que se vivi\u00f3 en el [&hellip;]<\/p>\n","protected":false},"author":3,"featured_media":8129,"comment_status":"open","ping_status":"open","sticky":false,"template":"","format":"standard","meta":[],"categories":[56],"tags":[],"yoast_head":"<!-- This site is optimized with the Yoast SEO plugin v20.8 - https:\/\/yoast.com\/wordpress\/plugins\/seo\/ -->\n<title>Pastor Mario Vega habla sobre la oraci\u00f3n hecha por el presidente - La Prensa Cristiana<\/title>\n<meta name=\"robots\" content=\"index, follow, max-snippet:-1, max-image-preview:large, max-video-preview:-1\" \/>\n<link rel=\"canonical\" href=\"https:\/\/laprensacristiana.com\/?p=8128\" \/>\n<meta property=\"og:locale\" content=\"es_ES\" \/>\n<meta property=\"og:type\" content=\"article\" \/>\n<meta property=\"og:title\" content=\"Pastor Mario Vega habla sobre la oraci\u00f3n hecha por el presidente - La Prensa Cristiana\" \/>\n<meta property=\"og:description\" content=\"El pastor Mario Vega fue entrevistado est\u00e1 ma\u00f1ana en el programa matutino \u00bb En Pleno D\u00eda\u00bb de Radio Restauraci\u00f3n, la entrevista tuvo lugar en un hotel del playa en qu\u00e9 se lleva a cabo el retiro anual de pastores de Misi\u00f3n Cristiana Elim. La entrevista gir\u00f3 entorno a la situaci\u00f3n que se vivi\u00f3 en el [&hellip;]\" \/>\n<meta property=\"og:url\" content=\"https:\/\/laprensacristiana.com\/?p=8128\" \/>\n<meta property=\"og:site_name\" content=\"La Prensa Cristiana\" \/>\n<meta property=\"article:published_time\" content=\"2020-02-11T15:45:39+00:00\" \/>\n<meta property=\"article:modified_time\" content=\"2020-02-11T15:45:42+00:00\" \/>\n<meta property=\"og:image\" content=\"https:\/\/laprensacristiana.com\/wp-content\/uploads\/2020\/02\/IMG-20200211-WA0000.jpg\" \/>\n\t<meta property=\"og:image:width\" content=\"720\" \/>\n\t<meta property=\"og:image:height\" content=\"386\" \/>\n\t<meta property=\"og:image:type\" content=\"image\/jpeg\" \/>\n<meta name=\"author\" content=\"EDITOR\" \/>\n<meta name=\"twitter:card\" content=\"summary_large_image\" \/>\n<meta name=\"twitter:label1\" content=\"Escrito por\" \/>\n\t<meta name=\"twitter:data1\" content=\"EDITOR\" \/>\n\t<meta name=\"twitter:label2\" content=\"Tiempo de lectura\" \/>\n\t<meta name=\"twitter:data2\" content=\"2 minutos\" \/>\n<script type=\"application\/ld+json\" class=\"yoast-schema-graph\">{\"@context\":\"https:\/\/schema.org\",\"@graph\":[{\"@type\":\"WebPage\",\"@id\":\"https:\/\/laprensacristiana.com\/?p=8128\",\"url\":\"https:\/\/laprensacristiana.com\/?p=8128\",\"name\":\"Pastor Mario Vega habla sobre la oraci\u00f3n hecha por el presidente - La Prensa Cristiana\",\"isPartOf\":{\"@id\":\"https:\/\/laprensacristiana.com\/#website\"},\"datePublished\":\"2020-02-11T15:45:39+00:00\",\"dateModified\":\"2020-02-11T15:45:42+00:00\",\"author\":{\"@id\":\"https:\/\/laprensacristiana.com\/#\/schema\/person\/3e7d82c6bfd6b1fa67010f8f7cd5256e\"},\"breadcrumb\":{\"@id\":\"https:\/\/laprensacristiana.com\/?p=8128#breadcrumb\"},\"inLanguage\":\"es\",\"potentialAction\":[{\"@type\":\"ReadAction\",\"target\":[\"https:\/\/laprensacristiana.com\/?p=8128\"]}]},{\"@type\":\"BreadcrumbList\",\"@id\":\"https:\/\/laprensacristiana.com\/?p=8128#breadcrumb\",\"itemListElement\":[{\"@type\":\"ListItem\",\"position\":1,\"name\":\"Portada\",\"item\":\"https:\/\/laprensacristiana.com\/\"},{\"@type\":\"ListItem\",\"position\":2,\"name\":\"Pastor Mario Vega habla sobre la oraci\u00f3n hecha por el presidente\"}]},{\"@type\":\"WebSite\",\"@id\":\"https:\/\/laprensacristiana.com\/#website\",\"url\":\"https:\/\/laprensacristiana.com\/\",\"name\":\"La Prensa Cristiana\",\"description\":\"Anunciando Las Buenas Nuevas\",\"potentialAction\":[{\"@type\":\"SearchAction\",\"target\":{\"@type\":\"EntryPoint\",\"urlTemplate\":\"https:\/\/laprensacristiana.com\/?s={search_term_string}\"},\"query-input\":\"required name=search_term_string\"}],\"inLanguage\":\"es\"},{\"@type\":\"Person\",\"@id\":\"https:\/\/laprensacristiana.com\/#\/schema\/person\/3e7d82c6bfd6b1fa67010f8f7cd5256e\",\"name\":\"EDITOR\",\"image\":{\"@type\":\"ImageObject\",\"inLanguage\":\"es\",\"@id\":\"https:\/\/laprensacristiana.com\/#\/schema\/person\/image\/\",\"url\":\"https:\/\/secure.gravatar.com\/avatar\/72069dfb6c13772d9e8381e3638666d2?s=96&d=mm&r=g\",\"contentUrl\":\"https:\/\/secure.gravatar.com\/avatar\/72069dfb6c13772d9e8381e3638666d2?s=96&d=mm&r=g\",\"caption\":\"EDITOR\"},\"url\":\"https:\/\/laprensacristiana.com\/?author=3\"}]}<\/script>\n<!-- \/ Yoast SEO plugin. -->","yoast_head_json":{"title":"Pastor Mario Vega habla sobre la oraci\u00f3n hecha por el presidente - La Prensa Cristiana","robots":{"index":"index","follow":"follow","max-snippet":"max-snippet:-1","max-image-preview":"max-image-preview:large","max-video-preview":"max-video-preview:-1"},"canonical":"https:\/\/laprensacristiana.com\/?p=8128","og_locale":"es_ES","og_type":"article","og_title":"Pastor Mario Vega habla sobre la oraci\u00f3n hecha por el presidente - La Prensa Cristiana","og_description":"El pastor Mario Vega fue entrevistado est\u00e1 ma\u00f1ana en el programa matutino \u00bb En Pleno D\u00eda\u00bb de Radio Restauraci\u00f3n, la entrevista tuvo lugar en un hotel del playa en qu\u00e9 se lleva a cabo el retiro anual de pastores de Misi\u00f3n Cristiana Elim. La entrevista gir\u00f3 entorno a la situaci\u00f3n que se vivi\u00f3 en el [&hellip;]","og_url":"https:\/\/laprensacristiana.com\/?p=8128","og_site_name":"La Prensa Cristiana","article_published_time":"2020-02-11T15:45:39+00:00","article_modified_time":"2020-02-11T15:45:42+00:00","og_image":[{"width":720,"height":386,"url":"https:\/\/laprensacristiana.com\/wp-content\/uploads\/2020\/02\/IMG-20200211-WA0000.jpg","type":"image\/jpeg"}],"author":"EDITOR","twitter_card":"summary_large_image","twitter_misc":{"Escrito por":"EDITOR","Tiempo de lectura":"2 minutos"},"schema":{"@context":"https:\/\/schema.org","@graph":[{"@type":"WebPage","@id":"https:\/\/laprensacristiana.com\/?p=8128","url":"https:\/\/laprensacristiana.com\/?p=8128","name":"Pastor Mario Vega habla sobre la oraci\u00f3n hecha por el presidente - La Prensa Cristiana","isPartOf":{"@id":"https:\/\/laprensacristiana.com\/#website"},"datePublished":"2020-02-11T15:45:39+00:00","dateModified":"2020-02-11T15:45:42+00:00","author":{"@id":"https:\/\/laprensacristiana.com\/#\/schema\/person\/3e7d82c6bfd6b1fa67010f8f7cd5256e"},"breadcrumb":{"@id":"https:\/\/laprensacristiana.com\/?p=8128#breadcrumb"},"inLanguage":"es","potentialAction":[{"@type":"ReadAction","target":["https:\/\/laprensacristiana.com\/?p=8128"]}]},{"@type":"BreadcrumbList","@id":"https:\/\/laprensacristiana.com\/?p=8128#breadcrumb","itemListElement":[{"@type":"ListItem","position":1,"name":"Portada","item":"https:\/\/laprensacristiana.com\/"},{"@type":"ListItem","position":2,"name":"Pastor Mario Vega habla sobre la oraci\u00f3n hecha por el presidente"}]},{"@type":"WebSite","@id":"https:\/\/laprensacristiana.com\/#website","url":"https:\/\/laprensacristiana.com\/","name":"La Prensa Cristiana","description":"Anunciando Las Buenas Nuevas","potentialAction":[{"@type":"SearchAction","target":{"@type":"EntryPoint","urlTemplate":"https:\/\/laprensacristiana.com\/?s={search_term_string}"},"query-input":"required name=search_term_string"}],"inLanguage":"es"},{"@type":"Person","@id":"https:\/\/laprensacristiana.com\/#\/schema\/person\/3e7d82c6bfd6b1fa67010f8f7cd5256e","name":"EDITOR","image":{"@type":"ImageObject","inLanguage":"es","@id":"https:\/\/laprensacristiana.com\/#\/schema\/person\/image\/","url":"https:\/\/secure.gravatar.com\/avatar\/72069dfb6c13772d9e8381e3638666d2?s=96&d=mm&r=g","contentUrl":"https:\/\/secure.gravatar.com\/avatar\/72069dfb6c13772d9e8381e3638666d2?s=96&d=mm&r=g","caption":"EDITOR"},"url":"https:\/\/laprensacristiana.com\/?author=3"}]}},"_links":{"self":[{"href":"https:\/\/laprensacristiana.com\/index.php?rest_route=\/wp\/v2\/posts\/8128"}],"collection":[{"href":"https:\/\/laprensacristiana.com\/index.php?rest_route=\/wp\/v2\/posts"}],"about":[{"href":"https:\/\/laprensacristiana.com\/index.php?rest_route=\/wp\/v2\/types\/post"}],"author":[{"embeddable":true,"href":"https:\/\/laprensacristiana.com\/index.php?rest_route=\/wp\/v2\/users\/3"}],"replies":[{"embeddable":true,"href":"https:\/\/laprensacristiana.com\/index.php?rest_route=%2Fwp%2Fv2%2Fcomments&post=8128"}],"version-history":[{"count":1,"href":"https:\/\/laprensacristiana.com\/index.php?rest_route=\/wp\/v2\/posts\/8128\/revisions"}],"predecessor-version":[{"id":8130,"href":"https:\/\/laprensacristiana.com\/index.php?rest_route=\/wp\/v2\/posts\/8128\/revisions\/8130"}],"wp:featuredmedia":[{"embeddable":true,"href":"https:\/\/laprensacristiana.com\/index.php?rest_route=\/wp\/v2\/media\/8129"}],"wp:attachment":[{"href":"https:\/\/laprensacristiana.com\/index.php?rest_route=%2Fwp%2Fv2%2Fmedia&parent=8128"}],"wp:term":[{"taxonomy":"category","embeddable":true,"href":"https:\/\/laprensacristiana.com\/index.php?rest_route=%2Fwp%2Fv2%2Fcategories&post=8128"},{"taxonomy":"post_tag","embeddable":true,"href":"https:\/\/laprensacristiana.com\/index.php?rest_route=%2Fwp%2Fv2%2Ftags&post=8128"}],"curies":[{"name":"wp","href":"https:\/\/api.w.org\/{rel}","templated":true}]}}