{"id":8133,"date":"2020-02-11T23:24:04","date_gmt":"2020-02-11T23:24:04","guid":{"rendered":"https:\/\/laprensacristiana.com\/?p=8133"},"modified":"2020-02-11T23:24:07","modified_gmt":"2020-02-11T23:24:07","slug":"taber-evangeliza-al-interior-de-los-penales","status":"publish","type":"post","link":"https:\/\/laprensacristiana.com\/?p=8133","title":{"rendered":"Taber evangeliza al interior de los penales"},"content":{"rendered":"\n<p><br>\nEl d\u00eda de hoy como parte de las jornadas de evangelismo que el Tabern\u00e1culo B\u00edblico Bautista Amigos de Israel est\u00e1 realizando visitaron otro Centro Penitenciario en El Salvador.<\/p>\n\n\n\n<p>Durante esta visita se hizo un recorrido por cada Departamento de Inserci\u00f3n Social como: Cocina, Panader\u00eda, Maquila, Carpinter\u00eda entre otros. <\/p>\n\n\n\n<p>As\u00ed mismo, se llev\u00f3 un tiempo de predicaci\u00f3n a todos los privados de libertad de ese lugar.<\/p>\n\n\n\n<p>\u00abFuimos m\u00e1s all\u00e1, nuestra Iglesia don\u00f3 50 Rollos de tela para el departamento de Textiles de ese lugar\u00bb expres\u00f3 el pastor Edgar L\u00f3pez Bertrand Jr. Pastor General del Tabern\u00e1culo B\u00edblico Bautista Amigos de Israel.<\/p>\n\n\n\n<figure class=\"wp-block-image\"><img decoding=\"async\" loading=\"lazy\" width=\"720\" height=\"480\" src=\"https:\/\/laprensacristiana.com\/wp-content\/uploads\/2020\/02\/FB_IMG_1581463182311.jpg\" alt=\"\" class=\"wp-image-8136\" srcset=\"https:\/\/laprensacristiana.com\/wp-content\/uploads\/2020\/02\/FB_IMG_1581463182311.jpg 720w, https:\/\/laprensacristiana.com\/wp-content\/uploads\/2020\/02\/FB_IMG_1581463182311-300x200.jpg 300w, https:\/\/laprensacristiana.com\/wp-content\/uploads\/2020\/02\/FB_IMG_1581463182311-696x464.jpg 696w, https:\/\/laprensacristiana.com\/wp-content\/uploads\/2020\/02\/FB_IMG_1581463182311-630x420.jpg 630w, https:\/\/laprensacristiana.com\/wp-content\/uploads\/2020\/02\/FB_IMG_1581463182311-600x400.jpg 600w\" sizes=\"(max-width: 720px) 100vw, 720px\" \/><\/figure>\n","protected":false},"excerpt":{"rendered":"<p>El d\u00eda de hoy como parte de las jornadas de evangelismo que el Tabern\u00e1culo B\u00edblico Bautista Amigos de Israel est\u00e1 realizando visitaron otro Centro Penitenciario en El Salvador. Durante esta visita se hizo un recorrido por cada Departamento de Inserci\u00f3n Social como: Cocina, Panader\u00eda, Maquila, Carpinter\u00eda entre otros. As\u00ed mismo, se llev\u00f3 un tiempo de [&hellip;]<\/p>\n","protected":false},"author":3,"featured_media":8135,"comment_status":"open","ping_status":"open","sticky":false,"template":"","format":"standard","meta":[],"categories":[56],"tags":[],"yoast_head":"<!-- This site is optimized with the Yoast SEO plugin v20.8 - https:\/\/yoast.com\/wordpress\/plugins\/seo\/ -->\n<title>Taber evangeliza al interior de los penales - La Prensa Cristiana<\/title>\n<meta name=\"robots\" content=\"index, follow, max-snippet:-1, max-image-preview:large, max-video-preview:-1\" \/>\n<link rel=\"canonical\" href=\"https:\/\/laprensacristiana.com\/?p=8133\" \/>\n<meta property=\"og:locale\" content=\"es_ES\" \/>\n<meta property=\"og:type\" content=\"article\" \/>\n<meta property=\"og:title\" content=\"Taber evangeliza al interior de los penales - La Prensa Cristiana\" \/>\n<meta property=\"og:description\" content=\"El d\u00eda de hoy como parte de las jornadas de evangelismo que el Tabern\u00e1culo B\u00edblico Bautista Amigos de Israel est\u00e1 realizando visitaron otro Centro Penitenciario en El Salvador. Durante esta visita se hizo un recorrido por cada Departamento de Inserci\u00f3n Social como: Cocina, Panader\u00eda, Maquila, Carpinter\u00eda entre otros. As\u00ed mismo, se llev\u00f3 un tiempo de [&hellip;]\" \/>\n<meta property=\"og:url\" content=\"https:\/\/laprensacristiana.com\/?p=8133\" \/>\n<meta property=\"og:site_name\" content=\"La Prensa Cristiana\" \/>\n<meta property=\"article:published_time\" content=\"2020-02-11T23:24:04+00:00\" \/>\n<meta property=\"article:modified_time\" content=\"2020-02-11T23:24:07+00:00\" \/>\n<meta property=\"og:image\" content=\"https:\/\/laprensacristiana.com\/wp-content\/uploads\/2020\/02\/FB_IMG_1581463154174.jpg\" \/>\n\t<meta property=\"og:image:width\" content=\"720\" \/>\n\t<meta property=\"og:image:height\" content=\"480\" \/>\n\t<meta property=\"og:image:type\" content=\"image\/jpeg\" \/>\n<meta name=\"author\" content=\"EDITOR\" \/>\n<meta name=\"twitter:card\" content=\"summary_large_image\" \/>\n<meta name=\"twitter:label1\" content=\"Escrito por\" \/>\n\t<meta name=\"twitter:data1\" content=\"EDITOR\" \/>\n\t<meta name=\"twitter:label2\" content=\"Tiempo de lectura\" \/>\n\t<meta name=\"twitter:data2\" content=\"1 minuto\" \/>\n<script type=\"application\/ld+json\" class=\"yoast-schema-graph\">{\"@context\":\"https:\/\/schema.org\",\"@graph\":[{\"@type\":\"WebPage\",\"@id\":\"https:\/\/laprensacristiana.com\/?p=8133\",\"url\":\"https:\/\/laprensacristiana.com\/?p=8133\",\"name\":\"Taber evangeliza al interior de los penales - La Prensa Cristiana\",\"isPartOf\":{\"@id\":\"https:\/\/laprensacristiana.com\/#website\"},\"datePublished\":\"2020-02-11T23:24:04+00:00\",\"dateModified\":\"2020-02-11T23:24:07+00:00\",\"author\":{\"@id\":\"https:\/\/laprensacristiana.com\/#\/schema\/person\/3e7d82c6bfd6b1fa67010f8f7cd5256e\"},\"breadcrumb\":{\"@id\":\"https:\/\/laprensacristiana.com\/?p=8133#breadcrumb\"},\"inLanguage\":\"es\",\"potentialAction\":[{\"@type\":\"ReadAction\",\"target\":[\"https:\/\/laprensacristiana.com\/?p=8133\"]}]},{\"@type\":\"BreadcrumbList\",\"@id\":\"https:\/\/laprensacristiana.com\/?p=8133#breadcrumb\",\"itemListElement\":[{\"@type\":\"ListItem\",\"position\":1,\"name\":\"Portada\",\"item\":\"https:\/\/laprensacristiana.com\/\"},{\"@type\":\"ListItem\",\"position\":2,\"name\":\"Taber evangeliza al interior de los penales\"}]},{\"@type\":\"WebSite\",\"@id\":\"https:\/\/laprensacristiana.com\/#website\",\"url\":\"https:\/\/laprensacristiana.com\/\",\"name\":\"La Prensa Cristiana\",\"description\":\"Anunciando Las Buenas Nuevas\",\"potentialAction\":[{\"@type\":\"SearchAction\",\"target\":{\"@type\":\"EntryPoint\",\"urlTemplate\":\"https:\/\/laprensacristiana.com\/?s={search_term_string}\"},\"query-input\":\"required name=search_term_string\"}],\"inLanguage\":\"es\"},{\"@type\":\"Person\",\"@id\":\"https:\/\/laprensacristiana.com\/#\/schema\/person\/3e7d82c6bfd6b1fa67010f8f7cd5256e\",\"name\":\"EDITOR\",\"image\":{\"@type\":\"ImageObject\",\"inLanguage\":\"es\",\"@id\":\"https:\/\/laprensacristiana.com\/#\/schema\/person\/image\/\",\"url\":\"https:\/\/secure.gravatar.com\/avatar\/72069dfb6c13772d9e8381e3638666d2?s=96&d=mm&r=g\",\"contentUrl\":\"https:\/\/secure.gravatar.com\/avatar\/72069dfb6c13772d9e8381e3638666d2?s=96&d=mm&r=g\",\"caption\":\"EDITOR\"},\"url\":\"https:\/\/laprensacristiana.com\/?author=3\"}]}<\/script>\n<!-- \/ Yoast SEO plugin. -->","yoast_head_json":{"title":"Taber evangeliza al interior de los penales - La Prensa Cristiana","robots":{"index":"index","follow":"follow","max-snippet":"max-snippet:-1","max-image-preview":"max-image-preview:large","max-video-preview":"max-video-preview:-1"},"canonical":"https:\/\/laprensacristiana.com\/?p=8133","og_locale":"es_ES","og_type":"article","og_title":"Taber evangeliza al interior de los penales - La Prensa Cristiana","og_description":"El d\u00eda de hoy como parte de las jornadas de evangelismo que el Tabern\u00e1culo B\u00edblico Bautista Amigos de Israel est\u00e1 realizando visitaron otro Centro Penitenciario en El Salvador. Durante esta visita se hizo un recorrido por cada Departamento de Inserci\u00f3n Social como: Cocina, Panader\u00eda, Maquila, Carpinter\u00eda entre otros. As\u00ed mismo, se llev\u00f3 un tiempo de [&hellip;]","og_url":"https:\/\/laprensacristiana.com\/?p=8133","og_site_name":"La Prensa Cristiana","article_published_time":"2020-02-11T23:24:04+00:00","article_modified_time":"2020-02-11T23:24:07+00:00","og_image":[{"width":720,"height":480,"url":"https:\/\/laprensacristiana.com\/wp-content\/uploads\/2020\/02\/FB_IMG_1581463154174.jpg","type":"image\/jpeg"}],"author":"EDITOR","twitter_card":"summary_large_image","twitter_misc":{"Escrito por":"EDITOR","Tiempo de lectura":"1 minuto"},"schema":{"@context":"https:\/\/schema.org","@graph":[{"@type":"WebPage","@id":"https:\/\/laprensacristiana.com\/?p=8133","url":"https:\/\/laprensacristiana.com\/?p=8133","name":"Taber evangeliza al interior de los penales - La Prensa Cristiana","isPartOf":{"@id":"https:\/\/laprensacristiana.com\/#website"},"datePublished":"2020-02-11T23:24:04+00:00","dateModified":"2020-02-11T23:24:07+00:00","author":{"@id":"https:\/\/laprensacristiana.com\/#\/schema\/person\/3e7d82c6bfd6b1fa67010f8f7cd5256e"},"breadcrumb":{"@id":"https:\/\/laprensacristiana.com\/?p=8133#breadcrumb"},"inLanguage":"es","potentialAction":[{"@type":"ReadAction","target":["https:\/\/laprensacristiana.com\/?p=8133"]}]},{"@type":"BreadcrumbList","@id":"https:\/\/laprensacristiana.com\/?p=8133#breadcrumb","itemListElement":[{"@type":"ListItem","position":1,"name":"Portada","item":"https:\/\/laprensacristiana.com\/"},{"@type":"ListItem","position":2,"name":"Taber evangeliza al interior de los penales"}]},{"@type":"WebSite","@id":"https:\/\/laprensacristiana.com\/#website","url":"https:\/\/laprensacristiana.com\/","name":"La Prensa Cristiana","description":"Anunciando Las Buenas Nuevas","potentialAction":[{"@type":"SearchAction","target":{"@type":"EntryPoint","urlTemplate":"https:\/\/laprensacristiana.com\/?s={search_term_string}"},"query-input":"required name=search_term_string"}],"inLanguage":"es"},{"@type":"Person","@id":"https:\/\/laprensacristiana.com\/#\/schema\/person\/3e7d82c6bfd6b1fa67010f8f7cd5256e","name":"EDITOR","image":{"@type":"ImageObject","inLanguage":"es","@id":"https:\/\/laprensacristiana.com\/#\/schema\/person\/image\/","url":"https:\/\/secure.gravatar.com\/avatar\/72069dfb6c13772d9e8381e3638666d2?s=96&d=mm&r=g","contentUrl":"https:\/\/secure.gravatar.com\/avatar\/72069dfb6c13772d9e8381e3638666d2?s=96&d=mm&r=g","caption":"EDITOR"},"url":"https:\/\/laprensacristiana.com\/?author=3"}]}},"_links":{"self":[{"href":"https:\/\/laprensacristiana.com\/index.php?rest_route=\/wp\/v2\/posts\/8133"}],"collection":[{"href":"https:\/\/laprensacristiana.com\/index.php?rest_route=\/wp\/v2\/posts"}],"about":[{"href":"https:\/\/laprensacristiana.com\/index.php?rest_route=\/wp\/v2\/types\/post"}],"author":[{"embeddable":true,"href":"https:\/\/laprensacristiana.com\/index.php?rest_route=\/wp\/v2\/users\/3"}],"replies":[{"embeddable":true,"href":"https:\/\/laprensacristiana.com\/index.php?rest_route=%2Fwp%2Fv2%2Fcomments&post=8133"}],"version-history":[{"count":1,"href":"https:\/\/laprensacristiana.com\/index.php?rest_route=\/wp\/v2\/posts\/8133\/revisions"}],"predecessor-version":[{"id":8137,"href":"https:\/\/laprensacristiana.com\/index.php?rest_route=\/wp\/v2\/posts\/8133\/revisions\/8137"}],"wp:featuredmedia":[{"embeddable":true,"href":"https:\/\/laprensacristiana.com\/index.php?rest_route=\/wp\/v2\/media\/8135"}],"wp:attachment":[{"href":"https:\/\/laprensacristiana.com\/index.php?rest_route=%2Fwp%2Fv2%2Fmedia&parent=8133"}],"wp:term":[{"taxonomy":"category","embeddable":true,"href":"https:\/\/laprensacristiana.com\/index.php?rest_route=%2Fwp%2Fv2%2Fcategories&post=8133"},{"taxonomy":"post_tag","embeddable":true,"href":"https:\/\/laprensacristiana.com\/index.php?rest_route=%2Fwp%2Fv2%2Ftags&post=8133"}],"curies":[{"name":"wp","href":"https:\/\/api.w.org\/{rel}","templated":true}]}}