{"id":8140,"date":"2020-02-11T23:58:38","date_gmt":"2020-02-11T23:58:38","guid":{"rendered":"https:\/\/laprensacristiana.com\/?p=8140"},"modified":"2020-02-11T23:58:41","modified_gmt":"2020-02-11T23:58:41","slug":"alianza-evangelica-se-pronuncia-ante-situacion-actual-de-el-salvador","status":"publish","type":"post","link":"https:\/\/laprensacristiana.com\/?p=8140","title":{"rendered":"Alianza Evang\u00e9lica se pronuncia ante situaci\u00f3n actual de El Salvador"},"content":{"rendered":"\n<p><br>  La Alianza Evangelica de El Salvador lanz\u00f3 el d\u00eda de hoy un comunicado ante el enfrentamiento entre dos poderes del estado (Ejecutivo y legislativo).<br> En uno de sus p\u00e1rrafos la organizaci\u00f3n hace un llamado al pueblo evang\u00e9lico a unirse en oraci\u00f3n: \u00abTambi\u00e9n insta al Pueblo Evang\u00e9lico a conservar la calma y procurar la paz de nuestro pa\u00eds. A la vez se convoca a los cristianos evang\u00e9licos de nuestra naci\u00f3n, a humillarnos delante de Dios, confesando todos los pecados conocidos con que ofendido la santidad de nuestro Se\u00f1or y dedicar el pr\u00f3ximo mi\u00e9rcoles 12 de febrero para el ayuno y la oraci\u00f3n\u00bb expresa parte del contenido.<\/p>\n\n\n\n<figure class=\"wp-block-image\"><img decoding=\"async\" loading=\"lazy\" width=\"720\" height=\"931\" src=\"https:\/\/laprensacristiana.com\/wp-content\/uploads\/2020\/02\/FB_IMG_1581465208613.jpg\" alt=\"\" class=\"wp-image-8142\" srcset=\"https:\/\/laprensacristiana.com\/wp-content\/uploads\/2020\/02\/FB_IMG_1581465208613.jpg 720w, https:\/\/laprensacristiana.com\/wp-content\/uploads\/2020\/02\/FB_IMG_1581465208613-232x300.jpg 232w, https:\/\/laprensacristiana.com\/wp-content\/uploads\/2020\/02\/FB_IMG_1581465208613-696x900.jpg 696w, https:\/\/laprensacristiana.com\/wp-content\/uploads\/2020\/02\/FB_IMG_1581465208613-325x420.jpg 325w, https:\/\/laprensacristiana.com\/wp-content\/uploads\/2020\/02\/FB_IMG_1581465208613-600x776.jpg 600w\" sizes=\"(max-width: 720px) 100vw, 720px\" \/><\/figure>\n","protected":false},"excerpt":{"rendered":"<p>La Alianza Evangelica de El Salvador lanz\u00f3 el d\u00eda de hoy un comunicado ante el enfrentamiento entre dos poderes del estado (Ejecutivo y legislativo). En uno de sus p\u00e1rrafos la organizaci\u00f3n hace un llamado al pueblo evang\u00e9lico a unirse en oraci\u00f3n: \u00abTambi\u00e9n insta al Pueblo Evang\u00e9lico a conservar la calma y procurar la paz de [&hellip;]<\/p>\n","protected":false},"author":3,"featured_media":8141,"comment_status":"open","ping_status":"open","sticky":false,"template":"","format":"standard","meta":[],"categories":[56],"tags":[],"yoast_head":"<!-- This site is optimized with the Yoast SEO plugin v20.8 - https:\/\/yoast.com\/wordpress\/plugins\/seo\/ -->\n<title>Alianza Evang\u00e9lica se pronuncia ante situaci\u00f3n actual de El Salvador - La Prensa Cristiana<\/title>\n<meta name=\"robots\" content=\"index, follow, max-snippet:-1, max-image-preview:large, max-video-preview:-1\" \/>\n<link rel=\"canonical\" href=\"https:\/\/laprensacristiana.com\/?p=8140\" \/>\n<meta property=\"og:locale\" content=\"es_ES\" \/>\n<meta property=\"og:type\" content=\"article\" \/>\n<meta property=\"og:title\" content=\"Alianza Evang\u00e9lica se pronuncia ante situaci\u00f3n actual de El Salvador - La Prensa Cristiana\" \/>\n<meta property=\"og:description\" content=\"La Alianza Evangelica de El Salvador lanz\u00f3 el d\u00eda de hoy un comunicado ante el enfrentamiento entre dos poderes del estado (Ejecutivo y legislativo). En uno de sus p\u00e1rrafos la organizaci\u00f3n hace un llamado al pueblo evang\u00e9lico a unirse en oraci\u00f3n: \u00abTambi\u00e9n insta al Pueblo Evang\u00e9lico a conservar la calma y procurar la paz de [&hellip;]\" \/>\n<meta property=\"og:url\" content=\"https:\/\/laprensacristiana.com\/?p=8140\" \/>\n<meta property=\"og:site_name\" content=\"La Prensa Cristiana\" \/>\n<meta property=\"article:published_time\" content=\"2020-02-11T23:58:38+00:00\" \/>\n<meta property=\"article:modified_time\" content=\"2020-02-11T23:58:41+00:00\" \/>\n<meta property=\"og:image\" content=\"https:\/\/laprensacristiana.com\/wp-content\/uploads\/2020\/02\/FB_IMG_1581465254819.jpg\" \/>\n\t<meta property=\"og:image:width\" content=\"720\" \/>\n\t<meta property=\"og:image:height\" content=\"480\" \/>\n\t<meta property=\"og:image:type\" content=\"image\/jpeg\" \/>\n<meta name=\"author\" content=\"EDITOR\" \/>\n<meta name=\"twitter:card\" content=\"summary_large_image\" \/>\n<meta name=\"twitter:label1\" content=\"Escrito por\" \/>\n\t<meta name=\"twitter:data1\" content=\"EDITOR\" \/>\n\t<meta name=\"twitter:label2\" content=\"Tiempo de lectura\" \/>\n\t<meta name=\"twitter:data2\" content=\"1 minuto\" \/>\n<script type=\"application\/ld+json\" class=\"yoast-schema-graph\">{\"@context\":\"https:\/\/schema.org\",\"@graph\":[{\"@type\":\"WebPage\",\"@id\":\"https:\/\/laprensacristiana.com\/?p=8140\",\"url\":\"https:\/\/laprensacristiana.com\/?p=8140\",\"name\":\"Alianza Evang\u00e9lica se pronuncia ante situaci\u00f3n actual de El Salvador - La Prensa Cristiana\",\"isPartOf\":{\"@id\":\"https:\/\/laprensacristiana.com\/#website\"},\"datePublished\":\"2020-02-11T23:58:38+00:00\",\"dateModified\":\"2020-02-11T23:58:41+00:00\",\"author\":{\"@id\":\"https:\/\/laprensacristiana.com\/#\/schema\/person\/3e7d82c6bfd6b1fa67010f8f7cd5256e\"},\"breadcrumb\":{\"@id\":\"https:\/\/laprensacristiana.com\/?p=8140#breadcrumb\"},\"inLanguage\":\"es\",\"potentialAction\":[{\"@type\":\"ReadAction\",\"target\":[\"https:\/\/laprensacristiana.com\/?p=8140\"]}]},{\"@type\":\"BreadcrumbList\",\"@id\":\"https:\/\/laprensacristiana.com\/?p=8140#breadcrumb\",\"itemListElement\":[{\"@type\":\"ListItem\",\"position\":1,\"name\":\"Portada\",\"item\":\"https:\/\/laprensacristiana.com\/\"},{\"@type\":\"ListItem\",\"position\":2,\"name\":\"Alianza Evang\u00e9lica se pronuncia ante situaci\u00f3n actual de El Salvador\"}]},{\"@type\":\"WebSite\",\"@id\":\"https:\/\/laprensacristiana.com\/#website\",\"url\":\"https:\/\/laprensacristiana.com\/\",\"name\":\"La Prensa Cristiana\",\"description\":\"Anunciando Las Buenas Nuevas\",\"potentialAction\":[{\"@type\":\"SearchAction\",\"target\":{\"@type\":\"EntryPoint\",\"urlTemplate\":\"https:\/\/laprensacristiana.com\/?s={search_term_string}\"},\"query-input\":\"required name=search_term_string\"}],\"inLanguage\":\"es\"},{\"@type\":\"Person\",\"@id\":\"https:\/\/laprensacristiana.com\/#\/schema\/person\/3e7d82c6bfd6b1fa67010f8f7cd5256e\",\"name\":\"EDITOR\",\"image\":{\"@type\":\"ImageObject\",\"inLanguage\":\"es\",\"@id\":\"https:\/\/laprensacristiana.com\/#\/schema\/person\/image\/\",\"url\":\"https:\/\/secure.gravatar.com\/avatar\/72069dfb6c13772d9e8381e3638666d2?s=96&d=mm&r=g\",\"contentUrl\":\"https:\/\/secure.gravatar.com\/avatar\/72069dfb6c13772d9e8381e3638666d2?s=96&d=mm&r=g\",\"caption\":\"EDITOR\"},\"url\":\"https:\/\/laprensacristiana.com\/?author=3\"}]}<\/script>\n<!-- \/ Yoast SEO plugin. -->","yoast_head_json":{"title":"Alianza Evang\u00e9lica se pronuncia ante situaci\u00f3n actual de El Salvador - La Prensa Cristiana","robots":{"index":"index","follow":"follow","max-snippet":"max-snippet:-1","max-image-preview":"max-image-preview:large","max-video-preview":"max-video-preview:-1"},"canonical":"https:\/\/laprensacristiana.com\/?p=8140","og_locale":"es_ES","og_type":"article","og_title":"Alianza Evang\u00e9lica se pronuncia ante situaci\u00f3n actual de El Salvador - La Prensa Cristiana","og_description":"La Alianza Evangelica de El Salvador lanz\u00f3 el d\u00eda de hoy un comunicado ante el enfrentamiento entre dos poderes del estado (Ejecutivo y legislativo). En uno de sus p\u00e1rrafos la organizaci\u00f3n hace un llamado al pueblo evang\u00e9lico a unirse en oraci\u00f3n: \u00abTambi\u00e9n insta al Pueblo Evang\u00e9lico a conservar la calma y procurar la paz de [&hellip;]","og_url":"https:\/\/laprensacristiana.com\/?p=8140","og_site_name":"La Prensa Cristiana","article_published_time":"2020-02-11T23:58:38+00:00","article_modified_time":"2020-02-11T23:58:41+00:00","og_image":[{"width":720,"height":480,"url":"https:\/\/laprensacristiana.com\/wp-content\/uploads\/2020\/02\/FB_IMG_1581465254819.jpg","type":"image\/jpeg"}],"author":"EDITOR","twitter_card":"summary_large_image","twitter_misc":{"Escrito por":"EDITOR","Tiempo de lectura":"1 minuto"},"schema":{"@context":"https:\/\/schema.org","@graph":[{"@type":"WebPage","@id":"https:\/\/laprensacristiana.com\/?p=8140","url":"https:\/\/laprensacristiana.com\/?p=8140","name":"Alianza Evang\u00e9lica se pronuncia ante situaci\u00f3n actual de El Salvador - La Prensa Cristiana","isPartOf":{"@id":"https:\/\/laprensacristiana.com\/#website"},"datePublished":"2020-02-11T23:58:38+00:00","dateModified":"2020-02-11T23:58:41+00:00","author":{"@id":"https:\/\/laprensacristiana.com\/#\/schema\/person\/3e7d82c6bfd6b1fa67010f8f7cd5256e"},"breadcrumb":{"@id":"https:\/\/laprensacristiana.com\/?p=8140#breadcrumb"},"inLanguage":"es","potentialAction":[{"@type":"ReadAction","target":["https:\/\/laprensacristiana.com\/?p=8140"]}]},{"@type":"BreadcrumbList","@id":"https:\/\/laprensacristiana.com\/?p=8140#breadcrumb","itemListElement":[{"@type":"ListItem","position":1,"name":"Portada","item":"https:\/\/laprensacristiana.com\/"},{"@type":"ListItem","position":2,"name":"Alianza Evang\u00e9lica se pronuncia ante situaci\u00f3n actual de El Salvador"}]},{"@type":"WebSite","@id":"https:\/\/laprensacristiana.com\/#website","url":"https:\/\/laprensacristiana.com\/","name":"La Prensa Cristiana","description":"Anunciando Las Buenas Nuevas","potentialAction":[{"@type":"SearchAction","target":{"@type":"EntryPoint","urlTemplate":"https:\/\/laprensacristiana.com\/?s={search_term_string}"},"query-input":"required name=search_term_string"}],"inLanguage":"es"},{"@type":"Person","@id":"https:\/\/laprensacristiana.com\/#\/schema\/person\/3e7d82c6bfd6b1fa67010f8f7cd5256e","name":"EDITOR","image":{"@type":"ImageObject","inLanguage":"es","@id":"https:\/\/laprensacristiana.com\/#\/schema\/person\/image\/","url":"https:\/\/secure.gravatar.com\/avatar\/72069dfb6c13772d9e8381e3638666d2?s=96&d=mm&r=g","contentUrl":"https:\/\/secure.gravatar.com\/avatar\/72069dfb6c13772d9e8381e3638666d2?s=96&d=mm&r=g","caption":"EDITOR"},"url":"https:\/\/laprensacristiana.com\/?author=3"}]}},"_links":{"self":[{"href":"https:\/\/laprensacristiana.com\/index.php?rest_route=\/wp\/v2\/posts\/8140"}],"collection":[{"href":"https:\/\/laprensacristiana.com\/index.php?rest_route=\/wp\/v2\/posts"}],"about":[{"href":"https:\/\/laprensacristiana.com\/index.php?rest_route=\/wp\/v2\/types\/post"}],"author":[{"embeddable":true,"href":"https:\/\/laprensacristiana.com\/index.php?rest_route=\/wp\/v2\/users\/3"}],"replies":[{"embeddable":true,"href":"https:\/\/laprensacristiana.com\/index.php?rest_route=%2Fwp%2Fv2%2Fcomments&post=8140"}],"version-history":[{"count":1,"href":"https:\/\/laprensacristiana.com\/index.php?rest_route=\/wp\/v2\/posts\/8140\/revisions"}],"predecessor-version":[{"id":8143,"href":"https:\/\/laprensacristiana.com\/index.php?rest_route=\/wp\/v2\/posts\/8140\/revisions\/8143"}],"wp:featuredmedia":[{"embeddable":true,"href":"https:\/\/laprensacristiana.com\/index.php?rest_route=\/wp\/v2\/media\/8141"}],"wp:attachment":[{"href":"https:\/\/laprensacristiana.com\/index.php?rest_route=%2Fwp%2Fv2%2Fmedia&parent=8140"}],"wp:term":[{"taxonomy":"category","embeddable":true,"href":"https:\/\/laprensacristiana.com\/index.php?rest_route=%2Fwp%2Fv2%2Fcategories&post=8140"},{"taxonomy":"post_tag","embeddable":true,"href":"https:\/\/laprensacristiana.com\/index.php?rest_route=%2Fwp%2Fv2%2Ftags&post=8140"}],"curies":[{"name":"wp","href":"https:\/\/api.w.org\/{rel}","templated":true}]}}