{"id":8146,"date":"2020-02-12T02:26:44","date_gmt":"2020-02-12T02:26:44","guid":{"rendered":"https:\/\/laprensacristiana.com\/?p=8146"},"modified":"2020-02-12T02:26:47","modified_gmt":"2020-02-12T02:26:47","slug":"christian-fest-live-anuncia-cambio-de-lugar","status":"publish","type":"post","link":"https:\/\/laprensacristiana.com\/?p=8146","title":{"rendered":"Christian Fest Live anuncia cambio de lugar"},"content":{"rendered":"\n<p>Christian Fest Live es un espacio dirigido a la juventud para compartir un tiempo especial y adorar al Se\u00f1or. Es Cristoc\u00e9ntrico pero est\u00e1 dise\u00f1ado para que las personas que no conocen el mensaje del evangelio puedan acercar su vida a Jes\u00fas. No solo es m\u00fasica, Christian Fest Live abre un espacio para que la palabra de Dios sea difundida y sobre todo hacer un llamado para todo aquel que aun no ha recibido a Jesucristo como su salvador. <\/p>\n\n\n\n<p>Es un ministerio que no pertenece a ninguna denominaci\u00f3n religiosa, su misi\u00f3n es extender el evangelio a toda criatura y as\u00ed cumplir con la gran comisi\u00f3n, reforzar la conexi\u00f3n entre Dios y los j\u00f3venes, motiv\u00e1ndolos a que ocupen sus dones para ganar almas para Cristo.&nbsp; El evento es totalmente gratuito. <\/p>\n\n\n\n<p>El a\u00f1o pasado se llev\u00f3 a cabo en el Centro de Ferias y Convenciones CIFCO, con lleno total, los organizadores lamentaron mucho que miles de personas no lograran entrar al lugar, Por lo que este a\u00f1o se hab\u00eda previsto que fuera en el estadio \u201cJorge M\u00e1gico Gonzalez\u201d pero esta tarde la cuenta oficial de Cristian Fest Live 2020 anunci\u00f3 que hay un cambio de lugar, el evento se llevar\u00e1 a cabo en el Estadio Cuscatl\u00e1n el 14 de marzo a las 2 pm.<\/p>\n\n\n\n<p>Los artistas que se presentaran ese d\u00eda ser\u00e1n Redimi2 quien es uno de los m\u00e1s esperados, Alex Zurdo, Funky, Marcos Vidal e Ingrid Rosario.<\/p>\n","protected":false},"excerpt":{"rendered":"<p>Christian Fest Live es un espacio dirigido a la juventud para compartir un tiempo especial y adorar al Se\u00f1or. Es Cristoc\u00e9ntrico pero est\u00e1 dise\u00f1ado para que las personas que no conocen el mensaje del evangelio puedan acercar su vida a Jes\u00fas. No solo es m\u00fasica, Christian Fest Live abre un espacio para que la palabra [&hellip;]<\/p>\n","protected":false},"author":3,"featured_media":8147,"comment_status":"open","ping_status":"open","sticky":false,"template":"","format":"standard","meta":[],"categories":[56],"tags":[],"yoast_head":"<!-- This site is optimized with the Yoast SEO plugin v20.8 - https:\/\/yoast.com\/wordpress\/plugins\/seo\/ -->\n<title>Christian Fest Live anuncia cambio de lugar - La Prensa Cristiana<\/title>\n<meta name=\"robots\" content=\"index, follow, max-snippet:-1, max-image-preview:large, max-video-preview:-1\" \/>\n<link rel=\"canonical\" href=\"https:\/\/laprensacristiana.com\/?p=8146\" \/>\n<meta property=\"og:locale\" content=\"es_ES\" \/>\n<meta property=\"og:type\" content=\"article\" \/>\n<meta property=\"og:title\" content=\"Christian Fest Live anuncia cambio de lugar - La Prensa Cristiana\" \/>\n<meta property=\"og:description\" content=\"Christian Fest Live es un espacio dirigido a la juventud para compartir un tiempo especial y adorar al Se\u00f1or. Es Cristoc\u00e9ntrico pero est\u00e1 dise\u00f1ado para que las personas que no conocen el mensaje del evangelio puedan acercar su vida a Jes\u00fas. No solo es m\u00fasica, Christian Fest Live abre un espacio para que la palabra [&hellip;]\" \/>\n<meta property=\"og:url\" content=\"https:\/\/laprensacristiana.com\/?p=8146\" \/>\n<meta property=\"og:site_name\" content=\"La Prensa Cristiana\" \/>\n<meta property=\"article:published_time\" content=\"2020-02-12T02:26:44+00:00\" \/>\n<meta property=\"article:modified_time\" content=\"2020-02-12T02:26:47+00:00\" \/>\n<meta property=\"og:image\" content=\"https:\/\/laprensacristiana.com\/wp-content\/uploads\/2020\/02\/SAVE_20200211_202456.jpg\" \/>\n\t<meta property=\"og:image:width\" content=\"720\" \/>\n\t<meta property=\"og:image:height\" content=\"681\" \/>\n\t<meta property=\"og:image:type\" content=\"image\/jpeg\" \/>\n<meta name=\"author\" content=\"EDITOR\" \/>\n<meta name=\"twitter:card\" content=\"summary_large_image\" \/>\n<meta name=\"twitter:label1\" content=\"Escrito por\" \/>\n\t<meta name=\"twitter:data1\" content=\"EDITOR\" \/>\n\t<meta name=\"twitter:label2\" content=\"Tiempo de lectura\" \/>\n\t<meta name=\"twitter:data2\" content=\"1 minuto\" \/>\n<script type=\"application\/ld+json\" class=\"yoast-schema-graph\">{\"@context\":\"https:\/\/schema.org\",\"@graph\":[{\"@type\":\"WebPage\",\"@id\":\"https:\/\/laprensacristiana.com\/?p=8146\",\"url\":\"https:\/\/laprensacristiana.com\/?p=8146\",\"name\":\"Christian Fest Live anuncia cambio de lugar - La Prensa Cristiana\",\"isPartOf\":{\"@id\":\"https:\/\/laprensacristiana.com\/#website\"},\"datePublished\":\"2020-02-12T02:26:44+00:00\",\"dateModified\":\"2020-02-12T02:26:47+00:00\",\"author\":{\"@id\":\"https:\/\/laprensacristiana.com\/#\/schema\/person\/3e7d82c6bfd6b1fa67010f8f7cd5256e\"},\"breadcrumb\":{\"@id\":\"https:\/\/laprensacristiana.com\/?p=8146#breadcrumb\"},\"inLanguage\":\"es\",\"potentialAction\":[{\"@type\":\"ReadAction\",\"target\":[\"https:\/\/laprensacristiana.com\/?p=8146\"]}]},{\"@type\":\"BreadcrumbList\",\"@id\":\"https:\/\/laprensacristiana.com\/?p=8146#breadcrumb\",\"itemListElement\":[{\"@type\":\"ListItem\",\"position\":1,\"name\":\"Portada\",\"item\":\"https:\/\/laprensacristiana.com\/\"},{\"@type\":\"ListItem\",\"position\":2,\"name\":\"Christian Fest Live anuncia cambio de lugar\"}]},{\"@type\":\"WebSite\",\"@id\":\"https:\/\/laprensacristiana.com\/#website\",\"url\":\"https:\/\/laprensacristiana.com\/\",\"name\":\"La Prensa Cristiana\",\"description\":\"Anunciando Las Buenas Nuevas\",\"potentialAction\":[{\"@type\":\"SearchAction\",\"target\":{\"@type\":\"EntryPoint\",\"urlTemplate\":\"https:\/\/laprensacristiana.com\/?s={search_term_string}\"},\"query-input\":\"required name=search_term_string\"}],\"inLanguage\":\"es\"},{\"@type\":\"Person\",\"@id\":\"https:\/\/laprensacristiana.com\/#\/schema\/person\/3e7d82c6bfd6b1fa67010f8f7cd5256e\",\"name\":\"EDITOR\",\"image\":{\"@type\":\"ImageObject\",\"inLanguage\":\"es\",\"@id\":\"https:\/\/laprensacristiana.com\/#\/schema\/person\/image\/\",\"url\":\"https:\/\/secure.gravatar.com\/avatar\/72069dfb6c13772d9e8381e3638666d2?s=96&d=mm&r=g\",\"contentUrl\":\"https:\/\/secure.gravatar.com\/avatar\/72069dfb6c13772d9e8381e3638666d2?s=96&d=mm&r=g\",\"caption\":\"EDITOR\"},\"url\":\"https:\/\/laprensacristiana.com\/?author=3\"}]}<\/script>\n<!-- \/ Yoast SEO plugin. -->","yoast_head_json":{"title":"Christian Fest Live anuncia cambio de lugar - La Prensa Cristiana","robots":{"index":"index","follow":"follow","max-snippet":"max-snippet:-1","max-image-preview":"max-image-preview:large","max-video-preview":"max-video-preview:-1"},"canonical":"https:\/\/laprensacristiana.com\/?p=8146","og_locale":"es_ES","og_type":"article","og_title":"Christian Fest Live anuncia cambio de lugar - La Prensa Cristiana","og_description":"Christian Fest Live es un espacio dirigido a la juventud para compartir un tiempo especial y adorar al Se\u00f1or. Es Cristoc\u00e9ntrico pero est\u00e1 dise\u00f1ado para que las personas que no conocen el mensaje del evangelio puedan acercar su vida a Jes\u00fas. No solo es m\u00fasica, Christian Fest Live abre un espacio para que la palabra [&hellip;]","og_url":"https:\/\/laprensacristiana.com\/?p=8146","og_site_name":"La Prensa Cristiana","article_published_time":"2020-02-12T02:26:44+00:00","article_modified_time":"2020-02-12T02:26:47+00:00","og_image":[{"width":720,"height":681,"url":"https:\/\/laprensacristiana.com\/wp-content\/uploads\/2020\/02\/SAVE_20200211_202456.jpg","type":"image\/jpeg"}],"author":"EDITOR","twitter_card":"summary_large_image","twitter_misc":{"Escrito por":"EDITOR","Tiempo de lectura":"1 minuto"},"schema":{"@context":"https:\/\/schema.org","@graph":[{"@type":"WebPage","@id":"https:\/\/laprensacristiana.com\/?p=8146","url":"https:\/\/laprensacristiana.com\/?p=8146","name":"Christian Fest Live anuncia cambio de lugar - La Prensa Cristiana","isPartOf":{"@id":"https:\/\/laprensacristiana.com\/#website"},"datePublished":"2020-02-12T02:26:44+00:00","dateModified":"2020-02-12T02:26:47+00:00","author":{"@id":"https:\/\/laprensacristiana.com\/#\/schema\/person\/3e7d82c6bfd6b1fa67010f8f7cd5256e"},"breadcrumb":{"@id":"https:\/\/laprensacristiana.com\/?p=8146#breadcrumb"},"inLanguage":"es","potentialAction":[{"@type":"ReadAction","target":["https:\/\/laprensacristiana.com\/?p=8146"]}]},{"@type":"BreadcrumbList","@id":"https:\/\/laprensacristiana.com\/?p=8146#breadcrumb","itemListElement":[{"@type":"ListItem","position":1,"name":"Portada","item":"https:\/\/laprensacristiana.com\/"},{"@type":"ListItem","position":2,"name":"Christian Fest Live anuncia cambio de lugar"}]},{"@type":"WebSite","@id":"https:\/\/laprensacristiana.com\/#website","url":"https:\/\/laprensacristiana.com\/","name":"La Prensa Cristiana","description":"Anunciando Las Buenas Nuevas","potentialAction":[{"@type":"SearchAction","target":{"@type":"EntryPoint","urlTemplate":"https:\/\/laprensacristiana.com\/?s={search_term_string}"},"query-input":"required name=search_term_string"}],"inLanguage":"es"},{"@type":"Person","@id":"https:\/\/laprensacristiana.com\/#\/schema\/person\/3e7d82c6bfd6b1fa67010f8f7cd5256e","name":"EDITOR","image":{"@type":"ImageObject","inLanguage":"es","@id":"https:\/\/laprensacristiana.com\/#\/schema\/person\/image\/","url":"https:\/\/secure.gravatar.com\/avatar\/72069dfb6c13772d9e8381e3638666d2?s=96&d=mm&r=g","contentUrl":"https:\/\/secure.gravatar.com\/avatar\/72069dfb6c13772d9e8381e3638666d2?s=96&d=mm&r=g","caption":"EDITOR"},"url":"https:\/\/laprensacristiana.com\/?author=3"}]}},"_links":{"self":[{"href":"https:\/\/laprensacristiana.com\/index.php?rest_route=\/wp\/v2\/posts\/8146"}],"collection":[{"href":"https:\/\/laprensacristiana.com\/index.php?rest_route=\/wp\/v2\/posts"}],"about":[{"href":"https:\/\/laprensacristiana.com\/index.php?rest_route=\/wp\/v2\/types\/post"}],"author":[{"embeddable":true,"href":"https:\/\/laprensacristiana.com\/index.php?rest_route=\/wp\/v2\/users\/3"}],"replies":[{"embeddable":true,"href":"https:\/\/laprensacristiana.com\/index.php?rest_route=%2Fwp%2Fv2%2Fcomments&post=8146"}],"version-history":[{"count":1,"href":"https:\/\/laprensacristiana.com\/index.php?rest_route=\/wp\/v2\/posts\/8146\/revisions"}],"predecessor-version":[{"id":8148,"href":"https:\/\/laprensacristiana.com\/index.php?rest_route=\/wp\/v2\/posts\/8146\/revisions\/8148"}],"wp:featuredmedia":[{"embeddable":true,"href":"https:\/\/laprensacristiana.com\/index.php?rest_route=\/wp\/v2\/media\/8147"}],"wp:attachment":[{"href":"https:\/\/laprensacristiana.com\/index.php?rest_route=%2Fwp%2Fv2%2Fmedia&parent=8146"}],"wp:term":[{"taxonomy":"category","embeddable":true,"href":"https:\/\/laprensacristiana.com\/index.php?rest_route=%2Fwp%2Fv2%2Fcategories&post=8146"},{"taxonomy":"post_tag","embeddable":true,"href":"https:\/\/laprensacristiana.com\/index.php?rest_route=%2Fwp%2Fv2%2Ftags&post=8146"}],"curies":[{"name":"wp","href":"https:\/\/api.w.org\/{rel}","templated":true}]}}