{"id":8158,"date":"2020-02-12T16:55:54","date_gmt":"2020-02-12T16:55:54","guid":{"rendered":"https:\/\/laprensacristiana.com\/?p=8158"},"modified":"2020-02-12T16:55:56","modified_gmt":"2020-02-12T16:55:56","slug":"israel-brilla-con-los-colores-de-la-bandera-de-china-en-solidaridad","status":"publish","type":"post","link":"https:\/\/laprensacristiana.com\/?p=8158","title":{"rendered":"Israel brilla con los colores de la bandera de China en solidaridad"},"content":{"rendered":"\n<p>El Coronavirus fue descubierto a finales de diciembre del a\u00f1o pasado por el Dr. Li Wenliang en Wuhan, China, y fue decretado c\u00f3mo epidemia mundial el 02 de febrero por la OMS.<\/p>\n\n\n\n<p>Desde entonces los habitantes de China tienen que vivir largos protocolos de salud para evitar ser contagiados, algunas ciudades tienen prohibido salir a las calles. La situaci\u00f3n en general es muy dif\u00edcil para este pa\u00eds. <\/p>\n\n\n\n<p>Muchos pastores, iglesias, evangelistas se han unido en oraci\u00f3n por ese pa\u00eds y el mundo entero. <\/p>\n\n\n\n<p>Israel no es la excepci\u00f3n, ayer por la noche el municipio de la ciudad de TelAviv brill\u00f3 en nombre de China,  iluminado con los colores de la bandera de este pa\u00eds, enviaron un mensaje de amor y apoyo a todos los habitantes de  China que actualmente est\u00e1n lidiando con la crisis del Coronavirus.<\/p>\n","protected":false},"excerpt":{"rendered":"<p>El Coronavirus fue descubierto a finales de diciembre del a\u00f1o pasado por el Dr. Li Wenliang en Wuhan, China, y fue decretado c\u00f3mo epidemia mundial el 02 de febrero por la OMS. Desde entonces los habitantes de China tienen que vivir largos protocolos de salud para evitar ser contagiados, algunas ciudades tienen prohibido salir a [&hellip;]<\/p>\n","protected":false},"author":3,"featured_media":8159,"comment_status":"open","ping_status":"open","sticky":false,"template":"","format":"standard","meta":[],"categories":[56],"tags":[],"yoast_head":"<!-- This site is optimized with the Yoast SEO plugin v20.8 - https:\/\/yoast.com\/wordpress\/plugins\/seo\/ -->\n<title>Israel brilla con los colores de la bandera de China en solidaridad - La Prensa Cristiana<\/title>\n<meta name=\"robots\" content=\"index, follow, max-snippet:-1, max-image-preview:large, max-video-preview:-1\" \/>\n<link rel=\"canonical\" href=\"https:\/\/laprensacristiana.com\/?p=8158\" \/>\n<meta property=\"og:locale\" content=\"es_ES\" \/>\n<meta property=\"og:type\" content=\"article\" \/>\n<meta property=\"og:title\" content=\"Israel brilla con los colores de la bandera de China en solidaridad - La Prensa Cristiana\" \/>\n<meta property=\"og:description\" content=\"El Coronavirus fue descubierto a finales de diciembre del a\u00f1o pasado por el Dr. Li Wenliang en Wuhan, China, y fue decretado c\u00f3mo epidemia mundial el 02 de febrero por la OMS. Desde entonces los habitantes de China tienen que vivir largos protocolos de salud para evitar ser contagiados, algunas ciudades tienen prohibido salir a [&hellip;]\" \/>\n<meta property=\"og:url\" content=\"https:\/\/laprensacristiana.com\/?p=8158\" \/>\n<meta property=\"og:site_name\" content=\"La Prensa Cristiana\" \/>\n<meta property=\"article:published_time\" content=\"2020-02-12T16:55:54+00:00\" \/>\n<meta property=\"article:modified_time\" content=\"2020-02-12T16:55:56+00:00\" \/>\n<meta property=\"og:image\" content=\"https:\/\/laprensacristiana.com\/wp-content\/uploads\/2020\/02\/IMG_20200212_092748.jpg\" \/>\n\t<meta property=\"og:image:width\" content=\"1600\" \/>\n\t<meta property=\"og:image:height\" content=\"1200\" \/>\n\t<meta property=\"og:image:type\" content=\"image\/jpeg\" \/>\n<meta name=\"author\" content=\"EDITOR\" \/>\n<meta name=\"twitter:card\" content=\"summary_large_image\" \/>\n<meta name=\"twitter:label1\" content=\"Escrito por\" \/>\n\t<meta name=\"twitter:data1\" content=\"EDITOR\" \/>\n\t<meta name=\"twitter:label2\" content=\"Tiempo de lectura\" \/>\n\t<meta name=\"twitter:data2\" content=\"1 minuto\" \/>\n<script type=\"application\/ld+json\" class=\"yoast-schema-graph\">{\"@context\":\"https:\/\/schema.org\",\"@graph\":[{\"@type\":\"WebPage\",\"@id\":\"https:\/\/laprensacristiana.com\/?p=8158\",\"url\":\"https:\/\/laprensacristiana.com\/?p=8158\",\"name\":\"Israel brilla con los colores de la bandera de China en solidaridad - La Prensa Cristiana\",\"isPartOf\":{\"@id\":\"https:\/\/laprensacristiana.com\/#website\"},\"datePublished\":\"2020-02-12T16:55:54+00:00\",\"dateModified\":\"2020-02-12T16:55:56+00:00\",\"author\":{\"@id\":\"https:\/\/laprensacristiana.com\/#\/schema\/person\/3e7d82c6bfd6b1fa67010f8f7cd5256e\"},\"breadcrumb\":{\"@id\":\"https:\/\/laprensacristiana.com\/?p=8158#breadcrumb\"},\"inLanguage\":\"es\",\"potentialAction\":[{\"@type\":\"ReadAction\",\"target\":[\"https:\/\/laprensacristiana.com\/?p=8158\"]}]},{\"@type\":\"BreadcrumbList\",\"@id\":\"https:\/\/laprensacristiana.com\/?p=8158#breadcrumb\",\"itemListElement\":[{\"@type\":\"ListItem\",\"position\":1,\"name\":\"Portada\",\"item\":\"https:\/\/laprensacristiana.com\/\"},{\"@type\":\"ListItem\",\"position\":2,\"name\":\"Israel brilla con los colores de la bandera de China en solidaridad\"}]},{\"@type\":\"WebSite\",\"@id\":\"https:\/\/laprensacristiana.com\/#website\",\"url\":\"https:\/\/laprensacristiana.com\/\",\"name\":\"La Prensa Cristiana\",\"description\":\"Anunciando Las Buenas Nuevas\",\"potentialAction\":[{\"@type\":\"SearchAction\",\"target\":{\"@type\":\"EntryPoint\",\"urlTemplate\":\"https:\/\/laprensacristiana.com\/?s={search_term_string}\"},\"query-input\":\"required name=search_term_string\"}],\"inLanguage\":\"es\"},{\"@type\":\"Person\",\"@id\":\"https:\/\/laprensacristiana.com\/#\/schema\/person\/3e7d82c6bfd6b1fa67010f8f7cd5256e\",\"name\":\"EDITOR\",\"image\":{\"@type\":\"ImageObject\",\"inLanguage\":\"es\",\"@id\":\"https:\/\/laprensacristiana.com\/#\/schema\/person\/image\/\",\"url\":\"https:\/\/secure.gravatar.com\/avatar\/72069dfb6c13772d9e8381e3638666d2?s=96&d=mm&r=g\",\"contentUrl\":\"https:\/\/secure.gravatar.com\/avatar\/72069dfb6c13772d9e8381e3638666d2?s=96&d=mm&r=g\",\"caption\":\"EDITOR\"},\"url\":\"https:\/\/laprensacristiana.com\/?author=3\"}]}<\/script>\n<!-- \/ Yoast SEO plugin. -->","yoast_head_json":{"title":"Israel brilla con los colores de la bandera de China en solidaridad - La Prensa Cristiana","robots":{"index":"index","follow":"follow","max-snippet":"max-snippet:-1","max-image-preview":"max-image-preview:large","max-video-preview":"max-video-preview:-1"},"canonical":"https:\/\/laprensacristiana.com\/?p=8158","og_locale":"es_ES","og_type":"article","og_title":"Israel brilla con los colores de la bandera de China en solidaridad - La Prensa Cristiana","og_description":"El Coronavirus fue descubierto a finales de diciembre del a\u00f1o pasado por el Dr. Li Wenliang en Wuhan, China, y fue decretado c\u00f3mo epidemia mundial el 02 de febrero por la OMS. Desde entonces los habitantes de China tienen que vivir largos protocolos de salud para evitar ser contagiados, algunas ciudades tienen prohibido salir a [&hellip;]","og_url":"https:\/\/laprensacristiana.com\/?p=8158","og_site_name":"La Prensa Cristiana","article_published_time":"2020-02-12T16:55:54+00:00","article_modified_time":"2020-02-12T16:55:56+00:00","og_image":[{"width":1600,"height":1200,"url":"https:\/\/laprensacristiana.com\/wp-content\/uploads\/2020\/02\/IMG_20200212_092748.jpg","type":"image\/jpeg"}],"author":"EDITOR","twitter_card":"summary_large_image","twitter_misc":{"Escrito por":"EDITOR","Tiempo de lectura":"1 minuto"},"schema":{"@context":"https:\/\/schema.org","@graph":[{"@type":"WebPage","@id":"https:\/\/laprensacristiana.com\/?p=8158","url":"https:\/\/laprensacristiana.com\/?p=8158","name":"Israel brilla con los colores de la bandera de China en solidaridad - La Prensa Cristiana","isPartOf":{"@id":"https:\/\/laprensacristiana.com\/#website"},"datePublished":"2020-02-12T16:55:54+00:00","dateModified":"2020-02-12T16:55:56+00:00","author":{"@id":"https:\/\/laprensacristiana.com\/#\/schema\/person\/3e7d82c6bfd6b1fa67010f8f7cd5256e"},"breadcrumb":{"@id":"https:\/\/laprensacristiana.com\/?p=8158#breadcrumb"},"inLanguage":"es","potentialAction":[{"@type":"ReadAction","target":["https:\/\/laprensacristiana.com\/?p=8158"]}]},{"@type":"BreadcrumbList","@id":"https:\/\/laprensacristiana.com\/?p=8158#breadcrumb","itemListElement":[{"@type":"ListItem","position":1,"name":"Portada","item":"https:\/\/laprensacristiana.com\/"},{"@type":"ListItem","position":2,"name":"Israel brilla con los colores de la bandera de China en solidaridad"}]},{"@type":"WebSite","@id":"https:\/\/laprensacristiana.com\/#website","url":"https:\/\/laprensacristiana.com\/","name":"La Prensa Cristiana","description":"Anunciando Las Buenas Nuevas","potentialAction":[{"@type":"SearchAction","target":{"@type":"EntryPoint","urlTemplate":"https:\/\/laprensacristiana.com\/?s={search_term_string}"},"query-input":"required name=search_term_string"}],"inLanguage":"es"},{"@type":"Person","@id":"https:\/\/laprensacristiana.com\/#\/schema\/person\/3e7d82c6bfd6b1fa67010f8f7cd5256e","name":"EDITOR","image":{"@type":"ImageObject","inLanguage":"es","@id":"https:\/\/laprensacristiana.com\/#\/schema\/person\/image\/","url":"https:\/\/secure.gravatar.com\/avatar\/72069dfb6c13772d9e8381e3638666d2?s=96&d=mm&r=g","contentUrl":"https:\/\/secure.gravatar.com\/avatar\/72069dfb6c13772d9e8381e3638666d2?s=96&d=mm&r=g","caption":"EDITOR"},"url":"https:\/\/laprensacristiana.com\/?author=3"}]}},"_links":{"self":[{"href":"https:\/\/laprensacristiana.com\/index.php?rest_route=\/wp\/v2\/posts\/8158"}],"collection":[{"href":"https:\/\/laprensacristiana.com\/index.php?rest_route=\/wp\/v2\/posts"}],"about":[{"href":"https:\/\/laprensacristiana.com\/index.php?rest_route=\/wp\/v2\/types\/post"}],"author":[{"embeddable":true,"href":"https:\/\/laprensacristiana.com\/index.php?rest_route=\/wp\/v2\/users\/3"}],"replies":[{"embeddable":true,"href":"https:\/\/laprensacristiana.com\/index.php?rest_route=%2Fwp%2Fv2%2Fcomments&post=8158"}],"version-history":[{"count":1,"href":"https:\/\/laprensacristiana.com\/index.php?rest_route=\/wp\/v2\/posts\/8158\/revisions"}],"predecessor-version":[{"id":8160,"href":"https:\/\/laprensacristiana.com\/index.php?rest_route=\/wp\/v2\/posts\/8158\/revisions\/8160"}],"wp:featuredmedia":[{"embeddable":true,"href":"https:\/\/laprensacristiana.com\/index.php?rest_route=\/wp\/v2\/media\/8159"}],"wp:attachment":[{"href":"https:\/\/laprensacristiana.com\/index.php?rest_route=%2Fwp%2Fv2%2Fmedia&parent=8158"}],"wp:term":[{"taxonomy":"category","embeddable":true,"href":"https:\/\/laprensacristiana.com\/index.php?rest_route=%2Fwp%2Fv2%2Fcategories&post=8158"},{"taxonomy":"post_tag","embeddable":true,"href":"https:\/\/laprensacristiana.com\/index.php?rest_route=%2Fwp%2Fv2%2Ftags&post=8158"}],"curies":[{"name":"wp","href":"https:\/\/api.w.org\/{rel}","templated":true}]}}