{"id":8161,"date":"2020-02-12T21:00:27","date_gmt":"2020-02-12T21:00:27","guid":{"rendered":"https:\/\/laprensacristiana.com\/?p=8161"},"modified":"2020-02-12T21:00:30","modified_gmt":"2020-02-12T21:00:30","slug":"controversial-el-nuevo-programa-de-television-del-pastor-alberto-mottesi","status":"publish","type":"post","link":"https:\/\/laprensacristiana.com\/?p=8161","title":{"rendered":"\u00abControversial\u00bb el nuevo programa de televisi\u00f3n del pastor Alberto Mottesi"},"content":{"rendered":"\n<p>El pastor y evang\u00e9lista Alberto Mottesi no solo viaja por el mundo llevando el evangelio a trav\u00e9s de eventos, a lo largo de los a\u00f1os a producido su programa radial \u00abUn momento con Alberto Mottesi\u00bb en el que da respuestas a la luz de la biblia sobre problemas de la vida y los problemas del mundo moderno. <\/p>\n\n\n\n<p>Esta ma\u00f1ana a trav\u00e9s de sus redes sociales el pastor Mottesi anuncio que est\u00e1 produciendo un nuevo programa de television. En Los primeros cuatro programas abordar\u00e1 temas sobre la justicia, violencia y el derecho a la vida. <\/p>\n\n\n\n<p>\u00abUn programa para gente que piensa\u00bb expres\u00f3 Alberto Mottesi.<\/p>\n","protected":false},"excerpt":{"rendered":"<p>El pastor y evang\u00e9lista Alberto Mottesi no solo viaja por el mundo llevando el evangelio a trav\u00e9s de eventos, a lo largo de los a\u00f1os a producido su programa radial \u00abUn momento con Alberto Mottesi\u00bb en el que da respuestas a la luz de la biblia sobre problemas de la vida y los problemas del [&hellip;]<\/p>\n","protected":false},"author":3,"featured_media":8162,"comment_status":"open","ping_status":"open","sticky":false,"template":"","format":"standard","meta":[],"categories":[56],"tags":[],"yoast_head":"<!-- This site is optimized with the Yoast SEO plugin v20.8 - https:\/\/yoast.com\/wordpress\/plugins\/seo\/ -->\n<title>&quot;Controversial&quot; el nuevo programa de televisi\u00f3n del pastor Alberto Mottesi - La Prensa Cristiana<\/title>\n<meta name=\"robots\" content=\"index, follow, max-snippet:-1, max-image-preview:large, max-video-preview:-1\" \/>\n<link rel=\"canonical\" href=\"https:\/\/laprensacristiana.com\/?p=8161\" \/>\n<meta property=\"og:locale\" content=\"es_ES\" \/>\n<meta property=\"og:type\" content=\"article\" \/>\n<meta property=\"og:title\" content=\"&quot;Controversial&quot; el nuevo programa de televisi\u00f3n del pastor Alberto Mottesi - La Prensa Cristiana\" \/>\n<meta property=\"og:description\" content=\"El pastor y evang\u00e9lista Alberto Mottesi no solo viaja por el mundo llevando el evangelio a trav\u00e9s de eventos, a lo largo de los a\u00f1os a producido su programa radial \u00abUn momento con Alberto Mottesi\u00bb en el que da respuestas a la luz de la biblia sobre problemas de la vida y los problemas del [&hellip;]\" \/>\n<meta property=\"og:url\" content=\"https:\/\/laprensacristiana.com\/?p=8161\" \/>\n<meta property=\"og:site_name\" content=\"La Prensa Cristiana\" \/>\n<meta property=\"article:published_time\" content=\"2020-02-12T21:00:27+00:00\" \/>\n<meta property=\"article:modified_time\" content=\"2020-02-12T21:00:30+00:00\" \/>\n<meta property=\"og:image\" content=\"https:\/\/laprensacristiana.com\/wp-content\/uploads\/2020\/02\/FB_IMG_1581527172152.jpg\" \/>\n\t<meta property=\"og:image:width\" content=\"720\" \/>\n\t<meta property=\"og:image:height\" content=\"288\" \/>\n\t<meta property=\"og:image:type\" content=\"image\/jpeg\" \/>\n<meta name=\"author\" content=\"EDITOR\" \/>\n<meta name=\"twitter:card\" content=\"summary_large_image\" \/>\n<meta name=\"twitter:label1\" content=\"Escrito por\" \/>\n\t<meta name=\"twitter:data1\" content=\"EDITOR\" \/>\n\t<meta name=\"twitter:label2\" content=\"Tiempo de lectura\" \/>\n\t<meta name=\"twitter:data2\" content=\"1 minuto\" \/>\n<script type=\"application\/ld+json\" class=\"yoast-schema-graph\">{\"@context\":\"https:\/\/schema.org\",\"@graph\":[{\"@type\":\"WebPage\",\"@id\":\"https:\/\/laprensacristiana.com\/?p=8161\",\"url\":\"https:\/\/laprensacristiana.com\/?p=8161\",\"name\":\"\\\"Controversial\\\" el nuevo programa de televisi\u00f3n del pastor Alberto Mottesi - La Prensa Cristiana\",\"isPartOf\":{\"@id\":\"https:\/\/laprensacristiana.com\/#website\"},\"datePublished\":\"2020-02-12T21:00:27+00:00\",\"dateModified\":\"2020-02-12T21:00:30+00:00\",\"author\":{\"@id\":\"https:\/\/laprensacristiana.com\/#\/schema\/person\/3e7d82c6bfd6b1fa67010f8f7cd5256e\"},\"breadcrumb\":{\"@id\":\"https:\/\/laprensacristiana.com\/?p=8161#breadcrumb\"},\"inLanguage\":\"es\",\"potentialAction\":[{\"@type\":\"ReadAction\",\"target\":[\"https:\/\/laprensacristiana.com\/?p=8161\"]}]},{\"@type\":\"BreadcrumbList\",\"@id\":\"https:\/\/laprensacristiana.com\/?p=8161#breadcrumb\",\"itemListElement\":[{\"@type\":\"ListItem\",\"position\":1,\"name\":\"Portada\",\"item\":\"https:\/\/laprensacristiana.com\/\"},{\"@type\":\"ListItem\",\"position\":2,\"name\":\"\u00abControversial\u00bb el nuevo programa de televisi\u00f3n del pastor Alberto Mottesi\"}]},{\"@type\":\"WebSite\",\"@id\":\"https:\/\/laprensacristiana.com\/#website\",\"url\":\"https:\/\/laprensacristiana.com\/\",\"name\":\"La Prensa Cristiana\",\"description\":\"Anunciando Las Buenas Nuevas\",\"potentialAction\":[{\"@type\":\"SearchAction\",\"target\":{\"@type\":\"EntryPoint\",\"urlTemplate\":\"https:\/\/laprensacristiana.com\/?s={search_term_string}\"},\"query-input\":\"required name=search_term_string\"}],\"inLanguage\":\"es\"},{\"@type\":\"Person\",\"@id\":\"https:\/\/laprensacristiana.com\/#\/schema\/person\/3e7d82c6bfd6b1fa67010f8f7cd5256e\",\"name\":\"EDITOR\",\"image\":{\"@type\":\"ImageObject\",\"inLanguage\":\"es\",\"@id\":\"https:\/\/laprensacristiana.com\/#\/schema\/person\/image\/\",\"url\":\"https:\/\/secure.gravatar.com\/avatar\/72069dfb6c13772d9e8381e3638666d2?s=96&d=mm&r=g\",\"contentUrl\":\"https:\/\/secure.gravatar.com\/avatar\/72069dfb6c13772d9e8381e3638666d2?s=96&d=mm&r=g\",\"caption\":\"EDITOR\"},\"url\":\"https:\/\/laprensacristiana.com\/?author=3\"}]}<\/script>\n<!-- \/ Yoast SEO plugin. -->","yoast_head_json":{"title":"\"Controversial\" el nuevo programa de televisi\u00f3n del pastor Alberto Mottesi - La Prensa Cristiana","robots":{"index":"index","follow":"follow","max-snippet":"max-snippet:-1","max-image-preview":"max-image-preview:large","max-video-preview":"max-video-preview:-1"},"canonical":"https:\/\/laprensacristiana.com\/?p=8161","og_locale":"es_ES","og_type":"article","og_title":"\"Controversial\" el nuevo programa de televisi\u00f3n del pastor Alberto Mottesi - La Prensa Cristiana","og_description":"El pastor y evang\u00e9lista Alberto Mottesi no solo viaja por el mundo llevando el evangelio a trav\u00e9s de eventos, a lo largo de los a\u00f1os a producido su programa radial \u00abUn momento con Alberto Mottesi\u00bb en el que da respuestas a la luz de la biblia sobre problemas de la vida y los problemas del [&hellip;]","og_url":"https:\/\/laprensacristiana.com\/?p=8161","og_site_name":"La Prensa Cristiana","article_published_time":"2020-02-12T21:00:27+00:00","article_modified_time":"2020-02-12T21:00:30+00:00","og_image":[{"width":720,"height":288,"url":"https:\/\/laprensacristiana.com\/wp-content\/uploads\/2020\/02\/FB_IMG_1581527172152.jpg","type":"image\/jpeg"}],"author":"EDITOR","twitter_card":"summary_large_image","twitter_misc":{"Escrito por":"EDITOR","Tiempo de lectura":"1 minuto"},"schema":{"@context":"https:\/\/schema.org","@graph":[{"@type":"WebPage","@id":"https:\/\/laprensacristiana.com\/?p=8161","url":"https:\/\/laprensacristiana.com\/?p=8161","name":"\"Controversial\" el nuevo programa de televisi\u00f3n del pastor Alberto Mottesi - La Prensa Cristiana","isPartOf":{"@id":"https:\/\/laprensacristiana.com\/#website"},"datePublished":"2020-02-12T21:00:27+00:00","dateModified":"2020-02-12T21:00:30+00:00","author":{"@id":"https:\/\/laprensacristiana.com\/#\/schema\/person\/3e7d82c6bfd6b1fa67010f8f7cd5256e"},"breadcrumb":{"@id":"https:\/\/laprensacristiana.com\/?p=8161#breadcrumb"},"inLanguage":"es","potentialAction":[{"@type":"ReadAction","target":["https:\/\/laprensacristiana.com\/?p=8161"]}]},{"@type":"BreadcrumbList","@id":"https:\/\/laprensacristiana.com\/?p=8161#breadcrumb","itemListElement":[{"@type":"ListItem","position":1,"name":"Portada","item":"https:\/\/laprensacristiana.com\/"},{"@type":"ListItem","position":2,"name":"\u00abControversial\u00bb el nuevo programa de televisi\u00f3n del pastor Alberto Mottesi"}]},{"@type":"WebSite","@id":"https:\/\/laprensacristiana.com\/#website","url":"https:\/\/laprensacristiana.com\/","name":"La Prensa Cristiana","description":"Anunciando Las Buenas Nuevas","potentialAction":[{"@type":"SearchAction","target":{"@type":"EntryPoint","urlTemplate":"https:\/\/laprensacristiana.com\/?s={search_term_string}"},"query-input":"required name=search_term_string"}],"inLanguage":"es"},{"@type":"Person","@id":"https:\/\/laprensacristiana.com\/#\/schema\/person\/3e7d82c6bfd6b1fa67010f8f7cd5256e","name":"EDITOR","image":{"@type":"ImageObject","inLanguage":"es","@id":"https:\/\/laprensacristiana.com\/#\/schema\/person\/image\/","url":"https:\/\/secure.gravatar.com\/avatar\/72069dfb6c13772d9e8381e3638666d2?s=96&d=mm&r=g","contentUrl":"https:\/\/secure.gravatar.com\/avatar\/72069dfb6c13772d9e8381e3638666d2?s=96&d=mm&r=g","caption":"EDITOR"},"url":"https:\/\/laprensacristiana.com\/?author=3"}]}},"_links":{"self":[{"href":"https:\/\/laprensacristiana.com\/index.php?rest_route=\/wp\/v2\/posts\/8161"}],"collection":[{"href":"https:\/\/laprensacristiana.com\/index.php?rest_route=\/wp\/v2\/posts"}],"about":[{"href":"https:\/\/laprensacristiana.com\/index.php?rest_route=\/wp\/v2\/types\/post"}],"author":[{"embeddable":true,"href":"https:\/\/laprensacristiana.com\/index.php?rest_route=\/wp\/v2\/users\/3"}],"replies":[{"embeddable":true,"href":"https:\/\/laprensacristiana.com\/index.php?rest_route=%2Fwp%2Fv2%2Fcomments&post=8161"}],"version-history":[{"count":1,"href":"https:\/\/laprensacristiana.com\/index.php?rest_route=\/wp\/v2\/posts\/8161\/revisions"}],"predecessor-version":[{"id":8163,"href":"https:\/\/laprensacristiana.com\/index.php?rest_route=\/wp\/v2\/posts\/8161\/revisions\/8163"}],"wp:featuredmedia":[{"embeddable":true,"href":"https:\/\/laprensacristiana.com\/index.php?rest_route=\/wp\/v2\/media\/8162"}],"wp:attachment":[{"href":"https:\/\/laprensacristiana.com\/index.php?rest_route=%2Fwp%2Fv2%2Fmedia&parent=8161"}],"wp:term":[{"taxonomy":"category","embeddable":true,"href":"https:\/\/laprensacristiana.com\/index.php?rest_route=%2Fwp%2Fv2%2Fcategories&post=8161"},{"taxonomy":"post_tag","embeddable":true,"href":"https:\/\/laprensacristiana.com\/index.php?rest_route=%2Fwp%2Fv2%2Ftags&post=8161"}],"curies":[{"name":"wp","href":"https:\/\/api.w.org\/{rel}","templated":true}]}}