{"id":8165,"date":"2020-02-12T23:32:03","date_gmt":"2020-02-12T23:32:03","guid":{"rendered":"https:\/\/laprensacristiana.com\/?p=8165"},"modified":"2020-02-17T23:05:45","modified_gmt":"2020-02-17T23:05:45","slug":"concierto-mi-casa-l-a-en-beneficio-de-las-personas-sin-hogar-en-e-e-u-u","status":"publish","type":"post","link":"https:\/\/laprensacristiana.com\/?p=8165","title":{"rendered":"Concierto \u00abMi casa L.A\u00bb  en beneficio de las personas sin hogar en E.E.U.U"},"content":{"rendered":"\n<p>En el a\u00f1o 2019 se di\u00f3 a conocer un dato alarmante en Estados Unidos, Los Angeles, el estado de California rompi\u00f3 record con un 12% de personas sin hogar, muchos de ellos reci\u00e9n llegados que no pudieron pagar el costo de vivienda.<\/p>\n\n\n\n<p>Estados Unidos se considera una de las m\u00e1ximas potencias econ\u00f3micas del mundo, pero mucha gente est\u00e1 sufriendo, seg\u00fan un informe 58.936 personas se encuentran sin hogar para el a\u00f1o 2019.<\/p>\n\n\n\n<p>Por eso actualmente Los Angeles es conocido como \u00abLa capital de personas sin hogar en Am\u00e9rica\u00bb es por eso que nace el movimiento \u00bb Mi casa L.A.\u00bb que es un concierto a beneficio de las personas que viven en las calles sin hogar, llevando luz, vida, amor y salvaci\u00f3n. <\/p>\n\n\n\n<p>Los boletos ya est\u00e1n a la venta a trav\u00e9s de <a href=\"http:\/\/micasala.com\">micasala.com<\/a>, muchos cantantes cristianos ya se unieron y estar\u00e1n present\u00e1ndose el domingo 3 de mayo en la iglesia Shepherd Church Porter Ranch, alguno de ellos es Evan Craft, Grupo Barack, Lowsan Melgar.<\/p>\n","protected":false},"excerpt":{"rendered":"<p>En el a\u00f1o 2019 se di\u00f3 a conocer un dato alarmante en Estados Unidos, Los Angeles, el estado de California rompi\u00f3 record con un 12% de personas sin hogar, muchos de ellos reci\u00e9n llegados que no pudieron pagar el costo de vivienda. Estados Unidos se considera una de las m\u00e1ximas potencias econ\u00f3micas del mundo, pero [&hellip;]<\/p>\n","protected":false},"author":3,"featured_media":8219,"comment_status":"open","ping_status":"open","sticky":false,"template":"","format":"standard","meta":[],"categories":[56],"tags":[],"yoast_head":"<!-- This site is optimized with the Yoast SEO plugin v20.8 - https:\/\/yoast.com\/wordpress\/plugins\/seo\/ -->\n<title>Concierto &quot;Mi casa L.A&quot; en beneficio de las personas sin hogar en E.E.U.U - La Prensa Cristiana<\/title>\n<meta name=\"robots\" content=\"index, follow, max-snippet:-1, max-image-preview:large, max-video-preview:-1\" \/>\n<link rel=\"canonical\" href=\"https:\/\/laprensacristiana.com\/?p=8165\" \/>\n<meta property=\"og:locale\" content=\"es_ES\" \/>\n<meta property=\"og:type\" content=\"article\" \/>\n<meta property=\"og:title\" content=\"Concierto &quot;Mi casa L.A&quot; en beneficio de las personas sin hogar en E.E.U.U - La Prensa Cristiana\" \/>\n<meta property=\"og:description\" content=\"En el a\u00f1o 2019 se di\u00f3 a conocer un dato alarmante en Estados Unidos, Los Angeles, el estado de California rompi\u00f3 record con un 12% de personas sin hogar, muchos de ellos reci\u00e9n llegados que no pudieron pagar el costo de vivienda. Estados Unidos se considera una de las m\u00e1ximas potencias econ\u00f3micas del mundo, pero [&hellip;]\" \/>\n<meta property=\"og:url\" content=\"https:\/\/laprensacristiana.com\/?p=8165\" \/>\n<meta property=\"og:site_name\" content=\"La Prensa Cristiana\" \/>\n<meta property=\"article:published_time\" content=\"2020-02-12T23:32:03+00:00\" \/>\n<meta property=\"article:modified_time\" content=\"2020-02-17T23:05:45+00:00\" \/>\n<meta property=\"og:image\" content=\"https:\/\/laprensacristiana.com\/wp-content\/uploads\/2020\/02\/IMG_20200217_170336_016.jpg\" \/>\n\t<meta property=\"og:image:width\" content=\"828\" \/>\n\t<meta property=\"og:image:height\" content=\"828\" \/>\n\t<meta property=\"og:image:type\" content=\"image\/jpeg\" \/>\n<meta name=\"author\" content=\"EDITOR\" \/>\n<meta name=\"twitter:card\" content=\"summary_large_image\" \/>\n<meta name=\"twitter:label1\" content=\"Escrito por\" \/>\n\t<meta name=\"twitter:data1\" content=\"EDITOR\" \/>\n\t<meta name=\"twitter:label2\" content=\"Tiempo de lectura\" \/>\n\t<meta name=\"twitter:data2\" content=\"1 minuto\" \/>\n<script type=\"application\/ld+json\" class=\"yoast-schema-graph\">{\"@context\":\"https:\/\/schema.org\",\"@graph\":[{\"@type\":\"WebPage\",\"@id\":\"https:\/\/laprensacristiana.com\/?p=8165\",\"url\":\"https:\/\/laprensacristiana.com\/?p=8165\",\"name\":\"Concierto \\\"Mi casa L.A\\\" en beneficio de las personas sin hogar en E.E.U.U - La Prensa Cristiana\",\"isPartOf\":{\"@id\":\"https:\/\/laprensacristiana.com\/#website\"},\"datePublished\":\"2020-02-12T23:32:03+00:00\",\"dateModified\":\"2020-02-17T23:05:45+00:00\",\"author\":{\"@id\":\"https:\/\/laprensacristiana.com\/#\/schema\/person\/3e7d82c6bfd6b1fa67010f8f7cd5256e\"},\"breadcrumb\":{\"@id\":\"https:\/\/laprensacristiana.com\/?p=8165#breadcrumb\"},\"inLanguage\":\"es\",\"potentialAction\":[{\"@type\":\"ReadAction\",\"target\":[\"https:\/\/laprensacristiana.com\/?p=8165\"]}]},{\"@type\":\"BreadcrumbList\",\"@id\":\"https:\/\/laprensacristiana.com\/?p=8165#breadcrumb\",\"itemListElement\":[{\"@type\":\"ListItem\",\"position\":1,\"name\":\"Portada\",\"item\":\"https:\/\/laprensacristiana.com\/\"},{\"@type\":\"ListItem\",\"position\":2,\"name\":\"Concierto \u00abMi casa L.A\u00bb en beneficio de las personas sin hogar en E.E.U.U\"}]},{\"@type\":\"WebSite\",\"@id\":\"https:\/\/laprensacristiana.com\/#website\",\"url\":\"https:\/\/laprensacristiana.com\/\",\"name\":\"La Prensa Cristiana\",\"description\":\"Anunciando Las Buenas Nuevas\",\"potentialAction\":[{\"@type\":\"SearchAction\",\"target\":{\"@type\":\"EntryPoint\",\"urlTemplate\":\"https:\/\/laprensacristiana.com\/?s={search_term_string}\"},\"query-input\":\"required name=search_term_string\"}],\"inLanguage\":\"es\"},{\"@type\":\"Person\",\"@id\":\"https:\/\/laprensacristiana.com\/#\/schema\/person\/3e7d82c6bfd6b1fa67010f8f7cd5256e\",\"name\":\"EDITOR\",\"image\":{\"@type\":\"ImageObject\",\"inLanguage\":\"es\",\"@id\":\"https:\/\/laprensacristiana.com\/#\/schema\/person\/image\/\",\"url\":\"https:\/\/secure.gravatar.com\/avatar\/72069dfb6c13772d9e8381e3638666d2?s=96&d=mm&r=g\",\"contentUrl\":\"https:\/\/secure.gravatar.com\/avatar\/72069dfb6c13772d9e8381e3638666d2?s=96&d=mm&r=g\",\"caption\":\"EDITOR\"},\"url\":\"https:\/\/laprensacristiana.com\/?author=3\"}]}<\/script>\n<!-- \/ Yoast SEO plugin. -->","yoast_head_json":{"title":"Concierto \"Mi casa L.A\" en beneficio de las personas sin hogar en E.E.U.U - La Prensa Cristiana","robots":{"index":"index","follow":"follow","max-snippet":"max-snippet:-1","max-image-preview":"max-image-preview:large","max-video-preview":"max-video-preview:-1"},"canonical":"https:\/\/laprensacristiana.com\/?p=8165","og_locale":"es_ES","og_type":"article","og_title":"Concierto \"Mi casa L.A\" en beneficio de las personas sin hogar en E.E.U.U - La Prensa Cristiana","og_description":"En el a\u00f1o 2019 se di\u00f3 a conocer un dato alarmante en Estados Unidos, Los Angeles, el estado de California rompi\u00f3 record con un 12% de personas sin hogar, muchos de ellos reci\u00e9n llegados que no pudieron pagar el costo de vivienda. Estados Unidos se considera una de las m\u00e1ximas potencias econ\u00f3micas del mundo, pero [&hellip;]","og_url":"https:\/\/laprensacristiana.com\/?p=8165","og_site_name":"La Prensa Cristiana","article_published_time":"2020-02-12T23:32:03+00:00","article_modified_time":"2020-02-17T23:05:45+00:00","og_image":[{"width":828,"height":828,"url":"https:\/\/laprensacristiana.com\/wp-content\/uploads\/2020\/02\/IMG_20200217_170336_016.jpg","type":"image\/jpeg"}],"author":"EDITOR","twitter_card":"summary_large_image","twitter_misc":{"Escrito por":"EDITOR","Tiempo de lectura":"1 minuto"},"schema":{"@context":"https:\/\/schema.org","@graph":[{"@type":"WebPage","@id":"https:\/\/laprensacristiana.com\/?p=8165","url":"https:\/\/laprensacristiana.com\/?p=8165","name":"Concierto \"Mi casa L.A\" en beneficio de las personas sin hogar en E.E.U.U - La Prensa Cristiana","isPartOf":{"@id":"https:\/\/laprensacristiana.com\/#website"},"datePublished":"2020-02-12T23:32:03+00:00","dateModified":"2020-02-17T23:05:45+00:00","author":{"@id":"https:\/\/laprensacristiana.com\/#\/schema\/person\/3e7d82c6bfd6b1fa67010f8f7cd5256e"},"breadcrumb":{"@id":"https:\/\/laprensacristiana.com\/?p=8165#breadcrumb"},"inLanguage":"es","potentialAction":[{"@type":"ReadAction","target":["https:\/\/laprensacristiana.com\/?p=8165"]}]},{"@type":"BreadcrumbList","@id":"https:\/\/laprensacristiana.com\/?p=8165#breadcrumb","itemListElement":[{"@type":"ListItem","position":1,"name":"Portada","item":"https:\/\/laprensacristiana.com\/"},{"@type":"ListItem","position":2,"name":"Concierto \u00abMi casa L.A\u00bb en beneficio de las personas sin hogar en E.E.U.U"}]},{"@type":"WebSite","@id":"https:\/\/laprensacristiana.com\/#website","url":"https:\/\/laprensacristiana.com\/","name":"La Prensa Cristiana","description":"Anunciando Las Buenas Nuevas","potentialAction":[{"@type":"SearchAction","target":{"@type":"EntryPoint","urlTemplate":"https:\/\/laprensacristiana.com\/?s={search_term_string}"},"query-input":"required name=search_term_string"}],"inLanguage":"es"},{"@type":"Person","@id":"https:\/\/laprensacristiana.com\/#\/schema\/person\/3e7d82c6bfd6b1fa67010f8f7cd5256e","name":"EDITOR","image":{"@type":"ImageObject","inLanguage":"es","@id":"https:\/\/laprensacristiana.com\/#\/schema\/person\/image\/","url":"https:\/\/secure.gravatar.com\/avatar\/72069dfb6c13772d9e8381e3638666d2?s=96&d=mm&r=g","contentUrl":"https:\/\/secure.gravatar.com\/avatar\/72069dfb6c13772d9e8381e3638666d2?s=96&d=mm&r=g","caption":"EDITOR"},"url":"https:\/\/laprensacristiana.com\/?author=3"}]}},"_links":{"self":[{"href":"https:\/\/laprensacristiana.com\/index.php?rest_route=\/wp\/v2\/posts\/8165"}],"collection":[{"href":"https:\/\/laprensacristiana.com\/index.php?rest_route=\/wp\/v2\/posts"}],"about":[{"href":"https:\/\/laprensacristiana.com\/index.php?rest_route=\/wp\/v2\/types\/post"}],"author":[{"embeddable":true,"href":"https:\/\/laprensacristiana.com\/index.php?rest_route=\/wp\/v2\/users\/3"}],"replies":[{"embeddable":true,"href":"https:\/\/laprensacristiana.com\/index.php?rest_route=%2Fwp%2Fv2%2Fcomments&post=8165"}],"version-history":[{"count":2,"href":"https:\/\/laprensacristiana.com\/index.php?rest_route=\/wp\/v2\/posts\/8165\/revisions"}],"predecessor-version":[{"id":8168,"href":"https:\/\/laprensacristiana.com\/index.php?rest_route=\/wp\/v2\/posts\/8165\/revisions\/8168"}],"wp:featuredmedia":[{"embeddable":true,"href":"https:\/\/laprensacristiana.com\/index.php?rest_route=\/wp\/v2\/media\/8219"}],"wp:attachment":[{"href":"https:\/\/laprensacristiana.com\/index.php?rest_route=%2Fwp%2Fv2%2Fmedia&parent=8165"}],"wp:term":[{"taxonomy":"category","embeddable":true,"href":"https:\/\/laprensacristiana.com\/index.php?rest_route=%2Fwp%2Fv2%2Fcategories&post=8165"},{"taxonomy":"post_tag","embeddable":true,"href":"https:\/\/laprensacristiana.com\/index.php?rest_route=%2Fwp%2Fv2%2Ftags&post=8165"}],"curies":[{"name":"wp","href":"https:\/\/api.w.org\/{rel}","templated":true}]}}