{"id":8171,"date":"2020-02-13T13:45:27","date_gmt":"2020-02-13T13:45:27","guid":{"rendered":"https:\/\/laprensacristiana.com\/?p=8171"},"modified":"2020-02-13T13:45:30","modified_gmt":"2020-02-13T13:45:30","slug":"jesus-y-la-ira","status":"publish","type":"post","link":"https:\/\/laprensacristiana.com\/?p=8171","title":{"rendered":"Jes\u00fas y la ira"},"content":{"rendered":"\n<p><br>\nMateo 5:21-26<br>\nJes\u00fas nos ense\u00f1a que su Ley Moral sigue vigente&nbsp;en el nuevo pacto; \u00e9l dijo \u201cno he venido para abrogar la ley, sino para cumplirla.\u201d \u00a1La buena noticia es que Cristo la ha cumplido por nosotros, y ahora su Esp\u00edritu Santo la est\u00e1 cumpliendo en nosotros! \u00c9l quiere producir en nosotros verdadera santidad, producto de un coraz\u00f3n transformado. Uno de los aspectos que Dios quiere transformar en nosotros es la ira.<br>\n<\/p>\n\n\n\n<p>Jes\u00fas nos ense\u00f1a c\u00f3mo se cumple de verdad el sexto mandamiento \u201cno matar\u00e1s\u201d. Este mandamiento se refiere al homicidio o asesinato producto del odio, maldad, orgullo, envidia, venganza, rencillas, intereses econ\u00f3micos y otras motivaciones pecaminosas.<br>\n<\/p>\n\n\n\n<p>\u00bfC\u00f3mo cumpl\u00edan los fariseos este mandamiento de forma superficial?&nbsp;Se absten\u00edan de derramar sangre, pero su coraz\u00f3n estaba lleno de pensamientos de odio, venganza, malos deseos, palabras hirientes, rencillas, ira e insultos. Muchos otros estaban acostumbrados a \u201cmandar a matar\u201d a trav\u00e9s de sicarios, y dec\u00edan \u201cyo no mat\u00e9\u201d, siendo ellos autores intelectuales.<br>\n<\/p>\n\n\n\n<p>Hoy en d\u00eda, muchos creyentes&nbsp;venimos a la iglesia y adoramos a Dios, pero batallamos con un coraz\u00f3n lleno de estas mismas cosas que aquejaban a los fariseos; los insultos del v.22 son \u201craca\u201d (injuria a la inteligencia, como decirle tonto, idiota, bruto); y \u201cmore\u201d (injuria al car\u00e1cter, como decirle sinverg\u00fcenza, desgraciado, canalla). \u00bfCu\u00e1ntas veces nos hemos expresado as\u00ed o hasta peor, o lo hemos pensado? Ante Dios, esto es tan pecaminoso como el asesinato:&nbsp;<a href=\"https:\/\/biblia.com\/bible\/rvr60\/1%20Jn%203.15?culture=es\">1 Juan 3:15<\/a>.<br>\n<\/p>\n\n\n\n<p><a href=\"https:\/\/biblia.com\/bible\/rvr60\/Efe%204.31-32?culture=es\">Efesios 4:31-32<\/a>&nbsp;nos muestra diferentes manifestaciones de ira con las que luchamos muchos cristianos, y nos manda a quitarlas de nuestra vida, y seguir la benignidad y misericordia unos con otros.<br>\n<\/p>\n\n\n\n<p>\u00a1En Mateo 5, Jes\u00fas menciona consecuencias cada vez mayores!&nbsp;Primero hace referencia a un juicio humano, luego a un juicio divino, y finalmente, la perdici\u00f3n. \u00a1La ira es grave y debemos tomar acci\u00f3n inmediata para cambiar!<br>\n<\/p>\n\n\n\n<p>\u00bfQu\u00e9 acci\u00f3n quiere el Se\u00f1or que tomemos? Busquemos&nbsp;la llenura de su Esp\u00edritu cada ma\u00f1ana, y encomendemos cada d\u00eda al Se\u00f1or. Pidamos que \u00e9l refrene nuestra lengua a tiempo, y nos conceda el fruto de su esp\u00edritu. No nos conformemos ni nos excusemos \u201cas\u00ed soy yo\u201d, \u00a1para Dios no hay nada imposible!<br>\n<\/p>\n\n\n\n<p>Cada vez&nbsp;que identifiquemos un resentimiento, enojo o ira, apart\u00e9monos a orar, pidiendo a Dios que nos muestre nuestro lado de la culpa. Quiz\u00e1 sin darnos cuenta hemos sido ego\u00edstas, orgullosos, pesados, hemos hecho da\u00f1o sin querer. \u00a1Aprendamos a perdonar sin que nos pidan perd\u00f3n! Debemos ejercitar ese perd\u00f3n orando por la persona, y buscando oportunidad de servirle con amor.<br>\n<\/p>\n\n\n\n<p>Si aun as\u00ed&nbsp;seguimos molestos, podemos hablar con esa persona, como lo instruye&nbsp;<a href=\"https:\/\/biblia.com\/bible\/rvr60\/Mat%2018.15?culture=es\">Mateo 18:15<\/a>. Comenzamos disculp\u00e1ndonos por nuestro error, y luego procedemos a suplicar los cambios que consideremos necesarios para que no se repita la ofensa.<br>\n<\/p>\n\n\n\n<p>Cuando el Esp\u00edritu&nbsp;nos muestra que hemos da\u00f1ado a alguien, procuremos reparar el da\u00f1o. Normalmente basta con una disculpa sincera; pero en ocasiones, Dios nos guiar\u00e1 a tomar acciones que compensen por el da\u00f1o que hemos causado.<br>\n<\/p>\n","protected":false},"excerpt":{"rendered":"<p>Mateo 5:21-26 Jes\u00fas nos ense\u00f1a que su Ley Moral sigue vigente&nbsp;en el nuevo pacto; \u00e9l dijo \u201cno he venido para abrogar la ley, sino para cumplirla.\u201d \u00a1La buena noticia es que Cristo la ha cumplido por nosotros, y ahora su Esp\u00edritu Santo la est\u00e1 cumpliendo en nosotros! \u00c9l quiere producir en nosotros verdadera santidad, producto [&hellip;]<\/p>\n","protected":false},"author":3,"featured_media":8002,"comment_status":"open","ping_status":"open","sticky":false,"template":"","format":"standard","meta":[],"categories":[36],"tags":[],"yoast_head":"<!-- This site is optimized with the Yoast SEO plugin v20.8 - https:\/\/yoast.com\/wordpress\/plugins\/seo\/ -->\n<title>Jes\u00fas y la ira - La Prensa Cristiana<\/title>\n<meta name=\"robots\" content=\"index, follow, max-snippet:-1, max-image-preview:large, max-video-preview:-1\" \/>\n<link rel=\"canonical\" href=\"https:\/\/laprensacristiana.com\/?p=8171\" \/>\n<meta property=\"og:locale\" content=\"es_ES\" \/>\n<meta property=\"og:type\" content=\"article\" \/>\n<meta property=\"og:title\" content=\"Jes\u00fas y la ira - La Prensa Cristiana\" \/>\n<meta property=\"og:description\" content=\"Mateo 5:21-26 Jes\u00fas nos ense\u00f1a que su Ley Moral sigue vigente&nbsp;en el nuevo pacto; \u00e9l dijo \u201cno he venido para abrogar la ley, sino para cumplirla.\u201d \u00a1La buena noticia es que Cristo la ha cumplido por nosotros, y ahora su Esp\u00edritu Santo la est\u00e1 cumpliendo en nosotros! \u00c9l quiere producir en nosotros verdadera santidad, producto [&hellip;]\" \/>\n<meta property=\"og:url\" content=\"https:\/\/laprensacristiana.com\/?p=8171\" \/>\n<meta property=\"og:site_name\" content=\"La Prensa Cristiana\" \/>\n<meta property=\"article:published_time\" content=\"2020-02-13T13:45:27+00:00\" \/>\n<meta property=\"article:modified_time\" content=\"2020-02-13T13:45:30+00:00\" \/>\n<meta property=\"og:image\" content=\"https:\/\/laprensacristiana.com\/wp-content\/uploads\/2020\/01\/WhatsApp-Image-2020-01-30-at-07.42.50.jpeg\" \/>\n\t<meta property=\"og:image:width\" content=\"776\" \/>\n\t<meta property=\"og:image:height\" content=\"393\" \/>\n\t<meta property=\"og:image:type\" content=\"image\/jpeg\" \/>\n<meta name=\"author\" content=\"EDITOR\" \/>\n<meta name=\"twitter:card\" content=\"summary_large_image\" \/>\n<meta name=\"twitter:label1\" content=\"Escrito por\" \/>\n\t<meta name=\"twitter:data1\" content=\"EDITOR\" \/>\n\t<meta name=\"twitter:label2\" content=\"Tiempo de lectura\" \/>\n\t<meta name=\"twitter:data2\" content=\"3 minutos\" \/>\n<script type=\"application\/ld+json\" class=\"yoast-schema-graph\">{\"@context\":\"https:\/\/schema.org\",\"@graph\":[{\"@type\":\"WebPage\",\"@id\":\"https:\/\/laprensacristiana.com\/?p=8171\",\"url\":\"https:\/\/laprensacristiana.com\/?p=8171\",\"name\":\"Jes\u00fas y la ira - La Prensa Cristiana\",\"isPartOf\":{\"@id\":\"https:\/\/laprensacristiana.com\/#website\"},\"datePublished\":\"2020-02-13T13:45:27+00:00\",\"dateModified\":\"2020-02-13T13:45:30+00:00\",\"author\":{\"@id\":\"https:\/\/laprensacristiana.com\/#\/schema\/person\/3e7d82c6bfd6b1fa67010f8f7cd5256e\"},\"breadcrumb\":{\"@id\":\"https:\/\/laprensacristiana.com\/?p=8171#breadcrumb\"},\"inLanguage\":\"es\",\"potentialAction\":[{\"@type\":\"ReadAction\",\"target\":[\"https:\/\/laprensacristiana.com\/?p=8171\"]}]},{\"@type\":\"BreadcrumbList\",\"@id\":\"https:\/\/laprensacristiana.com\/?p=8171#breadcrumb\",\"itemListElement\":[{\"@type\":\"ListItem\",\"position\":1,\"name\":\"Portada\",\"item\":\"https:\/\/laprensacristiana.com\/\"},{\"@type\":\"ListItem\",\"position\":2,\"name\":\"Jes\u00fas y la ira\"}]},{\"@type\":\"WebSite\",\"@id\":\"https:\/\/laprensacristiana.com\/#website\",\"url\":\"https:\/\/laprensacristiana.com\/\",\"name\":\"La Prensa Cristiana\",\"description\":\"Anunciando Las Buenas Nuevas\",\"potentialAction\":[{\"@type\":\"SearchAction\",\"target\":{\"@type\":\"EntryPoint\",\"urlTemplate\":\"https:\/\/laprensacristiana.com\/?s={search_term_string}\"},\"query-input\":\"required name=search_term_string\"}],\"inLanguage\":\"es\"},{\"@type\":\"Person\",\"@id\":\"https:\/\/laprensacristiana.com\/#\/schema\/person\/3e7d82c6bfd6b1fa67010f8f7cd5256e\",\"name\":\"EDITOR\",\"image\":{\"@type\":\"ImageObject\",\"inLanguage\":\"es\",\"@id\":\"https:\/\/laprensacristiana.com\/#\/schema\/person\/image\/\",\"url\":\"https:\/\/secure.gravatar.com\/avatar\/72069dfb6c13772d9e8381e3638666d2?s=96&d=mm&r=g\",\"contentUrl\":\"https:\/\/secure.gravatar.com\/avatar\/72069dfb6c13772d9e8381e3638666d2?s=96&d=mm&r=g\",\"caption\":\"EDITOR\"},\"url\":\"https:\/\/laprensacristiana.com\/?author=3\"}]}<\/script>\n<!-- \/ Yoast SEO plugin. -->","yoast_head_json":{"title":"Jes\u00fas y la ira - La Prensa Cristiana","robots":{"index":"index","follow":"follow","max-snippet":"max-snippet:-1","max-image-preview":"max-image-preview:large","max-video-preview":"max-video-preview:-1"},"canonical":"https:\/\/laprensacristiana.com\/?p=8171","og_locale":"es_ES","og_type":"article","og_title":"Jes\u00fas y la ira - La Prensa Cristiana","og_description":"Mateo 5:21-26 Jes\u00fas nos ense\u00f1a que su Ley Moral sigue vigente&nbsp;en el nuevo pacto; \u00e9l dijo \u201cno he venido para abrogar la ley, sino para cumplirla.\u201d \u00a1La buena noticia es que Cristo la ha cumplido por nosotros, y ahora su Esp\u00edritu Santo la est\u00e1 cumpliendo en nosotros! \u00c9l quiere producir en nosotros verdadera santidad, producto [&hellip;]","og_url":"https:\/\/laprensacristiana.com\/?p=8171","og_site_name":"La Prensa Cristiana","article_published_time":"2020-02-13T13:45:27+00:00","article_modified_time":"2020-02-13T13:45:30+00:00","og_image":[{"width":776,"height":393,"url":"https:\/\/laprensacristiana.com\/wp-content\/uploads\/2020\/01\/WhatsApp-Image-2020-01-30-at-07.42.50.jpeg","type":"image\/jpeg"}],"author":"EDITOR","twitter_card":"summary_large_image","twitter_misc":{"Escrito por":"EDITOR","Tiempo de lectura":"3 minutos"},"schema":{"@context":"https:\/\/schema.org","@graph":[{"@type":"WebPage","@id":"https:\/\/laprensacristiana.com\/?p=8171","url":"https:\/\/laprensacristiana.com\/?p=8171","name":"Jes\u00fas y la ira - La Prensa Cristiana","isPartOf":{"@id":"https:\/\/laprensacristiana.com\/#website"},"datePublished":"2020-02-13T13:45:27+00:00","dateModified":"2020-02-13T13:45:30+00:00","author":{"@id":"https:\/\/laprensacristiana.com\/#\/schema\/person\/3e7d82c6bfd6b1fa67010f8f7cd5256e"},"breadcrumb":{"@id":"https:\/\/laprensacristiana.com\/?p=8171#breadcrumb"},"inLanguage":"es","potentialAction":[{"@type":"ReadAction","target":["https:\/\/laprensacristiana.com\/?p=8171"]}]},{"@type":"BreadcrumbList","@id":"https:\/\/laprensacristiana.com\/?p=8171#breadcrumb","itemListElement":[{"@type":"ListItem","position":1,"name":"Portada","item":"https:\/\/laprensacristiana.com\/"},{"@type":"ListItem","position":2,"name":"Jes\u00fas y la ira"}]},{"@type":"WebSite","@id":"https:\/\/laprensacristiana.com\/#website","url":"https:\/\/laprensacristiana.com\/","name":"La Prensa Cristiana","description":"Anunciando Las Buenas Nuevas","potentialAction":[{"@type":"SearchAction","target":{"@type":"EntryPoint","urlTemplate":"https:\/\/laprensacristiana.com\/?s={search_term_string}"},"query-input":"required name=search_term_string"}],"inLanguage":"es"},{"@type":"Person","@id":"https:\/\/laprensacristiana.com\/#\/schema\/person\/3e7d82c6bfd6b1fa67010f8f7cd5256e","name":"EDITOR","image":{"@type":"ImageObject","inLanguage":"es","@id":"https:\/\/laprensacristiana.com\/#\/schema\/person\/image\/","url":"https:\/\/secure.gravatar.com\/avatar\/72069dfb6c13772d9e8381e3638666d2?s=96&d=mm&r=g","contentUrl":"https:\/\/secure.gravatar.com\/avatar\/72069dfb6c13772d9e8381e3638666d2?s=96&d=mm&r=g","caption":"EDITOR"},"url":"https:\/\/laprensacristiana.com\/?author=3"}]}},"_links":{"self":[{"href":"https:\/\/laprensacristiana.com\/index.php?rest_route=\/wp\/v2\/posts\/8171"}],"collection":[{"href":"https:\/\/laprensacristiana.com\/index.php?rest_route=\/wp\/v2\/posts"}],"about":[{"href":"https:\/\/laprensacristiana.com\/index.php?rest_route=\/wp\/v2\/types\/post"}],"author":[{"embeddable":true,"href":"https:\/\/laprensacristiana.com\/index.php?rest_route=\/wp\/v2\/users\/3"}],"replies":[{"embeddable":true,"href":"https:\/\/laprensacristiana.com\/index.php?rest_route=%2Fwp%2Fv2%2Fcomments&post=8171"}],"version-history":[{"count":1,"href":"https:\/\/laprensacristiana.com\/index.php?rest_route=\/wp\/v2\/posts\/8171\/revisions"}],"predecessor-version":[{"id":8172,"href":"https:\/\/laprensacristiana.com\/index.php?rest_route=\/wp\/v2\/posts\/8171\/revisions\/8172"}],"wp:featuredmedia":[{"embeddable":true,"href":"https:\/\/laprensacristiana.com\/index.php?rest_route=\/wp\/v2\/media\/8002"}],"wp:attachment":[{"href":"https:\/\/laprensacristiana.com\/index.php?rest_route=%2Fwp%2Fv2%2Fmedia&parent=8171"}],"wp:term":[{"taxonomy":"category","embeddable":true,"href":"https:\/\/laprensacristiana.com\/index.php?rest_route=%2Fwp%2Fv2%2Fcategories&post=8171"},{"taxonomy":"post_tag","embeddable":true,"href":"https:\/\/laprensacristiana.com\/index.php?rest_route=%2Fwp%2Fv2%2Ftags&post=8171"}],"curies":[{"name":"wp","href":"https:\/\/api.w.org\/{rel}","templated":true}]}}