{"id":8173,"date":"2020-02-13T20:56:21","date_gmt":"2020-02-13T20:56:21","guid":{"rendered":"https:\/\/laprensacristiana.com\/?p=8173"},"modified":"2020-07-01T21:40:02","modified_gmt":"2020-07-01T21:40:02","slug":"usemos-el-poder-de-la-oracion-para-cambiar-la-historia","status":"publish","type":"post","link":"https:\/\/laprensacristiana.com\/?p=8173","title":{"rendered":"Usemos el poder de la oraci\u00f3n para cambiar la historia."},"content":{"rendered":"\n<p>El poder de la oraci\u00f3n esta disponible para todo creyente, practicarla a diario es la fortaleza de nuestro esp\u00edritu, hacerlo \u00fanicamente en horas de tensi\u00f3n, peligro o necesidad, ser\u00eda una insensatez.\u00a0 Las santas escrituras contienen relatos de personas que cambiaron la historia de naciones enteras, y otros que recibieron sanidad en sus cuerpos, que fueron resucitados, todo por el poder de la oraci\u00f3n, el contexto de cada relato esta detallado de pasta a pasta en la Biblia y basta con escudri\u00f1arla para conocer cada uno de ellos, y todo lo que en oraci\u00f3n podemos lograr. <\/p>\n\n\n\n<p>La oraci\u00f3n muestra\ndependencia de Dios, lo que como hijos suyos necesitamos para todo, como Jes\u00fas\ndijo: \u201cSin m\u00ed nada pod\u00e9is hacer\u201d los humanos por muy intelectuales que logremos\nllegar hacer, no somos due\u00f1os de nuestro destino, ni individualmente y mucho\nmenos como naci\u00f3n. Aunque hay muchos que se jactan de construir su propio\ndestino, \u00bfc\u00f3mo podr\u00edamos pensar de tal modo? Cuando un desastre natural puede derrumbar\nel destino que se ha trasado. O la fuerza de un virus acabar con la existencia\nde millones de personas en el mundo en poco tiempo. &nbsp;\u00bfC\u00f3mo puede nuestro pueblo insistir que basta con\nlos tres \u00f3rganos del estado, poder\u00edo militar y alianzas con otros pa\u00edses para\ncambiar la historia de nuestro pa\u00eds El Salvador, cuando la misma historia demuestra\nque Dios es quien tiene en su mano el poder? &nbsp;Definitivamente se necesita m\u00e1s que eso, la\nnaci\u00f3n necesita clamar a Dios, a diario con corazones arrepentidos y humillados\ndelante de \u00e9l, porque escrito esta que \u00e9l no dejar\u00e1 avergonzado aquel que le\npida con fe, haciendo esto alcanzaremos su misericordia y har\u00e1 con nuestro\npueblo lo que prometi\u00f3 al rey Salom\u00f3n que har\u00eda con el suyo, \u201cescuchar\u00e1 nuestro\nclamor desde el cielo y sanar\u00e1 nuestra tierra\u201d &nbsp;&nbsp;&nbsp;<\/p>\n\n\n\n<p>Hay un solo\npoder que puede cambiar la historia en el Salvador y el mundo entero, el poder\nde la oraci\u00f3n de hombres y mujeres que creen en Jesucristo como dice la Biblia\nque hay que creer. <\/p>\n\n\n\n<p>John Wesley, oro\ny llego el cambio para Inglaterra; Edwards, oro y llego el avivamiento a Massachusetts\n(EUA) la historia en muchas partes del mundo ha cambiado porque personas\ncreyentes del poder de Dios oraron y el poder de la oraci\u00f3n cay\u00f3 sobre su tierra.\n<\/p>\n\n\n\n<p>Conociendo esto,\nconsidero que es absurdo que aqu\u00ed en el pa\u00eds que lleva por nombre El \u00a1Salvador!\nNo tomemos nuestra responsabilidad todos los que nos llamamos cristianos, de\norar y clamar en todo tiempo por nuestro pa\u00eds, de d\u00eda y de noche, al acostarnos\ny al levantarnos; pero sin pretender ganar protagonismo u competir unos con\notros; el tiempo de oraci\u00f3n no solo lo podemos tener dentro de una iglesia o en\ncampa\u00f1as en parques o estadios, debemos aprovechar al m\u00e1ximo el poder de la\noraci\u00f3n todos los d\u00edas, &nbsp;para que Dios sane\nnuestra tierra, convencida estoy &nbsp;que haciendo\nesto &nbsp;veremos mejores resultados, &nbsp;que continuar alzados en lucha de poder que abonan\nel fruto de la violencia y de la empat\u00eda en la que vivimos ahora. Porque no es\ncon el uso de la fuerza ni con ej\u00e9rcito, es solo con su Santo Esp\u00edritu que todos\nseremos ganadores.<\/p>\n\n\n\n<p>\u00a1Porque no hay\nnada imposible para Dios!<\/p>\n","protected":false},"excerpt":{"rendered":"<p>El poder de la oraci\u00f3n esta disponible para todo creyente, practicarla a diario es la fortaleza de nuestro esp\u00edritu, hacerlo \u00fanicamente en horas de tensi\u00f3n, peligro o necesidad, ser\u00eda una insensatez.\u00a0 Las santas escrituras contienen relatos de personas que cambiaron la historia de naciones enteras, y otros que recibieron sanidad en sus cuerpos, que fueron [&hellip;]<\/p>\n","protected":false},"author":3,"featured_media":7210,"comment_status":"open","ping_status":"open","sticky":false,"template":"","format":"standard","meta":[],"categories":[36],"tags":[],"yoast_head":"<!-- This site is optimized with the Yoast SEO plugin v20.8 - https:\/\/yoast.com\/wordpress\/plugins\/seo\/ -->\n<title>Usemos el poder de la oraci\u00f3n para cambiar la historia. - La Prensa Cristiana<\/title>\n<meta name=\"robots\" content=\"index, follow, max-snippet:-1, max-image-preview:large, max-video-preview:-1\" \/>\n<link rel=\"canonical\" href=\"https:\/\/laprensacristiana.com\/?p=8173\" \/>\n<meta property=\"og:locale\" content=\"es_ES\" \/>\n<meta property=\"og:type\" content=\"article\" \/>\n<meta property=\"og:title\" content=\"Usemos el poder de la oraci\u00f3n para cambiar la historia. - La Prensa Cristiana\" \/>\n<meta property=\"og:description\" content=\"El poder de la oraci\u00f3n esta disponible para todo creyente, practicarla a diario es la fortaleza de nuestro esp\u00edritu, hacerlo \u00fanicamente en horas de tensi\u00f3n, peligro o necesidad, ser\u00eda una insensatez.\u00a0 Las santas escrituras contienen relatos de personas que cambiaron la historia de naciones enteras, y otros que recibieron sanidad en sus cuerpos, que fueron [&hellip;]\" \/>\n<meta property=\"og:url\" content=\"https:\/\/laprensacristiana.com\/?p=8173\" \/>\n<meta property=\"og:site_name\" content=\"La Prensa Cristiana\" \/>\n<meta property=\"article:published_time\" content=\"2020-02-13T20:56:21+00:00\" \/>\n<meta property=\"article:modified_time\" content=\"2020-07-01T21:40:02+00:00\" \/>\n<meta property=\"og:image\" content=\"https:\/\/laprensacristiana.com\/wp-content\/uploads\/2019\/10\/JULY-LPG-2017.jpg\" \/>\n\t<meta property=\"og:image:width\" content=\"1240\" \/>\n\t<meta property=\"og:image:height\" content=\"692\" \/>\n\t<meta property=\"og:image:type\" content=\"image\/jpeg\" \/>\n<meta name=\"author\" content=\"EDITOR\" \/>\n<meta name=\"twitter:card\" content=\"summary_large_image\" \/>\n<meta name=\"twitter:label1\" content=\"Escrito por\" \/>\n\t<meta name=\"twitter:data1\" content=\"EDITOR\" \/>\n\t<meta name=\"twitter:label2\" content=\"Tiempo de lectura\" \/>\n\t<meta name=\"twitter:data2\" content=\"3 minutos\" \/>\n<script type=\"application\/ld+json\" class=\"yoast-schema-graph\">{\"@context\":\"https:\/\/schema.org\",\"@graph\":[{\"@type\":\"WebPage\",\"@id\":\"https:\/\/laprensacristiana.com\/?p=8173\",\"url\":\"https:\/\/laprensacristiana.com\/?p=8173\",\"name\":\"Usemos el poder de la oraci\u00f3n para cambiar la historia. - La Prensa Cristiana\",\"isPartOf\":{\"@id\":\"https:\/\/laprensacristiana.com\/#website\"},\"datePublished\":\"2020-02-13T20:56:21+00:00\",\"dateModified\":\"2020-07-01T21:40:02+00:00\",\"author\":{\"@id\":\"https:\/\/laprensacristiana.com\/#\/schema\/person\/3e7d82c6bfd6b1fa67010f8f7cd5256e\"},\"breadcrumb\":{\"@id\":\"https:\/\/laprensacristiana.com\/?p=8173#breadcrumb\"},\"inLanguage\":\"es\",\"potentialAction\":[{\"@type\":\"ReadAction\",\"target\":[\"https:\/\/laprensacristiana.com\/?p=8173\"]}]},{\"@type\":\"BreadcrumbList\",\"@id\":\"https:\/\/laprensacristiana.com\/?p=8173#breadcrumb\",\"itemListElement\":[{\"@type\":\"ListItem\",\"position\":1,\"name\":\"Portada\",\"item\":\"https:\/\/laprensacristiana.com\/\"},{\"@type\":\"ListItem\",\"position\":2,\"name\":\"Usemos el poder de la oraci\u00f3n para cambiar la historia.\"}]},{\"@type\":\"WebSite\",\"@id\":\"https:\/\/laprensacristiana.com\/#website\",\"url\":\"https:\/\/laprensacristiana.com\/\",\"name\":\"La Prensa Cristiana\",\"description\":\"Anunciando Las Buenas Nuevas\",\"potentialAction\":[{\"@type\":\"SearchAction\",\"target\":{\"@type\":\"EntryPoint\",\"urlTemplate\":\"https:\/\/laprensacristiana.com\/?s={search_term_string}\"},\"query-input\":\"required name=search_term_string\"}],\"inLanguage\":\"es\"},{\"@type\":\"Person\",\"@id\":\"https:\/\/laprensacristiana.com\/#\/schema\/person\/3e7d82c6bfd6b1fa67010f8f7cd5256e\",\"name\":\"EDITOR\",\"image\":{\"@type\":\"ImageObject\",\"inLanguage\":\"es\",\"@id\":\"https:\/\/laprensacristiana.com\/#\/schema\/person\/image\/\",\"url\":\"https:\/\/secure.gravatar.com\/avatar\/72069dfb6c13772d9e8381e3638666d2?s=96&d=mm&r=g\",\"contentUrl\":\"https:\/\/secure.gravatar.com\/avatar\/72069dfb6c13772d9e8381e3638666d2?s=96&d=mm&r=g\",\"caption\":\"EDITOR\"},\"url\":\"https:\/\/laprensacristiana.com\/?author=3\"}]}<\/script>\n<!-- \/ Yoast SEO plugin. -->","yoast_head_json":{"title":"Usemos el poder de la oraci\u00f3n para cambiar la historia. - La Prensa Cristiana","robots":{"index":"index","follow":"follow","max-snippet":"max-snippet:-1","max-image-preview":"max-image-preview:large","max-video-preview":"max-video-preview:-1"},"canonical":"https:\/\/laprensacristiana.com\/?p=8173","og_locale":"es_ES","og_type":"article","og_title":"Usemos el poder de la oraci\u00f3n para cambiar la historia. - La Prensa Cristiana","og_description":"El poder de la oraci\u00f3n esta disponible para todo creyente, practicarla a diario es la fortaleza de nuestro esp\u00edritu, hacerlo \u00fanicamente en horas de tensi\u00f3n, peligro o necesidad, ser\u00eda una insensatez.\u00a0 Las santas escrituras contienen relatos de personas que cambiaron la historia de naciones enteras, y otros que recibieron sanidad en sus cuerpos, que fueron [&hellip;]","og_url":"https:\/\/laprensacristiana.com\/?p=8173","og_site_name":"La Prensa Cristiana","article_published_time":"2020-02-13T20:56:21+00:00","article_modified_time":"2020-07-01T21:40:02+00:00","og_image":[{"width":1240,"height":692,"url":"https:\/\/laprensacristiana.com\/wp-content\/uploads\/2019\/10\/JULY-LPG-2017.jpg","type":"image\/jpeg"}],"author":"EDITOR","twitter_card":"summary_large_image","twitter_misc":{"Escrito por":"EDITOR","Tiempo de lectura":"3 minutos"},"schema":{"@context":"https:\/\/schema.org","@graph":[{"@type":"WebPage","@id":"https:\/\/laprensacristiana.com\/?p=8173","url":"https:\/\/laprensacristiana.com\/?p=8173","name":"Usemos el poder de la oraci\u00f3n para cambiar la historia. - La Prensa Cristiana","isPartOf":{"@id":"https:\/\/laprensacristiana.com\/#website"},"datePublished":"2020-02-13T20:56:21+00:00","dateModified":"2020-07-01T21:40:02+00:00","author":{"@id":"https:\/\/laprensacristiana.com\/#\/schema\/person\/3e7d82c6bfd6b1fa67010f8f7cd5256e"},"breadcrumb":{"@id":"https:\/\/laprensacristiana.com\/?p=8173#breadcrumb"},"inLanguage":"es","potentialAction":[{"@type":"ReadAction","target":["https:\/\/laprensacristiana.com\/?p=8173"]}]},{"@type":"BreadcrumbList","@id":"https:\/\/laprensacristiana.com\/?p=8173#breadcrumb","itemListElement":[{"@type":"ListItem","position":1,"name":"Portada","item":"https:\/\/laprensacristiana.com\/"},{"@type":"ListItem","position":2,"name":"Usemos el poder de la oraci\u00f3n para cambiar la historia."}]},{"@type":"WebSite","@id":"https:\/\/laprensacristiana.com\/#website","url":"https:\/\/laprensacristiana.com\/","name":"La Prensa Cristiana","description":"Anunciando Las Buenas Nuevas","potentialAction":[{"@type":"SearchAction","target":{"@type":"EntryPoint","urlTemplate":"https:\/\/laprensacristiana.com\/?s={search_term_string}"},"query-input":"required name=search_term_string"}],"inLanguage":"es"},{"@type":"Person","@id":"https:\/\/laprensacristiana.com\/#\/schema\/person\/3e7d82c6bfd6b1fa67010f8f7cd5256e","name":"EDITOR","image":{"@type":"ImageObject","inLanguage":"es","@id":"https:\/\/laprensacristiana.com\/#\/schema\/person\/image\/","url":"https:\/\/secure.gravatar.com\/avatar\/72069dfb6c13772d9e8381e3638666d2?s=96&d=mm&r=g","contentUrl":"https:\/\/secure.gravatar.com\/avatar\/72069dfb6c13772d9e8381e3638666d2?s=96&d=mm&r=g","caption":"EDITOR"},"url":"https:\/\/laprensacristiana.com\/?author=3"}]}},"_links":{"self":[{"href":"https:\/\/laprensacristiana.com\/index.php?rest_route=\/wp\/v2\/posts\/8173"}],"collection":[{"href":"https:\/\/laprensacristiana.com\/index.php?rest_route=\/wp\/v2\/posts"}],"about":[{"href":"https:\/\/laprensacristiana.com\/index.php?rest_route=\/wp\/v2\/types\/post"}],"author":[{"embeddable":true,"href":"https:\/\/laprensacristiana.com\/index.php?rest_route=\/wp\/v2\/users\/3"}],"replies":[{"embeddable":true,"href":"https:\/\/laprensacristiana.com\/index.php?rest_route=%2Fwp%2Fv2%2Fcomments&post=8173"}],"version-history":[{"count":1,"href":"https:\/\/laprensacristiana.com\/index.php?rest_route=\/wp\/v2\/posts\/8173\/revisions"}],"predecessor-version":[{"id":8174,"href":"https:\/\/laprensacristiana.com\/index.php?rest_route=\/wp\/v2\/posts\/8173\/revisions\/8174"}],"wp:featuredmedia":[{"embeddable":true,"href":"https:\/\/laprensacristiana.com\/index.php?rest_route=\/wp\/v2\/media\/7210"}],"wp:attachment":[{"href":"https:\/\/laprensacristiana.com\/index.php?rest_route=%2Fwp%2Fv2%2Fmedia&parent=8173"}],"wp:term":[{"taxonomy":"category","embeddable":true,"href":"https:\/\/laprensacristiana.com\/index.php?rest_route=%2Fwp%2Fv2%2Fcategories&post=8173"},{"taxonomy":"post_tag","embeddable":true,"href":"https:\/\/laprensacristiana.com\/index.php?rest_route=%2Fwp%2Fv2%2Ftags&post=8173"}],"curies":[{"name":"wp","href":"https:\/\/api.w.org\/{rel}","templated":true}]}}