{"id":8175,"date":"2020-02-14T00:01:47","date_gmt":"2020-02-14T00:01:47","guid":{"rendered":"https:\/\/laprensacristiana.com\/?p=8175"},"modified":"2020-07-01T21:39:51","modified_gmt":"2020-07-01T21:39:51","slug":"la-respuesta-de-la-iglesia-evangelica-ante-la-violencia-de-genero","status":"publish","type":"post","link":"https:\/\/laprensacristiana.com\/?p=8175","title":{"rendered":"La respuesta de la Iglesia Evang\u00e9lica ante la violencia de g\u00e9nero"},"content":{"rendered":"\n<p>El Comit\u00e9 de Alianza Evang\u00e9lica Mujer, como parte de su aporte para el pa\u00eds est\u00e1 preparando un desayuno conferencia en el que pretenden presentar una respuesta como iglesia evang\u00e9lica a la violenciade g\u00e9nero.<\/p>\n\n\n\n<p>La conferencia est\u00e1 dirigida a  L\u00edderes denominacionales, Pastores, Pastoras y l\u00edderes en General. <br>\n\u00abHoy m\u00e1s que nunca, debemos ser parte de la Prevenci\u00f3n, Acompa\u00f1amiento y Restauraci\u00f3n de muchas mujeres en un pa\u00eds donde el feminicidio va en aumento significativo cada d\u00eda. Es tiempo de actuar\u00bb expres\u00f3 la pastora Rosario Navas<br>\nWorld Vision se ha sumado a este esfuerzo y har\u00e1 posible que la conferencita Ulrike Taubman, psic\u00f3loga, misionera alemana, te\u00f3loga; sea parte de \u00e9ste evento el cual tendr\u00e1 lugar el s\u00e1bado 07 de marzo, desde las 7:30 de la ma\u00f1ana en el hotel Real Intercontinental. <\/p>\n\n\n\n<figure class=\"wp-block-image\"><img decoding=\"async\" loading=\"lazy\" width=\"720\" height=\"540\" src=\"https:\/\/laprensacristiana.com\/wp-content\/uploads\/2020\/02\/FB_IMG_1581637024766.jpg\" alt=\"\" class=\"wp-image-8176\" srcset=\"https:\/\/laprensacristiana.com\/wp-content\/uploads\/2020\/02\/FB_IMG_1581637024766.jpg 720w, https:\/\/laprensacristiana.com\/wp-content\/uploads\/2020\/02\/FB_IMG_1581637024766-300x225.jpg 300w, https:\/\/laprensacristiana.com\/wp-content\/uploads\/2020\/02\/FB_IMG_1581637024766-80x60.jpg 80w, https:\/\/laprensacristiana.com\/wp-content\/uploads\/2020\/02\/FB_IMG_1581637024766-265x198.jpg 265w, https:\/\/laprensacristiana.com\/wp-content\/uploads\/2020\/02\/FB_IMG_1581637024766-696x522.jpg 696w, https:\/\/laprensacristiana.com\/wp-content\/uploads\/2020\/02\/FB_IMG_1581637024766-560x420.jpg 560w, https:\/\/laprensacristiana.com\/wp-content\/uploads\/2020\/02\/FB_IMG_1581637024766-600x450.jpg 600w\" sizes=\"(max-width: 720px) 100vw, 720px\" \/><\/figure>\n","protected":false},"excerpt":{"rendered":"<p>El Comit\u00e9 de Alianza Evang\u00e9lica Mujer, como parte de su aporte para el pa\u00eds est\u00e1 preparando un desayuno conferencia en el que pretenden presentar una respuesta como iglesia evang\u00e9lica a la violenciade g\u00e9nero. La conferencia est\u00e1 dirigida a L\u00edderes denominacionales, Pastores, Pastoras y l\u00edderes en General. \u00abHoy m\u00e1s que nunca, debemos ser parte de la [&hellip;]<\/p>\n","protected":false},"author":3,"featured_media":8177,"comment_status":"open","ping_status":"open","sticky":false,"template":"","format":"standard","meta":[],"categories":[56],"tags":[],"yoast_head":"<!-- This site is optimized with the Yoast SEO plugin v20.8 - https:\/\/yoast.com\/wordpress\/plugins\/seo\/ -->\n<title>La respuesta de la Iglesia Evang\u00e9lica ante la violencia de g\u00e9nero - La Prensa Cristiana<\/title>\n<meta name=\"robots\" content=\"index, follow, max-snippet:-1, max-image-preview:large, max-video-preview:-1\" \/>\n<link rel=\"canonical\" href=\"https:\/\/laprensacristiana.com\/?p=8175\" \/>\n<meta property=\"og:locale\" content=\"es_ES\" \/>\n<meta property=\"og:type\" content=\"article\" \/>\n<meta property=\"og:title\" content=\"La respuesta de la Iglesia Evang\u00e9lica ante la violencia de g\u00e9nero - La Prensa Cristiana\" \/>\n<meta property=\"og:description\" content=\"El Comit\u00e9 de Alianza Evang\u00e9lica Mujer, como parte de su aporte para el pa\u00eds est\u00e1 preparando un desayuno conferencia en el que pretenden presentar una respuesta como iglesia evang\u00e9lica a la violenciade g\u00e9nero. La conferencia est\u00e1 dirigida a L\u00edderes denominacionales, Pastores, Pastoras y l\u00edderes en General. \u00abHoy m\u00e1s que nunca, debemos ser parte de la [&hellip;]\" \/>\n<meta property=\"og:url\" content=\"https:\/\/laprensacristiana.com\/?p=8175\" \/>\n<meta property=\"og:site_name\" content=\"La Prensa Cristiana\" \/>\n<meta property=\"article:published_time\" content=\"2020-02-14T00:01:47+00:00\" \/>\n<meta property=\"article:modified_time\" content=\"2020-07-01T21:39:51+00:00\" \/>\n<meta property=\"og:image\" content=\"https:\/\/laprensacristiana.com\/wp-content\/uploads\/2020\/02\/FB_IMG_1581637021671.jpg\" \/>\n\t<meta property=\"og:image:width\" content=\"720\" \/>\n\t<meta property=\"og:image:height\" content=\"540\" \/>\n\t<meta property=\"og:image:type\" content=\"image\/jpeg\" \/>\n<meta name=\"author\" content=\"EDITOR\" \/>\n<meta name=\"twitter:card\" content=\"summary_large_image\" \/>\n<meta name=\"twitter:label1\" content=\"Escrito por\" \/>\n\t<meta name=\"twitter:data1\" content=\"EDITOR\" \/>\n\t<meta name=\"twitter:label2\" content=\"Tiempo de lectura\" \/>\n\t<meta name=\"twitter:data2\" content=\"1 minuto\" \/>\n<script type=\"application\/ld+json\" class=\"yoast-schema-graph\">{\"@context\":\"https:\/\/schema.org\",\"@graph\":[{\"@type\":\"WebPage\",\"@id\":\"https:\/\/laprensacristiana.com\/?p=8175\",\"url\":\"https:\/\/laprensacristiana.com\/?p=8175\",\"name\":\"La respuesta de la Iglesia Evang\u00e9lica ante la violencia de g\u00e9nero - La Prensa Cristiana\",\"isPartOf\":{\"@id\":\"https:\/\/laprensacristiana.com\/#website\"},\"datePublished\":\"2020-02-14T00:01:47+00:00\",\"dateModified\":\"2020-07-01T21:39:51+00:00\",\"author\":{\"@id\":\"https:\/\/laprensacristiana.com\/#\/schema\/person\/3e7d82c6bfd6b1fa67010f8f7cd5256e\"},\"breadcrumb\":{\"@id\":\"https:\/\/laprensacristiana.com\/?p=8175#breadcrumb\"},\"inLanguage\":\"es\",\"potentialAction\":[{\"@type\":\"ReadAction\",\"target\":[\"https:\/\/laprensacristiana.com\/?p=8175\"]}]},{\"@type\":\"BreadcrumbList\",\"@id\":\"https:\/\/laprensacristiana.com\/?p=8175#breadcrumb\",\"itemListElement\":[{\"@type\":\"ListItem\",\"position\":1,\"name\":\"Portada\",\"item\":\"https:\/\/laprensacristiana.com\/\"},{\"@type\":\"ListItem\",\"position\":2,\"name\":\"La respuesta de la Iglesia Evang\u00e9lica ante la violencia de g\u00e9nero\"}]},{\"@type\":\"WebSite\",\"@id\":\"https:\/\/laprensacristiana.com\/#website\",\"url\":\"https:\/\/laprensacristiana.com\/\",\"name\":\"La Prensa Cristiana\",\"description\":\"Anunciando Las Buenas Nuevas\",\"potentialAction\":[{\"@type\":\"SearchAction\",\"target\":{\"@type\":\"EntryPoint\",\"urlTemplate\":\"https:\/\/laprensacristiana.com\/?s={search_term_string}\"},\"query-input\":\"required name=search_term_string\"}],\"inLanguage\":\"es\"},{\"@type\":\"Person\",\"@id\":\"https:\/\/laprensacristiana.com\/#\/schema\/person\/3e7d82c6bfd6b1fa67010f8f7cd5256e\",\"name\":\"EDITOR\",\"image\":{\"@type\":\"ImageObject\",\"inLanguage\":\"es\",\"@id\":\"https:\/\/laprensacristiana.com\/#\/schema\/person\/image\/\",\"url\":\"https:\/\/secure.gravatar.com\/avatar\/72069dfb6c13772d9e8381e3638666d2?s=96&d=mm&r=g\",\"contentUrl\":\"https:\/\/secure.gravatar.com\/avatar\/72069dfb6c13772d9e8381e3638666d2?s=96&d=mm&r=g\",\"caption\":\"EDITOR\"},\"url\":\"https:\/\/laprensacristiana.com\/?author=3\"}]}<\/script>\n<!-- \/ Yoast SEO plugin. -->","yoast_head_json":{"title":"La respuesta de la Iglesia Evang\u00e9lica ante la violencia de g\u00e9nero - La Prensa Cristiana","robots":{"index":"index","follow":"follow","max-snippet":"max-snippet:-1","max-image-preview":"max-image-preview:large","max-video-preview":"max-video-preview:-1"},"canonical":"https:\/\/laprensacristiana.com\/?p=8175","og_locale":"es_ES","og_type":"article","og_title":"La respuesta de la Iglesia Evang\u00e9lica ante la violencia de g\u00e9nero - La Prensa Cristiana","og_description":"El Comit\u00e9 de Alianza Evang\u00e9lica Mujer, como parte de su aporte para el pa\u00eds est\u00e1 preparando un desayuno conferencia en el que pretenden presentar una respuesta como iglesia evang\u00e9lica a la violenciade g\u00e9nero. La conferencia est\u00e1 dirigida a L\u00edderes denominacionales, Pastores, Pastoras y l\u00edderes en General. \u00abHoy m\u00e1s que nunca, debemos ser parte de la [&hellip;]","og_url":"https:\/\/laprensacristiana.com\/?p=8175","og_site_name":"La Prensa Cristiana","article_published_time":"2020-02-14T00:01:47+00:00","article_modified_time":"2020-07-01T21:39:51+00:00","og_image":[{"width":720,"height":540,"url":"https:\/\/laprensacristiana.com\/wp-content\/uploads\/2020\/02\/FB_IMG_1581637021671.jpg","type":"image\/jpeg"}],"author":"EDITOR","twitter_card":"summary_large_image","twitter_misc":{"Escrito por":"EDITOR","Tiempo de lectura":"1 minuto"},"schema":{"@context":"https:\/\/schema.org","@graph":[{"@type":"WebPage","@id":"https:\/\/laprensacristiana.com\/?p=8175","url":"https:\/\/laprensacristiana.com\/?p=8175","name":"La respuesta de la Iglesia Evang\u00e9lica ante la violencia de g\u00e9nero - La Prensa Cristiana","isPartOf":{"@id":"https:\/\/laprensacristiana.com\/#website"},"datePublished":"2020-02-14T00:01:47+00:00","dateModified":"2020-07-01T21:39:51+00:00","author":{"@id":"https:\/\/laprensacristiana.com\/#\/schema\/person\/3e7d82c6bfd6b1fa67010f8f7cd5256e"},"breadcrumb":{"@id":"https:\/\/laprensacristiana.com\/?p=8175#breadcrumb"},"inLanguage":"es","potentialAction":[{"@type":"ReadAction","target":["https:\/\/laprensacristiana.com\/?p=8175"]}]},{"@type":"BreadcrumbList","@id":"https:\/\/laprensacristiana.com\/?p=8175#breadcrumb","itemListElement":[{"@type":"ListItem","position":1,"name":"Portada","item":"https:\/\/laprensacristiana.com\/"},{"@type":"ListItem","position":2,"name":"La respuesta de la Iglesia Evang\u00e9lica ante la violencia de g\u00e9nero"}]},{"@type":"WebSite","@id":"https:\/\/laprensacristiana.com\/#website","url":"https:\/\/laprensacristiana.com\/","name":"La Prensa Cristiana","description":"Anunciando Las Buenas Nuevas","potentialAction":[{"@type":"SearchAction","target":{"@type":"EntryPoint","urlTemplate":"https:\/\/laprensacristiana.com\/?s={search_term_string}"},"query-input":"required name=search_term_string"}],"inLanguage":"es"},{"@type":"Person","@id":"https:\/\/laprensacristiana.com\/#\/schema\/person\/3e7d82c6bfd6b1fa67010f8f7cd5256e","name":"EDITOR","image":{"@type":"ImageObject","inLanguage":"es","@id":"https:\/\/laprensacristiana.com\/#\/schema\/person\/image\/","url":"https:\/\/secure.gravatar.com\/avatar\/72069dfb6c13772d9e8381e3638666d2?s=96&d=mm&r=g","contentUrl":"https:\/\/secure.gravatar.com\/avatar\/72069dfb6c13772d9e8381e3638666d2?s=96&d=mm&r=g","caption":"EDITOR"},"url":"https:\/\/laprensacristiana.com\/?author=3"}]}},"_links":{"self":[{"href":"https:\/\/laprensacristiana.com\/index.php?rest_route=\/wp\/v2\/posts\/8175"}],"collection":[{"href":"https:\/\/laprensacristiana.com\/index.php?rest_route=\/wp\/v2\/posts"}],"about":[{"href":"https:\/\/laprensacristiana.com\/index.php?rest_route=\/wp\/v2\/types\/post"}],"author":[{"embeddable":true,"href":"https:\/\/laprensacristiana.com\/index.php?rest_route=\/wp\/v2\/users\/3"}],"replies":[{"embeddable":true,"href":"https:\/\/laprensacristiana.com\/index.php?rest_route=%2Fwp%2Fv2%2Fcomments&post=8175"}],"version-history":[{"count":1,"href":"https:\/\/laprensacristiana.com\/index.php?rest_route=\/wp\/v2\/posts\/8175\/revisions"}],"predecessor-version":[{"id":8178,"href":"https:\/\/laprensacristiana.com\/index.php?rest_route=\/wp\/v2\/posts\/8175\/revisions\/8178"}],"wp:featuredmedia":[{"embeddable":true,"href":"https:\/\/laprensacristiana.com\/index.php?rest_route=\/wp\/v2\/media\/8177"}],"wp:attachment":[{"href":"https:\/\/laprensacristiana.com\/index.php?rest_route=%2Fwp%2Fv2%2Fmedia&parent=8175"}],"wp:term":[{"taxonomy":"category","embeddable":true,"href":"https:\/\/laprensacristiana.com\/index.php?rest_route=%2Fwp%2Fv2%2Fcategories&post=8175"},{"taxonomy":"post_tag","embeddable":true,"href":"https:\/\/laprensacristiana.com\/index.php?rest_route=%2Fwp%2Fv2%2Ftags&post=8175"}],"curies":[{"name":"wp","href":"https:\/\/api.w.org\/{rel}","templated":true}]}}