{"id":8181,"date":"2020-02-15T20:30:14","date_gmt":"2020-02-15T20:30:14","guid":{"rendered":"https:\/\/laprensacristiana.com\/?p=8181"},"modified":"2020-02-15T20:30:18","modified_gmt":"2020-02-15T20:30:18","slug":"dr-james-dobson-condena-la-decision-de-la-legislatura-de-colorado","status":"publish","type":"post","link":"https:\/\/laprensacristiana.com\/?p=8181","title":{"rendered":"Dr. James Dobson condena la decisi\u00f3n de la legislatura de Colorado"},"content":{"rendered":"\n<p>El d\u00eda juevea el doctor Dobson a trav\u00e9s de un comunicado expres\u00f3 su descontento ante la decisi\u00f3n del estado de Colorado ante una ley que protege a los ni\u00f1os nacidos vivos despu\u00e9s de realizado un aborto.<\/p>\n\n\n\n<p>La ley pretend\u00eda que los m\u00e9dicos ofrecieran atenci\u00f3n a los beb\u00e9s nacidos vivos durante los procedimientos de un aborto, pero representantes dem\u00f3cratas se negaron a la aprobaci\u00f3n para salvar la vida de los beb\u00e9s. <\/p>\n\n\n\n<p>\u00abCada ni\u00f1o importa y es precioso en el mundo. Y a los Ojos de nuestro Creador.&nbsp;Que Dios nos ayude si permitimos que esta cultura de la muerte contin\u00fae \u00bb expres\u00f3 el Dr. James Dobson<\/p>\n","protected":false},"excerpt":{"rendered":"<p>El d\u00eda juevea el doctor Dobson a trav\u00e9s de un comunicado expres\u00f3 su descontento ante la decisi\u00f3n del estado de Colorado ante una ley que protege a los ni\u00f1os nacidos vivos despu\u00e9s de realizado un aborto. La ley pretend\u00eda que los m\u00e9dicos ofrecieran atenci\u00f3n a los beb\u00e9s nacidos vivos durante los procedimientos de un aborto, [&hellip;]<\/p>\n","protected":false},"author":3,"featured_media":7543,"comment_status":"open","ping_status":"open","sticky":false,"template":"","format":"standard","meta":[],"categories":[56],"tags":[],"yoast_head":"<!-- This site is optimized with the Yoast SEO plugin v20.8 - https:\/\/yoast.com\/wordpress\/plugins\/seo\/ -->\n<title>Dr. James Dobson condena la decisi\u00f3n de la legislatura de Colorado - La Prensa Cristiana<\/title>\n<meta name=\"robots\" content=\"index, follow, max-snippet:-1, max-image-preview:large, max-video-preview:-1\" \/>\n<link rel=\"canonical\" href=\"https:\/\/laprensacristiana.com\/?p=8181\" \/>\n<meta property=\"og:locale\" content=\"es_ES\" \/>\n<meta property=\"og:type\" content=\"article\" \/>\n<meta property=\"og:title\" content=\"Dr. James Dobson condena la decisi\u00f3n de la legislatura de Colorado - La Prensa Cristiana\" \/>\n<meta property=\"og:description\" content=\"El d\u00eda juevea el doctor Dobson a trav\u00e9s de un comunicado expres\u00f3 su descontento ante la decisi\u00f3n del estado de Colorado ante una ley que protege a los ni\u00f1os nacidos vivos despu\u00e9s de realizado un aborto. La ley pretend\u00eda que los m\u00e9dicos ofrecieran atenci\u00f3n a los beb\u00e9s nacidos vivos durante los procedimientos de un aborto, [&hellip;]\" \/>\n<meta property=\"og:url\" content=\"https:\/\/laprensacristiana.com\/?p=8181\" \/>\n<meta property=\"og:site_name\" content=\"La Prensa Cristiana\" \/>\n<meta property=\"article:published_time\" content=\"2020-02-15T20:30:14+00:00\" \/>\n<meta property=\"article:modified_time\" content=\"2020-02-15T20:30:18+00:00\" \/>\n<meta property=\"og:image\" content=\"https:\/\/laprensacristiana.com\/wp-content\/uploads\/2020\/01\/WhatsApp-Image-2020-01-04-at-12.00.05.jpeg\" \/>\n\t<meta property=\"og:image:width\" content=\"720\" \/>\n\t<meta property=\"og:image:height\" content=\"339\" \/>\n\t<meta property=\"og:image:type\" content=\"image\/jpeg\" \/>\n<meta name=\"author\" content=\"EDITOR\" \/>\n<meta name=\"twitter:card\" content=\"summary_large_image\" \/>\n<meta name=\"twitter:label1\" content=\"Escrito por\" \/>\n\t<meta name=\"twitter:data1\" content=\"EDITOR\" \/>\n\t<meta name=\"twitter:label2\" content=\"Tiempo de lectura\" \/>\n\t<meta name=\"twitter:data2\" content=\"1 minuto\" \/>\n<script type=\"application\/ld+json\" class=\"yoast-schema-graph\">{\"@context\":\"https:\/\/schema.org\",\"@graph\":[{\"@type\":\"WebPage\",\"@id\":\"https:\/\/laprensacristiana.com\/?p=8181\",\"url\":\"https:\/\/laprensacristiana.com\/?p=8181\",\"name\":\"Dr. James Dobson condena la decisi\u00f3n de la legislatura de Colorado - La Prensa Cristiana\",\"isPartOf\":{\"@id\":\"https:\/\/laprensacristiana.com\/#website\"},\"datePublished\":\"2020-02-15T20:30:14+00:00\",\"dateModified\":\"2020-02-15T20:30:18+00:00\",\"author\":{\"@id\":\"https:\/\/laprensacristiana.com\/#\/schema\/person\/3e7d82c6bfd6b1fa67010f8f7cd5256e\"},\"breadcrumb\":{\"@id\":\"https:\/\/laprensacristiana.com\/?p=8181#breadcrumb\"},\"inLanguage\":\"es\",\"potentialAction\":[{\"@type\":\"ReadAction\",\"target\":[\"https:\/\/laprensacristiana.com\/?p=8181\"]}]},{\"@type\":\"BreadcrumbList\",\"@id\":\"https:\/\/laprensacristiana.com\/?p=8181#breadcrumb\",\"itemListElement\":[{\"@type\":\"ListItem\",\"position\":1,\"name\":\"Portada\",\"item\":\"https:\/\/laprensacristiana.com\/\"},{\"@type\":\"ListItem\",\"position\":2,\"name\":\"Dr. James Dobson condena la decisi\u00f3n de la legislatura de Colorado\"}]},{\"@type\":\"WebSite\",\"@id\":\"https:\/\/laprensacristiana.com\/#website\",\"url\":\"https:\/\/laprensacristiana.com\/\",\"name\":\"La Prensa Cristiana\",\"description\":\"Anunciando Las Buenas Nuevas\",\"potentialAction\":[{\"@type\":\"SearchAction\",\"target\":{\"@type\":\"EntryPoint\",\"urlTemplate\":\"https:\/\/laprensacristiana.com\/?s={search_term_string}\"},\"query-input\":\"required name=search_term_string\"}],\"inLanguage\":\"es\"},{\"@type\":\"Person\",\"@id\":\"https:\/\/laprensacristiana.com\/#\/schema\/person\/3e7d82c6bfd6b1fa67010f8f7cd5256e\",\"name\":\"EDITOR\",\"image\":{\"@type\":\"ImageObject\",\"inLanguage\":\"es\",\"@id\":\"https:\/\/laprensacristiana.com\/#\/schema\/person\/image\/\",\"url\":\"https:\/\/secure.gravatar.com\/avatar\/72069dfb6c13772d9e8381e3638666d2?s=96&d=mm&r=g\",\"contentUrl\":\"https:\/\/secure.gravatar.com\/avatar\/72069dfb6c13772d9e8381e3638666d2?s=96&d=mm&r=g\",\"caption\":\"EDITOR\"},\"url\":\"https:\/\/laprensacristiana.com\/?author=3\"}]}<\/script>\n<!-- \/ Yoast SEO plugin. -->","yoast_head_json":{"title":"Dr. James Dobson condena la decisi\u00f3n de la legislatura de Colorado - La Prensa Cristiana","robots":{"index":"index","follow":"follow","max-snippet":"max-snippet:-1","max-image-preview":"max-image-preview:large","max-video-preview":"max-video-preview:-1"},"canonical":"https:\/\/laprensacristiana.com\/?p=8181","og_locale":"es_ES","og_type":"article","og_title":"Dr. James Dobson condena la decisi\u00f3n de la legislatura de Colorado - La Prensa Cristiana","og_description":"El d\u00eda juevea el doctor Dobson a trav\u00e9s de un comunicado expres\u00f3 su descontento ante la decisi\u00f3n del estado de Colorado ante una ley que protege a los ni\u00f1os nacidos vivos despu\u00e9s de realizado un aborto. La ley pretend\u00eda que los m\u00e9dicos ofrecieran atenci\u00f3n a los beb\u00e9s nacidos vivos durante los procedimientos de un aborto, [&hellip;]","og_url":"https:\/\/laprensacristiana.com\/?p=8181","og_site_name":"La Prensa Cristiana","article_published_time":"2020-02-15T20:30:14+00:00","article_modified_time":"2020-02-15T20:30:18+00:00","og_image":[{"width":720,"height":339,"url":"https:\/\/laprensacristiana.com\/wp-content\/uploads\/2020\/01\/WhatsApp-Image-2020-01-04-at-12.00.05.jpeg","type":"image\/jpeg"}],"author":"EDITOR","twitter_card":"summary_large_image","twitter_misc":{"Escrito por":"EDITOR","Tiempo de lectura":"1 minuto"},"schema":{"@context":"https:\/\/schema.org","@graph":[{"@type":"WebPage","@id":"https:\/\/laprensacristiana.com\/?p=8181","url":"https:\/\/laprensacristiana.com\/?p=8181","name":"Dr. James Dobson condena la decisi\u00f3n de la legislatura de Colorado - La Prensa Cristiana","isPartOf":{"@id":"https:\/\/laprensacristiana.com\/#website"},"datePublished":"2020-02-15T20:30:14+00:00","dateModified":"2020-02-15T20:30:18+00:00","author":{"@id":"https:\/\/laprensacristiana.com\/#\/schema\/person\/3e7d82c6bfd6b1fa67010f8f7cd5256e"},"breadcrumb":{"@id":"https:\/\/laprensacristiana.com\/?p=8181#breadcrumb"},"inLanguage":"es","potentialAction":[{"@type":"ReadAction","target":["https:\/\/laprensacristiana.com\/?p=8181"]}]},{"@type":"BreadcrumbList","@id":"https:\/\/laprensacristiana.com\/?p=8181#breadcrumb","itemListElement":[{"@type":"ListItem","position":1,"name":"Portada","item":"https:\/\/laprensacristiana.com\/"},{"@type":"ListItem","position":2,"name":"Dr. James Dobson condena la decisi\u00f3n de la legislatura de Colorado"}]},{"@type":"WebSite","@id":"https:\/\/laprensacristiana.com\/#website","url":"https:\/\/laprensacristiana.com\/","name":"La Prensa Cristiana","description":"Anunciando Las Buenas Nuevas","potentialAction":[{"@type":"SearchAction","target":{"@type":"EntryPoint","urlTemplate":"https:\/\/laprensacristiana.com\/?s={search_term_string}"},"query-input":"required name=search_term_string"}],"inLanguage":"es"},{"@type":"Person","@id":"https:\/\/laprensacristiana.com\/#\/schema\/person\/3e7d82c6bfd6b1fa67010f8f7cd5256e","name":"EDITOR","image":{"@type":"ImageObject","inLanguage":"es","@id":"https:\/\/laprensacristiana.com\/#\/schema\/person\/image\/","url":"https:\/\/secure.gravatar.com\/avatar\/72069dfb6c13772d9e8381e3638666d2?s=96&d=mm&r=g","contentUrl":"https:\/\/secure.gravatar.com\/avatar\/72069dfb6c13772d9e8381e3638666d2?s=96&d=mm&r=g","caption":"EDITOR"},"url":"https:\/\/laprensacristiana.com\/?author=3"}]}},"_links":{"self":[{"href":"https:\/\/laprensacristiana.com\/index.php?rest_route=\/wp\/v2\/posts\/8181"}],"collection":[{"href":"https:\/\/laprensacristiana.com\/index.php?rest_route=\/wp\/v2\/posts"}],"about":[{"href":"https:\/\/laprensacristiana.com\/index.php?rest_route=\/wp\/v2\/types\/post"}],"author":[{"embeddable":true,"href":"https:\/\/laprensacristiana.com\/index.php?rest_route=\/wp\/v2\/users\/3"}],"replies":[{"embeddable":true,"href":"https:\/\/laprensacristiana.com\/index.php?rest_route=%2Fwp%2Fv2%2Fcomments&post=8181"}],"version-history":[{"count":1,"href":"https:\/\/laprensacristiana.com\/index.php?rest_route=\/wp\/v2\/posts\/8181\/revisions"}],"predecessor-version":[{"id":8182,"href":"https:\/\/laprensacristiana.com\/index.php?rest_route=\/wp\/v2\/posts\/8181\/revisions\/8182"}],"wp:featuredmedia":[{"embeddable":true,"href":"https:\/\/laprensacristiana.com\/index.php?rest_route=\/wp\/v2\/media\/7543"}],"wp:attachment":[{"href":"https:\/\/laprensacristiana.com\/index.php?rest_route=%2Fwp%2Fv2%2Fmedia&parent=8181"}],"wp:term":[{"taxonomy":"category","embeddable":true,"href":"https:\/\/laprensacristiana.com\/index.php?rest_route=%2Fwp%2Fv2%2Fcategories&post=8181"},{"taxonomy":"post_tag","embeddable":true,"href":"https:\/\/laprensacristiana.com\/index.php?rest_route=%2Fwp%2Fv2%2Ftags&post=8181"}],"curies":[{"name":"wp","href":"https:\/\/api.w.org\/{rel}","templated":true}]}}