{"id":8197,"date":"2020-02-17T13:40:40","date_gmt":"2020-02-17T13:40:40","guid":{"rendered":"https:\/\/laprensacristiana.com\/?p=8197"},"modified":"2020-02-17T13:40:42","modified_gmt":"2020-02-17T13:40:42","slug":"donde-estabas-cuando-te-necesite","status":"publish","type":"post","link":"https:\/\/laprensacristiana.com\/?p=8197","title":{"rendered":"\u00bfD\u00f3nde estabas cuando te necesit\u00e9?"},"content":{"rendered":"\n<pre class=\"wp-block-code\"><code><\/code><\/pre>\n\n\n\n<p>Juan 11:21 \u201cY Marta dijo\u2026 si hubieras estado aqu\u00ed, mi hermano no habr\u00eda muerto\u201d<\/p>\n\n\n\n<p>Uno de los problemas que encuentro en nuestra sociedad familiar actual es que en los hogares hace falta casi siempre la figura paterna.<\/p>\n\n\n\n<p>Los hombres hemos sido mal ense\u00f1ados. Se nos ha inculcado una cultura de trabajar desde ni\u00f1os para prepararnos en caso nos veamos en la obligaci\u00f3n de mantener un hogar y una familia. Incluso los profesionales son encaminados en sus carreras para lograr sus metas, sus proyectos de vida y su autorealizaci\u00f2n. Pero todo gira en \u201csu\u201d. <\/p>\n\n\n\n<p>La competencia por ver qui\u00e9n es mejor proveedor para su casa y sus hijos es tremenda. Hombres y tambi\u00e9n mujeres, que salen de madrugada de sus casas-dormitorios a transitar y competir en medio del tr\u00e1fico para llegar a sus lugares de trabajo para cumplir -seg\u00fan ellos-, con el deber impuesto. Y eso est\u00e1 bien. Cultural  y b\u00edblicamente, el hombre es responsable de proveer, proteger, cuidar y pastorear su reba\u00f1o compuesto por su esposa y sus hijos. <\/p>\n\n\n\n<p>Pero el desequilibrio viene cuando solo nos dedicamos a trabajar, trabajar y trabajar. Ese es el problema del hombre per s\u00e9: que es lineal. No podemos hacer dos cosas al mismo tiempo. Blanco o negro. En nuestra conducta no hay grises. O amamos o rechazamos. O somos tiernos con nuestra familia o somos \u00e1speros. O nos inclinamos ante Dios o ante los hombres.<\/p>\n\n\n\n<p>Y es cuando descubro un paradigma: Muchos padres pueden presumir de tener hijos profesionales. Incluso, he platicado con algunos que se sienten orgullosos de haber \u201cgraduado\u201d a sus hijas de profesionales en diferentes ramas. Pero la pregunta que me brota cuando les escucho hablar de esas responsabilidades es: \u00bfY tambi\u00e9n las form\u00f2 para ser esposas y madres? Hay muchos bemoles que discutir en esto.<\/p>\n\n\n\n<p>Otro detalle que me viene a la mente cuando escucho a padres presumir de tener a sus hijos en buenos puestos de trabajo gracias a sus estudios universitarios es: Es cierto, les llen\u00f3 sus bolsones de libros y l\u00e1pices para que fueran buenos estudiantes, pero, \u00bfles llen\u00f3 tambi\u00e9n sus corazones? Porque no es lo mismo llenar el est\u00f3mago y dejar el coraz\u00f3n vac\u00edo.  Y de eso trata el t\u00edtulo de mi escrito de hoy: \u00bfEn donde estabas cuando te necesit\u00e9? Porque el papel de padre o madre no es solo darnos la vida. Tambi\u00e9n estar all\u00ed cuando los hijos nos necesitan.<\/p>\n\n\n\n<p>Esa es la dolorosa pregunta de Marta a su amigo Jesus. El hombre que siempre hab\u00eda sido atendido por ella en su comedor. El amigo al que Mar\u00eca le lavaba los pies cuando llegaba cansado del camino. El hu\u00e9sped que siempre encontraba una cama limpia para que durmiera en su casa c\u00f3modamente. Ahora su hermano est\u00e1 enfermo. Y lo mandan a buscar para que lo sane. Y no llega. El hermano muere. Y el dolor aflora en palabras lapidantes: \u00bfD\u00f3nde estabas cuando te necesite?<\/p>\n\n\n\n<p>Y es la pregunta de muchas hijos: \u201cMam\u00e1, en donde estabas cuando tuve a mi primer beb\u00e9? \u00bfPor qu\u00e9 no estuviste a mi lado? \u00bfEn d\u00f3nde estabas cuando busqu\u00e9 mi vestido de novia para mi boda? Papi, si hubieras estado aqu\u00ed me matrimonio se hubiera salvado. Mi hogar no se hubiera destruido. Si hubieras estado aqu\u00ed no me hubiera comprometido con el hombre equivocado. Si hubieras estado aqu\u00ed, pap\u00e1, mis sue\u00f1os no se hubieran roto. Mi vida hubiera tomado otro derrotero. Me hubieras aconsejado de no firmar esos papeles. No me hubiera enamorado del monstruo con quien me cas\u00e9. Mami, si hubieras estado aqu\u00ed, aqu\u00ed, conmigo, hubiera alcanzado la madurez para decir \u201cno\u201d cuando deb\u00ed decirlo. <\/p>\n\n\n\n<p>\u00bfEn d\u00f3nde estabas, pap\u00e1, cuando debiste estar a mi lado para no caer en las drogas? \u00bfPara no llenar con el vicio el vac\u00edo de mi coraz\u00f3n? \u00bfEn d\u00f3nde estabas, mami, cuando necesit\u00e8 quien me aconsejara y me ense\u00f1ara a vivir la vida de ni\u00f1a y adolescente? \u00bfEn donde estabas cuando mis amigas me indujeron a la promiscuidad sexual? Si hubieras estado aqu\u00ed, a mi lado, no me hubiera ido aquellas largas noches de soledad a beber cervezas con mis amigos en donde tuve dos abortos y ni cuenta te diste\u2026 Por estar trabajando, trabajando y trabajando\u2026\u201d<\/p>\n\n\n\n<p>Soli Deo Gloria<\/p>\n","protected":false},"excerpt":{"rendered":"<p>Juan 11:21 \u201cY Marta dijo\u2026 si hubieras estado aqu\u00ed, mi hermano no habr\u00eda muerto\u201d Uno de los problemas que encuentro en nuestra sociedad familiar actual es que en los hogares hace falta casi siempre la figura paterna. Los hombres hemos sido mal ense\u00f1ados. Se nos ha inculcado una cultura de trabajar desde ni\u00f1os para prepararnos [&hellip;]<\/p>\n","protected":false},"author":3,"featured_media":7949,"comment_status":"open","ping_status":"open","sticky":false,"template":"","format":"standard","meta":[],"categories":[36],"tags":[],"yoast_head":"<!-- This site is optimized with the Yoast SEO plugin v20.8 - https:\/\/yoast.com\/wordpress\/plugins\/seo\/ -->\n<title>\u00bfD\u00f3nde estabas cuando te necesit\u00e9? - La Prensa Cristiana<\/title>\n<meta name=\"robots\" content=\"index, follow, max-snippet:-1, max-image-preview:large, max-video-preview:-1\" \/>\n<link rel=\"canonical\" href=\"https:\/\/laprensacristiana.com\/?p=8197\" \/>\n<meta property=\"og:locale\" content=\"es_ES\" \/>\n<meta property=\"og:type\" content=\"article\" \/>\n<meta property=\"og:title\" content=\"\u00bfD\u00f3nde estabas cuando te necesit\u00e9? - La Prensa Cristiana\" \/>\n<meta property=\"og:description\" content=\"Juan 11:21 \u201cY Marta dijo\u2026 si hubieras estado aqu\u00ed, mi hermano no habr\u00eda muerto\u201d Uno de los problemas que encuentro en nuestra sociedad familiar actual es que en los hogares hace falta casi siempre la figura paterna. Los hombres hemos sido mal ense\u00f1ados. Se nos ha inculcado una cultura de trabajar desde ni\u00f1os para prepararnos [&hellip;]\" \/>\n<meta property=\"og:url\" content=\"https:\/\/laprensacristiana.com\/?p=8197\" \/>\n<meta property=\"og:site_name\" content=\"La Prensa Cristiana\" \/>\n<meta property=\"article:published_time\" content=\"2020-02-17T13:40:40+00:00\" \/>\n<meta property=\"article:modified_time\" content=\"2020-02-17T13:40:42+00:00\" \/>\n<meta property=\"og:image\" content=\"https:\/\/laprensacristiana.com\/wp-content\/uploads\/2020\/01\/2017-11-23-PHOTO-00003245-1.jpg\" \/>\n\t<meta property=\"og:image:width\" content=\"1280\" \/>\n\t<meta property=\"og:image:height\" content=\"714\" \/>\n\t<meta property=\"og:image:type\" content=\"image\/jpeg\" \/>\n<meta name=\"author\" content=\"EDITOR\" \/>\n<meta name=\"twitter:card\" content=\"summary_large_image\" \/>\n<meta name=\"twitter:label1\" content=\"Escrito por\" \/>\n\t<meta name=\"twitter:data1\" content=\"EDITOR\" \/>\n\t<meta name=\"twitter:label2\" content=\"Tiempo de lectura\" \/>\n\t<meta name=\"twitter:data2\" content=\"4 minutos\" \/>\n<script type=\"application\/ld+json\" class=\"yoast-schema-graph\">{\"@context\":\"https:\/\/schema.org\",\"@graph\":[{\"@type\":\"WebPage\",\"@id\":\"https:\/\/laprensacristiana.com\/?p=8197\",\"url\":\"https:\/\/laprensacristiana.com\/?p=8197\",\"name\":\"\u00bfD\u00f3nde estabas cuando te necesit\u00e9? - La Prensa Cristiana\",\"isPartOf\":{\"@id\":\"https:\/\/laprensacristiana.com\/#website\"},\"datePublished\":\"2020-02-17T13:40:40+00:00\",\"dateModified\":\"2020-02-17T13:40:42+00:00\",\"author\":{\"@id\":\"https:\/\/laprensacristiana.com\/#\/schema\/person\/3e7d82c6bfd6b1fa67010f8f7cd5256e\"},\"breadcrumb\":{\"@id\":\"https:\/\/laprensacristiana.com\/?p=8197#breadcrumb\"},\"inLanguage\":\"es\",\"potentialAction\":[{\"@type\":\"ReadAction\",\"target\":[\"https:\/\/laprensacristiana.com\/?p=8197\"]}]},{\"@type\":\"BreadcrumbList\",\"@id\":\"https:\/\/laprensacristiana.com\/?p=8197#breadcrumb\",\"itemListElement\":[{\"@type\":\"ListItem\",\"position\":1,\"name\":\"Portada\",\"item\":\"https:\/\/laprensacristiana.com\/\"},{\"@type\":\"ListItem\",\"position\":2,\"name\":\"\u00bfD\u00f3nde estabas cuando te necesit\u00e9?\"}]},{\"@type\":\"WebSite\",\"@id\":\"https:\/\/laprensacristiana.com\/#website\",\"url\":\"https:\/\/laprensacristiana.com\/\",\"name\":\"La Prensa Cristiana\",\"description\":\"Anunciando Las Buenas Nuevas\",\"potentialAction\":[{\"@type\":\"SearchAction\",\"target\":{\"@type\":\"EntryPoint\",\"urlTemplate\":\"https:\/\/laprensacristiana.com\/?s={search_term_string}\"},\"query-input\":\"required name=search_term_string\"}],\"inLanguage\":\"es\"},{\"@type\":\"Person\",\"@id\":\"https:\/\/laprensacristiana.com\/#\/schema\/person\/3e7d82c6bfd6b1fa67010f8f7cd5256e\",\"name\":\"EDITOR\",\"image\":{\"@type\":\"ImageObject\",\"inLanguage\":\"es\",\"@id\":\"https:\/\/laprensacristiana.com\/#\/schema\/person\/image\/\",\"url\":\"https:\/\/secure.gravatar.com\/avatar\/72069dfb6c13772d9e8381e3638666d2?s=96&d=mm&r=g\",\"contentUrl\":\"https:\/\/secure.gravatar.com\/avatar\/72069dfb6c13772d9e8381e3638666d2?s=96&d=mm&r=g\",\"caption\":\"EDITOR\"},\"url\":\"https:\/\/laprensacristiana.com\/?author=3\"}]}<\/script>\n<!-- \/ Yoast SEO plugin. -->","yoast_head_json":{"title":"\u00bfD\u00f3nde estabas cuando te necesit\u00e9? - La Prensa Cristiana","robots":{"index":"index","follow":"follow","max-snippet":"max-snippet:-1","max-image-preview":"max-image-preview:large","max-video-preview":"max-video-preview:-1"},"canonical":"https:\/\/laprensacristiana.com\/?p=8197","og_locale":"es_ES","og_type":"article","og_title":"\u00bfD\u00f3nde estabas cuando te necesit\u00e9? - La Prensa Cristiana","og_description":"Juan 11:21 \u201cY Marta dijo\u2026 si hubieras estado aqu\u00ed, mi hermano no habr\u00eda muerto\u201d Uno de los problemas que encuentro en nuestra sociedad familiar actual es que en los hogares hace falta casi siempre la figura paterna. Los hombres hemos sido mal ense\u00f1ados. Se nos ha inculcado una cultura de trabajar desde ni\u00f1os para prepararnos [&hellip;]","og_url":"https:\/\/laprensacristiana.com\/?p=8197","og_site_name":"La Prensa Cristiana","article_published_time":"2020-02-17T13:40:40+00:00","article_modified_time":"2020-02-17T13:40:42+00:00","og_image":[{"width":1280,"height":714,"url":"https:\/\/laprensacristiana.com\/wp-content\/uploads\/2020\/01\/2017-11-23-PHOTO-00003245-1.jpg","type":"image\/jpeg"}],"author":"EDITOR","twitter_card":"summary_large_image","twitter_misc":{"Escrito por":"EDITOR","Tiempo de lectura":"4 minutos"},"schema":{"@context":"https:\/\/schema.org","@graph":[{"@type":"WebPage","@id":"https:\/\/laprensacristiana.com\/?p=8197","url":"https:\/\/laprensacristiana.com\/?p=8197","name":"\u00bfD\u00f3nde estabas cuando te necesit\u00e9? - La Prensa Cristiana","isPartOf":{"@id":"https:\/\/laprensacristiana.com\/#website"},"datePublished":"2020-02-17T13:40:40+00:00","dateModified":"2020-02-17T13:40:42+00:00","author":{"@id":"https:\/\/laprensacristiana.com\/#\/schema\/person\/3e7d82c6bfd6b1fa67010f8f7cd5256e"},"breadcrumb":{"@id":"https:\/\/laprensacristiana.com\/?p=8197#breadcrumb"},"inLanguage":"es","potentialAction":[{"@type":"ReadAction","target":["https:\/\/laprensacristiana.com\/?p=8197"]}]},{"@type":"BreadcrumbList","@id":"https:\/\/laprensacristiana.com\/?p=8197#breadcrumb","itemListElement":[{"@type":"ListItem","position":1,"name":"Portada","item":"https:\/\/laprensacristiana.com\/"},{"@type":"ListItem","position":2,"name":"\u00bfD\u00f3nde estabas cuando te necesit\u00e9?"}]},{"@type":"WebSite","@id":"https:\/\/laprensacristiana.com\/#website","url":"https:\/\/laprensacristiana.com\/","name":"La Prensa Cristiana","description":"Anunciando Las Buenas Nuevas","potentialAction":[{"@type":"SearchAction","target":{"@type":"EntryPoint","urlTemplate":"https:\/\/laprensacristiana.com\/?s={search_term_string}"},"query-input":"required name=search_term_string"}],"inLanguage":"es"},{"@type":"Person","@id":"https:\/\/laprensacristiana.com\/#\/schema\/person\/3e7d82c6bfd6b1fa67010f8f7cd5256e","name":"EDITOR","image":{"@type":"ImageObject","inLanguage":"es","@id":"https:\/\/laprensacristiana.com\/#\/schema\/person\/image\/","url":"https:\/\/secure.gravatar.com\/avatar\/72069dfb6c13772d9e8381e3638666d2?s=96&d=mm&r=g","contentUrl":"https:\/\/secure.gravatar.com\/avatar\/72069dfb6c13772d9e8381e3638666d2?s=96&d=mm&r=g","caption":"EDITOR"},"url":"https:\/\/laprensacristiana.com\/?author=3"}]}},"_links":{"self":[{"href":"https:\/\/laprensacristiana.com\/index.php?rest_route=\/wp\/v2\/posts\/8197"}],"collection":[{"href":"https:\/\/laprensacristiana.com\/index.php?rest_route=\/wp\/v2\/posts"}],"about":[{"href":"https:\/\/laprensacristiana.com\/index.php?rest_route=\/wp\/v2\/types\/post"}],"author":[{"embeddable":true,"href":"https:\/\/laprensacristiana.com\/index.php?rest_route=\/wp\/v2\/users\/3"}],"replies":[{"embeddable":true,"href":"https:\/\/laprensacristiana.com\/index.php?rest_route=%2Fwp%2Fv2%2Fcomments&post=8197"}],"version-history":[{"count":1,"href":"https:\/\/laprensacristiana.com\/index.php?rest_route=\/wp\/v2\/posts\/8197\/revisions"}],"predecessor-version":[{"id":8198,"href":"https:\/\/laprensacristiana.com\/index.php?rest_route=\/wp\/v2\/posts\/8197\/revisions\/8198"}],"wp:featuredmedia":[{"embeddable":true,"href":"https:\/\/laprensacristiana.com\/index.php?rest_route=\/wp\/v2\/media\/7949"}],"wp:attachment":[{"href":"https:\/\/laprensacristiana.com\/index.php?rest_route=%2Fwp%2Fv2%2Fmedia&parent=8197"}],"wp:term":[{"taxonomy":"category","embeddable":true,"href":"https:\/\/laprensacristiana.com\/index.php?rest_route=%2Fwp%2Fv2%2Fcategories&post=8197"},{"taxonomy":"post_tag","embeddable":true,"href":"https:\/\/laprensacristiana.com\/index.php?rest_route=%2Fwp%2Fv2%2Ftags&post=8197"}],"curies":[{"name":"wp","href":"https:\/\/api.w.org\/{rel}","templated":true}]}}