{"id":8213,"date":"2020-02-17T15:44:30","date_gmt":"2020-02-17T15:44:30","guid":{"rendered":"https:\/\/laprensacristiana.com\/?p=8213"},"modified":"2020-02-17T15:44:33","modified_gmt":"2020-02-17T15:44:33","slug":"reos-en-fase-de-confianza-participan-del-festival-de-las-pupusas-en-el-taber","status":"publish","type":"post","link":"https:\/\/laprensacristiana.com\/?p=8213","title":{"rendered":"Reos en fase de confianza participan del festival de las pupusas en el Taber"},"content":{"rendered":"\n<p>El d\u00eda de ayer se hizo entrega de m\u00e1s de 8,000 unidades de pupusas hechas por reos en fase de confianza del programa \u00bb yo cambio\u00bb, tambi\u00e9n se hizo presente el mariachi La Esperanza perteneciente al Centro penitenciario La Esperanza.<\/p>\n\n\n\n<ul class=\"wp-block-gallery columns-1 is-cropped wp-block-gallery-1 is-layout-flex\"><li class=\"blocks-gallery-item\"><figure><img decoding=\"async\" loading=\"lazy\" width=\"1024\" height=\"682\" src=\"https:\/\/laprensacristiana.com\/wp-content\/uploads\/2020\/02\/IMG_20200216_174332-1024x682.jpg\" alt=\"\" data-id=\"8215\" data-link=\"https:\/\/laprensacristiana.com\/?attachment_id=8215\" class=\"wp-image-8215\" srcset=\"https:\/\/laprensacristiana.com\/wp-content\/uploads\/2020\/02\/IMG_20200216_174332-1024x682.jpg 1024w, https:\/\/laprensacristiana.com\/wp-content\/uploads\/2020\/02\/IMG_20200216_174332-300x200.jpg 300w, https:\/\/laprensacristiana.com\/wp-content\/uploads\/2020\/02\/IMG_20200216_174332-768x512.jpg 768w, https:\/\/laprensacristiana.com\/wp-content\/uploads\/2020\/02\/IMG_20200216_174332-696x464.jpg 696w, https:\/\/laprensacristiana.com\/wp-content\/uploads\/2020\/02\/IMG_20200216_174332-1068x712.jpg 1068w, https:\/\/laprensacristiana.com\/wp-content\/uploads\/2020\/02\/IMG_20200216_174332-630x420.jpg 630w, https:\/\/laprensacristiana.com\/wp-content\/uploads\/2020\/02\/IMG_20200216_174332-600x400.jpg 600w, https:\/\/laprensacristiana.com\/wp-content\/uploads\/2020\/02\/IMG_20200216_174332.jpg 1280w\" sizes=\"(max-width: 1024px) 100vw, 1024px\" \/><\/figure><\/li><\/ul>\n\n\n\n<p>Miles de personas que asisten a los diferentes servicios de la Iglesia Tabern\u00e1culo B\u00edblico Bautista Amigos de Israel pudieron disfrutar de uno de los platillos t\u00edpicos de El Salvador \u00ablas pupusas\u00bb de manera gratuita. <\/p>\n\n\n\n<figure class=\"wp-block-image\"><img decoding=\"async\" loading=\"lazy\" width=\"1024\" height=\"768\" src=\"https:\/\/laprensacristiana.com\/wp-content\/uploads\/2020\/02\/IMG_20200216_174311-1024x768.jpg\" alt=\"\" class=\"wp-image-8216\" srcset=\"https:\/\/laprensacristiana.com\/wp-content\/uploads\/2020\/02\/IMG_20200216_174311-1024x768.jpg 1024w, https:\/\/laprensacristiana.com\/wp-content\/uploads\/2020\/02\/IMG_20200216_174311-300x225.jpg 300w, https:\/\/laprensacristiana.com\/wp-content\/uploads\/2020\/02\/IMG_20200216_174311-768x576.jpg 768w, https:\/\/laprensacristiana.com\/wp-content\/uploads\/2020\/02\/IMG_20200216_174311-80x60.jpg 80w, https:\/\/laprensacristiana.com\/wp-content\/uploads\/2020\/02\/IMG_20200216_174311-265x198.jpg 265w, https:\/\/laprensacristiana.com\/wp-content\/uploads\/2020\/02\/IMG_20200216_174311-696x522.jpg 696w, https:\/\/laprensacristiana.com\/wp-content\/uploads\/2020\/02\/IMG_20200216_174311-1068x801.jpg 1068w, https:\/\/laprensacristiana.com\/wp-content\/uploads\/2020\/02\/IMG_20200216_174311-560x420.jpg 560w, https:\/\/laprensacristiana.com\/wp-content\/uploads\/2020\/02\/IMG_20200216_174311-600x450.jpg 600w, https:\/\/laprensacristiana.com\/wp-content\/uploads\/2020\/02\/IMG_20200216_174311.jpg 1280w\" sizes=\"(max-width: 1024px) 100vw, 1024px\" \/><\/figure>\n\n\n\n<p>Tambi\u00e9n promovieron comida gourmet, postres y t\u00edpicos, realizados por privados de libertad seg\u00fan inform\u00f3 la Direcci\u00f3n General de Centros Penales. C\u00f3mo parte del Plan Cero Ocio se comercializaron productos elaborados dentro de los penales. <\/p>\n\n\n\n<p>El pastor  Edgar L\u00f3pez Bertrand Jr, pastor general del Tabern\u00e1culo B\u00edblico Bautista Amigos de Israel ha mostrado su apoyo hacia estos programas, y est\u00e1  convencido que Dios si puede cambiar las vidas.<\/p>\n","protected":false},"excerpt":{"rendered":"<p>El d\u00eda de ayer se hizo entrega de m\u00e1s de 8,000 unidades de pupusas hechas por reos en fase de confianza del programa \u00bb yo cambio\u00bb, tambi\u00e9n se hizo presente el mariachi La Esperanza perteneciente al Centro penitenciario La Esperanza. Miles de personas que asisten a los diferentes servicios de la Iglesia Tabern\u00e1culo B\u00edblico Bautista [&hellip;]<\/p>\n","protected":false},"author":3,"featured_media":8214,"comment_status":"open","ping_status":"open","sticky":false,"template":"","format":"standard","meta":[],"categories":[56],"tags":[],"yoast_head":"<!-- This site is optimized with the Yoast SEO plugin v20.8 - https:\/\/yoast.com\/wordpress\/plugins\/seo\/ -->\n<title>Reos en fase de confianza participan del festival de las pupusas en el Taber - La Prensa Cristiana<\/title>\n<meta name=\"robots\" content=\"index, follow, max-snippet:-1, max-image-preview:large, max-video-preview:-1\" \/>\n<link rel=\"canonical\" href=\"https:\/\/laprensacristiana.com\/?p=8213\" \/>\n<meta property=\"og:locale\" content=\"es_ES\" \/>\n<meta property=\"og:type\" content=\"article\" \/>\n<meta property=\"og:title\" content=\"Reos en fase de confianza participan del festival de las pupusas en el Taber - La Prensa Cristiana\" \/>\n<meta property=\"og:description\" content=\"El d\u00eda de ayer se hizo entrega de m\u00e1s de 8,000 unidades de pupusas hechas por reos en fase de confianza del programa \u00bb yo cambio\u00bb, tambi\u00e9n se hizo presente el mariachi La Esperanza perteneciente al Centro penitenciario La Esperanza. Miles de personas que asisten a los diferentes servicios de la Iglesia Tabern\u00e1culo B\u00edblico Bautista [&hellip;]\" \/>\n<meta property=\"og:url\" content=\"https:\/\/laprensacristiana.com\/?p=8213\" \/>\n<meta property=\"og:site_name\" content=\"La Prensa Cristiana\" \/>\n<meta property=\"article:published_time\" content=\"2020-02-17T15:44:30+00:00\" \/>\n<meta property=\"article:modified_time\" content=\"2020-02-17T15:44:33+00:00\" \/>\n<meta property=\"og:image\" content=\"https:\/\/laprensacristiana.com\/wp-content\/uploads\/2020\/02\/IMG_20200216_174549.jpg\" \/>\n\t<meta property=\"og:image:width\" content=\"2048\" \/>\n\t<meta property=\"og:image:height\" content=\"1365\" \/>\n\t<meta property=\"og:image:type\" content=\"image\/jpeg\" \/>\n<meta name=\"author\" content=\"EDITOR\" \/>\n<meta name=\"twitter:card\" content=\"summary_large_image\" \/>\n<meta name=\"twitter:label1\" content=\"Escrito por\" \/>\n\t<meta name=\"twitter:data1\" content=\"EDITOR\" \/>\n\t<meta name=\"twitter:label2\" content=\"Tiempo de lectura\" \/>\n\t<meta name=\"twitter:data2\" content=\"1 minuto\" \/>\n<script type=\"application\/ld+json\" class=\"yoast-schema-graph\">{\"@context\":\"https:\/\/schema.org\",\"@graph\":[{\"@type\":\"WebPage\",\"@id\":\"https:\/\/laprensacristiana.com\/?p=8213\",\"url\":\"https:\/\/laprensacristiana.com\/?p=8213\",\"name\":\"Reos en fase de confianza participan del festival de las pupusas en el Taber - La Prensa Cristiana\",\"isPartOf\":{\"@id\":\"https:\/\/laprensacristiana.com\/#website\"},\"datePublished\":\"2020-02-17T15:44:30+00:00\",\"dateModified\":\"2020-02-17T15:44:33+00:00\",\"author\":{\"@id\":\"https:\/\/laprensacristiana.com\/#\/schema\/person\/3e7d82c6bfd6b1fa67010f8f7cd5256e\"},\"breadcrumb\":{\"@id\":\"https:\/\/laprensacristiana.com\/?p=8213#breadcrumb\"},\"inLanguage\":\"es\",\"potentialAction\":[{\"@type\":\"ReadAction\",\"target\":[\"https:\/\/laprensacristiana.com\/?p=8213\"]}]},{\"@type\":\"BreadcrumbList\",\"@id\":\"https:\/\/laprensacristiana.com\/?p=8213#breadcrumb\",\"itemListElement\":[{\"@type\":\"ListItem\",\"position\":1,\"name\":\"Portada\",\"item\":\"https:\/\/laprensacristiana.com\/\"},{\"@type\":\"ListItem\",\"position\":2,\"name\":\"Reos en fase de confianza participan del festival de las pupusas en el Taber\"}]},{\"@type\":\"WebSite\",\"@id\":\"https:\/\/laprensacristiana.com\/#website\",\"url\":\"https:\/\/laprensacristiana.com\/\",\"name\":\"La Prensa Cristiana\",\"description\":\"Anunciando Las Buenas Nuevas\",\"potentialAction\":[{\"@type\":\"SearchAction\",\"target\":{\"@type\":\"EntryPoint\",\"urlTemplate\":\"https:\/\/laprensacristiana.com\/?s={search_term_string}\"},\"query-input\":\"required name=search_term_string\"}],\"inLanguage\":\"es\"},{\"@type\":\"Person\",\"@id\":\"https:\/\/laprensacristiana.com\/#\/schema\/person\/3e7d82c6bfd6b1fa67010f8f7cd5256e\",\"name\":\"EDITOR\",\"image\":{\"@type\":\"ImageObject\",\"inLanguage\":\"es\",\"@id\":\"https:\/\/laprensacristiana.com\/#\/schema\/person\/image\/\",\"url\":\"https:\/\/secure.gravatar.com\/avatar\/72069dfb6c13772d9e8381e3638666d2?s=96&d=mm&r=g\",\"contentUrl\":\"https:\/\/secure.gravatar.com\/avatar\/72069dfb6c13772d9e8381e3638666d2?s=96&d=mm&r=g\",\"caption\":\"EDITOR\"},\"url\":\"https:\/\/laprensacristiana.com\/?author=3\"}]}<\/script>\n<!-- \/ Yoast SEO plugin. -->","yoast_head_json":{"title":"Reos en fase de confianza participan del festival de las pupusas en el Taber - La Prensa Cristiana","robots":{"index":"index","follow":"follow","max-snippet":"max-snippet:-1","max-image-preview":"max-image-preview:large","max-video-preview":"max-video-preview:-1"},"canonical":"https:\/\/laprensacristiana.com\/?p=8213","og_locale":"es_ES","og_type":"article","og_title":"Reos en fase de confianza participan del festival de las pupusas en el Taber - La Prensa Cristiana","og_description":"El d\u00eda de ayer se hizo entrega de m\u00e1s de 8,000 unidades de pupusas hechas por reos en fase de confianza del programa \u00bb yo cambio\u00bb, tambi\u00e9n se hizo presente el mariachi La Esperanza perteneciente al Centro penitenciario La Esperanza. Miles de personas que asisten a los diferentes servicios de la Iglesia Tabern\u00e1culo B\u00edblico Bautista [&hellip;]","og_url":"https:\/\/laprensacristiana.com\/?p=8213","og_site_name":"La Prensa Cristiana","article_published_time":"2020-02-17T15:44:30+00:00","article_modified_time":"2020-02-17T15:44:33+00:00","og_image":[{"width":2048,"height":1365,"url":"https:\/\/laprensacristiana.com\/wp-content\/uploads\/2020\/02\/IMG_20200216_174549.jpg","type":"image\/jpeg"}],"author":"EDITOR","twitter_card":"summary_large_image","twitter_misc":{"Escrito por":"EDITOR","Tiempo de lectura":"1 minuto"},"schema":{"@context":"https:\/\/schema.org","@graph":[{"@type":"WebPage","@id":"https:\/\/laprensacristiana.com\/?p=8213","url":"https:\/\/laprensacristiana.com\/?p=8213","name":"Reos en fase de confianza participan del festival de las pupusas en el Taber - La Prensa Cristiana","isPartOf":{"@id":"https:\/\/laprensacristiana.com\/#website"},"datePublished":"2020-02-17T15:44:30+00:00","dateModified":"2020-02-17T15:44:33+00:00","author":{"@id":"https:\/\/laprensacristiana.com\/#\/schema\/person\/3e7d82c6bfd6b1fa67010f8f7cd5256e"},"breadcrumb":{"@id":"https:\/\/laprensacristiana.com\/?p=8213#breadcrumb"},"inLanguage":"es","potentialAction":[{"@type":"ReadAction","target":["https:\/\/laprensacristiana.com\/?p=8213"]}]},{"@type":"BreadcrumbList","@id":"https:\/\/laprensacristiana.com\/?p=8213#breadcrumb","itemListElement":[{"@type":"ListItem","position":1,"name":"Portada","item":"https:\/\/laprensacristiana.com\/"},{"@type":"ListItem","position":2,"name":"Reos en fase de confianza participan del festival de las pupusas en el Taber"}]},{"@type":"WebSite","@id":"https:\/\/laprensacristiana.com\/#website","url":"https:\/\/laprensacristiana.com\/","name":"La Prensa Cristiana","description":"Anunciando Las Buenas Nuevas","potentialAction":[{"@type":"SearchAction","target":{"@type":"EntryPoint","urlTemplate":"https:\/\/laprensacristiana.com\/?s={search_term_string}"},"query-input":"required name=search_term_string"}],"inLanguage":"es"},{"@type":"Person","@id":"https:\/\/laprensacristiana.com\/#\/schema\/person\/3e7d82c6bfd6b1fa67010f8f7cd5256e","name":"EDITOR","image":{"@type":"ImageObject","inLanguage":"es","@id":"https:\/\/laprensacristiana.com\/#\/schema\/person\/image\/","url":"https:\/\/secure.gravatar.com\/avatar\/72069dfb6c13772d9e8381e3638666d2?s=96&d=mm&r=g","contentUrl":"https:\/\/secure.gravatar.com\/avatar\/72069dfb6c13772d9e8381e3638666d2?s=96&d=mm&r=g","caption":"EDITOR"},"url":"https:\/\/laprensacristiana.com\/?author=3"}]}},"_links":{"self":[{"href":"https:\/\/laprensacristiana.com\/index.php?rest_route=\/wp\/v2\/posts\/8213"}],"collection":[{"href":"https:\/\/laprensacristiana.com\/index.php?rest_route=\/wp\/v2\/posts"}],"about":[{"href":"https:\/\/laprensacristiana.com\/index.php?rest_route=\/wp\/v2\/types\/post"}],"author":[{"embeddable":true,"href":"https:\/\/laprensacristiana.com\/index.php?rest_route=\/wp\/v2\/users\/3"}],"replies":[{"embeddable":true,"href":"https:\/\/laprensacristiana.com\/index.php?rest_route=%2Fwp%2Fv2%2Fcomments&post=8213"}],"version-history":[{"count":1,"href":"https:\/\/laprensacristiana.com\/index.php?rest_route=\/wp\/v2\/posts\/8213\/revisions"}],"predecessor-version":[{"id":8217,"href":"https:\/\/laprensacristiana.com\/index.php?rest_route=\/wp\/v2\/posts\/8213\/revisions\/8217"}],"wp:featuredmedia":[{"embeddable":true,"href":"https:\/\/laprensacristiana.com\/index.php?rest_route=\/wp\/v2\/media\/8214"}],"wp:attachment":[{"href":"https:\/\/laprensacristiana.com\/index.php?rest_route=%2Fwp%2Fv2%2Fmedia&parent=8213"}],"wp:term":[{"taxonomy":"category","embeddable":true,"href":"https:\/\/laprensacristiana.com\/index.php?rest_route=%2Fwp%2Fv2%2Fcategories&post=8213"},{"taxonomy":"post_tag","embeddable":true,"href":"https:\/\/laprensacristiana.com\/index.php?rest_route=%2Fwp%2Fv2%2Ftags&post=8213"}],"curies":[{"name":"wp","href":"https:\/\/api.w.org\/{rel}","templated":true}]}}