{"id":8224,"date":"2020-02-17T23:48:37","date_gmt":"2020-02-17T23:48:37","guid":{"rendered":"https:\/\/laprensacristiana.com\/?p=8224"},"modified":"2020-02-17T23:48:40","modified_gmt":"2020-02-17T23:48:40","slug":"luis-santiago-sera-intervenido-quirurgicamente-por-un-tumor","status":"publish","type":"post","link":"https:\/\/laprensacristiana.com\/?p=8224","title":{"rendered":"Luis Santiago ser\u00e1 intervenido quir\u00fargicamente por un tumor"},"content":{"rendered":"\n<p>El reconocido salmista Luis Santiago ser\u00e1 intervenido quir\u00fargicamente el pr\u00f3ximo 27 de marzo , as\u00ed lo dijo en una reciente publicaci\u00f3n en su cuenta de Twitter.<\/p>\n\n\n\n<p>Hace varios a\u00f1os Luis Santiago ha sufrido de fuertes dolores de espalda, cabeza y debilidad en las piernas, estos \u00faltimos a\u00f1os visito especialistas.<\/p>\n\n\n\n<p>\u00abHasta el d\u00eda de hoy cada vez que me toca cantar lo hago con dolor y tratando de que la gente no se de cuenta\u2026 En ocasiones he tenido hasta que cancelar compromisos debido a esto\u00bb expres\u00f3 el cantante.<\/p>\n\n\n\n<p>En est\u00e1s  semanas fue sometido a estudios en Virtua Memorial Hospital Patrick J. Connolly dando como resultado se encontr\u00f3 un tumor en la m\u00e9dula espinal, los m\u00e9dicos deber\u00e1n remover dos de sus v\u00e9rtebras para poder tomar una biopsia antes de la cirug\u00eda.<\/p>\n\n\n\n<p>El proceso de recuperaci\u00f3n seg\u00fan su m\u00e9dico ser\u00e1 lenta, despu\u00e9s de ser intervenido si todo sale bien deber\u00e1n pasar tres meses para recibir rehabilitaci\u00f3n y as\u00ed volver a caminar, por lo que solicita sobre todo las oraciones de todos los hermanos en Cristo y est\u00e1 habilitada una cuenta en la plataforma GoFundMe por si desean ayudarlo econ\u00f3micamente, deber\u00e1 pausar su ministerio durante el tiempo que lleve su recuperaci\u00f3n y su familia necesitar\u00e1 mucho apoyo.<\/p>\n\n\n\n<p>Igualmente el cantante comparti\u00f3 otras formas de ayuda:<\/p>\n\n\n\n<p>ATH m\u00f3vil 787.308.6812<br>\nPaypal: Lsantgo@gmail.com  https:\/\/t.co\/IbEoL2omj7<\/p>\n","protected":false},"excerpt":{"rendered":"<p>El reconocido salmista Luis Santiago ser\u00e1 intervenido quir\u00fargicamente el pr\u00f3ximo 27 de marzo , as\u00ed lo dijo en una reciente publicaci\u00f3n en su cuenta de Twitter. Hace varios a\u00f1os Luis Santiago ha sufrido de fuertes dolores de espalda, cabeza y debilidad en las piernas, estos \u00faltimos a\u00f1os visito especialistas. \u00abHasta el d\u00eda de hoy cada [&hellip;]<\/p>\n","protected":false},"author":3,"featured_media":8225,"comment_status":"open","ping_status":"open","sticky":false,"template":"","format":"standard","meta":[],"categories":[56],"tags":[],"yoast_head":"<!-- This site is optimized with the Yoast SEO plugin v20.8 - https:\/\/yoast.com\/wordpress\/plugins\/seo\/ -->\n<title>Luis Santiago ser\u00e1 intervenido quir\u00fargicamente por un tumor - La Prensa Cristiana<\/title>\n<meta name=\"robots\" content=\"index, follow, max-snippet:-1, max-image-preview:large, max-video-preview:-1\" \/>\n<link rel=\"canonical\" href=\"https:\/\/laprensacristiana.com\/?p=8224\" \/>\n<meta property=\"og:locale\" content=\"es_ES\" \/>\n<meta property=\"og:type\" content=\"article\" \/>\n<meta property=\"og:title\" content=\"Luis Santiago ser\u00e1 intervenido quir\u00fargicamente por un tumor - La Prensa Cristiana\" \/>\n<meta property=\"og:description\" content=\"El reconocido salmista Luis Santiago ser\u00e1 intervenido quir\u00fargicamente el pr\u00f3ximo 27 de marzo , as\u00ed lo dijo en una reciente publicaci\u00f3n en su cuenta de Twitter. Hace varios a\u00f1os Luis Santiago ha sufrido de fuertes dolores de espalda, cabeza y debilidad en las piernas, estos \u00faltimos a\u00f1os visito especialistas. \u00abHasta el d\u00eda de hoy cada [&hellip;]\" \/>\n<meta property=\"og:url\" content=\"https:\/\/laprensacristiana.com\/?p=8224\" \/>\n<meta property=\"og:site_name\" content=\"La Prensa Cristiana\" \/>\n<meta property=\"article:published_time\" content=\"2020-02-17T23:48:37+00:00\" \/>\n<meta property=\"article:modified_time\" content=\"2020-02-17T23:48:40+00:00\" \/>\n<meta property=\"og:image\" content=\"https:\/\/laprensacristiana.com\/wp-content\/uploads\/2020\/02\/45451028_1581553491758667_r.jpeg\" \/>\n\t<meta property=\"og:image:width\" content=\"1200\" \/>\n\t<meta property=\"og:image:height\" content=\"800\" \/>\n\t<meta property=\"og:image:type\" content=\"image\/jpeg\" \/>\n<meta name=\"author\" content=\"EDITOR\" \/>\n<meta name=\"twitter:card\" content=\"summary_large_image\" \/>\n<meta name=\"twitter:label1\" content=\"Escrito por\" \/>\n\t<meta name=\"twitter:data1\" content=\"EDITOR\" \/>\n\t<meta name=\"twitter:label2\" content=\"Tiempo de lectura\" \/>\n\t<meta name=\"twitter:data2\" content=\"1 minuto\" \/>\n<script type=\"application\/ld+json\" class=\"yoast-schema-graph\">{\"@context\":\"https:\/\/schema.org\",\"@graph\":[{\"@type\":\"WebPage\",\"@id\":\"https:\/\/laprensacristiana.com\/?p=8224\",\"url\":\"https:\/\/laprensacristiana.com\/?p=8224\",\"name\":\"Luis Santiago ser\u00e1 intervenido quir\u00fargicamente por un tumor - La Prensa Cristiana\",\"isPartOf\":{\"@id\":\"https:\/\/laprensacristiana.com\/#website\"},\"datePublished\":\"2020-02-17T23:48:37+00:00\",\"dateModified\":\"2020-02-17T23:48:40+00:00\",\"author\":{\"@id\":\"https:\/\/laprensacristiana.com\/#\/schema\/person\/3e7d82c6bfd6b1fa67010f8f7cd5256e\"},\"breadcrumb\":{\"@id\":\"https:\/\/laprensacristiana.com\/?p=8224#breadcrumb\"},\"inLanguage\":\"es\",\"potentialAction\":[{\"@type\":\"ReadAction\",\"target\":[\"https:\/\/laprensacristiana.com\/?p=8224\"]}]},{\"@type\":\"BreadcrumbList\",\"@id\":\"https:\/\/laprensacristiana.com\/?p=8224#breadcrumb\",\"itemListElement\":[{\"@type\":\"ListItem\",\"position\":1,\"name\":\"Portada\",\"item\":\"https:\/\/laprensacristiana.com\/\"},{\"@type\":\"ListItem\",\"position\":2,\"name\":\"Luis Santiago ser\u00e1 intervenido quir\u00fargicamente por un tumor\"}]},{\"@type\":\"WebSite\",\"@id\":\"https:\/\/laprensacristiana.com\/#website\",\"url\":\"https:\/\/laprensacristiana.com\/\",\"name\":\"La Prensa Cristiana\",\"description\":\"Anunciando Las Buenas Nuevas\",\"potentialAction\":[{\"@type\":\"SearchAction\",\"target\":{\"@type\":\"EntryPoint\",\"urlTemplate\":\"https:\/\/laprensacristiana.com\/?s={search_term_string}\"},\"query-input\":\"required name=search_term_string\"}],\"inLanguage\":\"es\"},{\"@type\":\"Person\",\"@id\":\"https:\/\/laprensacristiana.com\/#\/schema\/person\/3e7d82c6bfd6b1fa67010f8f7cd5256e\",\"name\":\"EDITOR\",\"image\":{\"@type\":\"ImageObject\",\"inLanguage\":\"es\",\"@id\":\"https:\/\/laprensacristiana.com\/#\/schema\/person\/image\/\",\"url\":\"https:\/\/secure.gravatar.com\/avatar\/72069dfb6c13772d9e8381e3638666d2?s=96&d=mm&r=g\",\"contentUrl\":\"https:\/\/secure.gravatar.com\/avatar\/72069dfb6c13772d9e8381e3638666d2?s=96&d=mm&r=g\",\"caption\":\"EDITOR\"},\"url\":\"https:\/\/laprensacristiana.com\/?author=3\"}]}<\/script>\n<!-- \/ Yoast SEO plugin. -->","yoast_head_json":{"title":"Luis Santiago ser\u00e1 intervenido quir\u00fargicamente por un tumor - La Prensa Cristiana","robots":{"index":"index","follow":"follow","max-snippet":"max-snippet:-1","max-image-preview":"max-image-preview:large","max-video-preview":"max-video-preview:-1"},"canonical":"https:\/\/laprensacristiana.com\/?p=8224","og_locale":"es_ES","og_type":"article","og_title":"Luis Santiago ser\u00e1 intervenido quir\u00fargicamente por un tumor - La Prensa Cristiana","og_description":"El reconocido salmista Luis Santiago ser\u00e1 intervenido quir\u00fargicamente el pr\u00f3ximo 27 de marzo , as\u00ed lo dijo en una reciente publicaci\u00f3n en su cuenta de Twitter. Hace varios a\u00f1os Luis Santiago ha sufrido de fuertes dolores de espalda, cabeza y debilidad en las piernas, estos \u00faltimos a\u00f1os visito especialistas. \u00abHasta el d\u00eda de hoy cada [&hellip;]","og_url":"https:\/\/laprensacristiana.com\/?p=8224","og_site_name":"La Prensa Cristiana","article_published_time":"2020-02-17T23:48:37+00:00","article_modified_time":"2020-02-17T23:48:40+00:00","og_image":[{"width":1200,"height":800,"url":"https:\/\/laprensacristiana.com\/wp-content\/uploads\/2020\/02\/45451028_1581553491758667_r.jpeg","type":"image\/jpeg"}],"author":"EDITOR","twitter_card":"summary_large_image","twitter_misc":{"Escrito por":"EDITOR","Tiempo de lectura":"1 minuto"},"schema":{"@context":"https:\/\/schema.org","@graph":[{"@type":"WebPage","@id":"https:\/\/laprensacristiana.com\/?p=8224","url":"https:\/\/laprensacristiana.com\/?p=8224","name":"Luis Santiago ser\u00e1 intervenido quir\u00fargicamente por un tumor - La Prensa Cristiana","isPartOf":{"@id":"https:\/\/laprensacristiana.com\/#website"},"datePublished":"2020-02-17T23:48:37+00:00","dateModified":"2020-02-17T23:48:40+00:00","author":{"@id":"https:\/\/laprensacristiana.com\/#\/schema\/person\/3e7d82c6bfd6b1fa67010f8f7cd5256e"},"breadcrumb":{"@id":"https:\/\/laprensacristiana.com\/?p=8224#breadcrumb"},"inLanguage":"es","potentialAction":[{"@type":"ReadAction","target":["https:\/\/laprensacristiana.com\/?p=8224"]}]},{"@type":"BreadcrumbList","@id":"https:\/\/laprensacristiana.com\/?p=8224#breadcrumb","itemListElement":[{"@type":"ListItem","position":1,"name":"Portada","item":"https:\/\/laprensacristiana.com\/"},{"@type":"ListItem","position":2,"name":"Luis Santiago ser\u00e1 intervenido quir\u00fargicamente por un tumor"}]},{"@type":"WebSite","@id":"https:\/\/laprensacristiana.com\/#website","url":"https:\/\/laprensacristiana.com\/","name":"La Prensa Cristiana","description":"Anunciando Las Buenas Nuevas","potentialAction":[{"@type":"SearchAction","target":{"@type":"EntryPoint","urlTemplate":"https:\/\/laprensacristiana.com\/?s={search_term_string}"},"query-input":"required name=search_term_string"}],"inLanguage":"es"},{"@type":"Person","@id":"https:\/\/laprensacristiana.com\/#\/schema\/person\/3e7d82c6bfd6b1fa67010f8f7cd5256e","name":"EDITOR","image":{"@type":"ImageObject","inLanguage":"es","@id":"https:\/\/laprensacristiana.com\/#\/schema\/person\/image\/","url":"https:\/\/secure.gravatar.com\/avatar\/72069dfb6c13772d9e8381e3638666d2?s=96&d=mm&r=g","contentUrl":"https:\/\/secure.gravatar.com\/avatar\/72069dfb6c13772d9e8381e3638666d2?s=96&d=mm&r=g","caption":"EDITOR"},"url":"https:\/\/laprensacristiana.com\/?author=3"}]}},"_links":{"self":[{"href":"https:\/\/laprensacristiana.com\/index.php?rest_route=\/wp\/v2\/posts\/8224"}],"collection":[{"href":"https:\/\/laprensacristiana.com\/index.php?rest_route=\/wp\/v2\/posts"}],"about":[{"href":"https:\/\/laprensacristiana.com\/index.php?rest_route=\/wp\/v2\/types\/post"}],"author":[{"embeddable":true,"href":"https:\/\/laprensacristiana.com\/index.php?rest_route=\/wp\/v2\/users\/3"}],"replies":[{"embeddable":true,"href":"https:\/\/laprensacristiana.com\/index.php?rest_route=%2Fwp%2Fv2%2Fcomments&post=8224"}],"version-history":[{"count":1,"href":"https:\/\/laprensacristiana.com\/index.php?rest_route=\/wp\/v2\/posts\/8224\/revisions"}],"predecessor-version":[{"id":8226,"href":"https:\/\/laprensacristiana.com\/index.php?rest_route=\/wp\/v2\/posts\/8224\/revisions\/8226"}],"wp:featuredmedia":[{"embeddable":true,"href":"https:\/\/laprensacristiana.com\/index.php?rest_route=\/wp\/v2\/media\/8225"}],"wp:attachment":[{"href":"https:\/\/laprensacristiana.com\/index.php?rest_route=%2Fwp%2Fv2%2Fmedia&parent=8224"}],"wp:term":[{"taxonomy":"category","embeddable":true,"href":"https:\/\/laprensacristiana.com\/index.php?rest_route=%2Fwp%2Fv2%2Fcategories&post=8224"},{"taxonomy":"post_tag","embeddable":true,"href":"https:\/\/laprensacristiana.com\/index.php?rest_route=%2Fwp%2Fv2%2Ftags&post=8224"}],"curies":[{"name":"wp","href":"https:\/\/api.w.org\/{rel}","templated":true}]}}