{"id":8227,"date":"2020-02-18T16:22:17","date_gmt":"2020-02-18T16:22:17","guid":{"rendered":"https:\/\/laprensacristiana.com\/?p=8227"},"modified":"2020-02-18T16:22:21","modified_gmt":"2020-02-18T16:22:21","slug":"la-buena-voluntad-del-senor","status":"publish","type":"post","link":"https:\/\/laprensacristiana.com\/?p=8227","title":{"rendered":"La buena voluntad del Se\u00f1or"},"content":{"rendered":"\n<p>En el libro del Genesis cap\u00edtulo 12 y vers\u00edculos del 1 al 3, nos encontramos con el llamado que DIOS le hizo a Abram, invit\u00e1ndole a salir de la tierra donde hab\u00eda vivido por much\u00edsimos a\u00f1os, para llevarlo a una nueva tierra que Abram no conoc\u00eda, pero que era sumamente conocida por DIOS. <br> A la invitaci\u00f3n hecha por DIOS a  Abram, el Se\u00f1or agreg\u00f3 EST\u00c1 PODEROSA PROMESA: \u201cHARE DE TI UNA NACION GRANDE, Y TE BENDECIRE, Y ENGRANDECERE TU NOMBRE, Y SERAS BENDICION.  BENDECIRE A LOS QUE TE BENDIJEREN, Y A LOS QUE TE MALDIJEREN MALDECIRE; Y SERAN BENDITAS EN TI TODAS LAS FAMILIAS DE LA TIERRA.\u201d<br> Mi querido hermano(a), las veces que en esta Promesa, el Se\u00f1or Jehov\u00e1 pronuncia la palabra \u201cBENDECIR\u201d son bastantes. Personalmente me da mucha alegr\u00eda apreciar en la misma, LA BUENA VOLUNTAD DEL SE\u00d1OR para este hombre y su descendencia. \u00bfMe pregunto? En el Nuevo Pacto, que la Biblia asegura que es mejor que el Antiguo Pacto, \u00bfHabr\u00e1m promesas de bendici\u00f3n para nosotros tan grandes como los dadas a Abram? La respuesta es: SI LAS HAY.<br> En mis 38 a\u00f1os de Pastorado, con responsabilidad y seriedad, he tratado de encontrar la respuesta del  porque nosotros,  EL NUEVO PUEBLO DE DIOS, no gozamos de mas bendiciones de DIOS en nuestra vida. Lo que he encontrado es lo siguiente:<br> 1.- Desconocemos las Promesas de DIOS. Estudiamos poco las Sagradas Escrituras.<br> 2.- Conociendo las Promesas, no creemos en ellas.<br> 3.- No cumplimos los requisitos que DIOS pide, para que la Promesa se vuelva realidad. Dios le pidi\u00f3 a Abram salir de UR y dejar su parentela.   ABRAM sali\u00f3 de UR y dejo su parentela, es decir, cumpli\u00f3 el requisito. <br> Jesucristo   nos ha dado grandes Bendiciones y Promesas, como por ejemplo en Juan 10:10 dice: \u201cYO HE VENIDO PARA QUE TENGAN VIDA, Y PARA QUE LA TENGAN EN ABUNDANCIA\u201d.<br> Pablo escribi\u00f3 en G\u00e1latas 3:29: \u201cSI VOSOSTROS SOIS DE CRISTO, CIERTAMENTE LINAJE DE ABRAHAM SOIS, Y HEREDEROS SEG\u00daN LA PROMESA.\u201d<br> En la tercera Ep\u00edstola de Juan vers\u00edculo 2 se nos dice: \u201cAMADO, YO DESEO QUE TU SEAS PROSPERADO EN TODAS LAS COSAS, Y QUE TENGAS SALUD, ASI COMO PROSPERA TU ALMA.\u201d<br> Estimado hermano (a), hay muchas m\u00e1s Promesas que no mencionar\u00e9 por lo corto de esta reflexi\u00f3n, pero que usted puede buscar en la Biblia, para su GOZO Y BENDICION. <br> \u00bfSer\u00eda usted capaz de creer en esas Promesas, y cumplir los requisitos que DIOS le pida? HE AH\u00cd  EL  SECRETO.      BENDICIONES.<\/p>\n\n\n\n<p>PASTOR MAURICIO NAVAS GUZMAN<\/p>\n","protected":false},"excerpt":{"rendered":"<p>En el libro del Genesis cap\u00edtulo 12 y vers\u00edculos del 1 al 3, nos encontramos con el llamado que DIOS le hizo a Abram, invit\u00e1ndole a salir de la tierra donde hab\u00eda vivido por much\u00edsimos a\u00f1os, para llevarlo a una nueva tierra que Abram no conoc\u00eda, pero que era sumamente conocida por DIOS. A la [&hellip;]<\/p>\n","protected":false},"author":3,"featured_media":7594,"comment_status":"open","ping_status":"open","sticky":false,"template":"","format":"standard","meta":[],"categories":[36],"tags":[],"yoast_head":"<!-- This site is optimized with the Yoast SEO plugin v20.8 - https:\/\/yoast.com\/wordpress\/plugins\/seo\/ -->\n<title>La buena voluntad del Se\u00f1or - La Prensa Cristiana<\/title>\n<meta name=\"robots\" content=\"index, follow, max-snippet:-1, max-image-preview:large, max-video-preview:-1\" \/>\n<link rel=\"canonical\" href=\"https:\/\/laprensacristiana.com\/?p=8227\" \/>\n<meta property=\"og:locale\" content=\"es_ES\" \/>\n<meta property=\"og:type\" content=\"article\" \/>\n<meta property=\"og:title\" content=\"La buena voluntad del Se\u00f1or - La Prensa Cristiana\" \/>\n<meta property=\"og:description\" content=\"En el libro del Genesis cap\u00edtulo 12 y vers\u00edculos del 1 al 3, nos encontramos con el llamado que DIOS le hizo a Abram, invit\u00e1ndole a salir de la tierra donde hab\u00eda vivido por much\u00edsimos a\u00f1os, para llevarlo a una nueva tierra que Abram no conoc\u00eda, pero que era sumamente conocida por DIOS. A la [&hellip;]\" \/>\n<meta property=\"og:url\" content=\"https:\/\/laprensacristiana.com\/?p=8227\" \/>\n<meta property=\"og:site_name\" content=\"La Prensa Cristiana\" \/>\n<meta property=\"article:published_time\" content=\"2020-02-18T16:22:17+00:00\" \/>\n<meta property=\"article:modified_time\" content=\"2020-02-18T16:22:21+00:00\" \/>\n<meta property=\"og:image\" content=\"https:\/\/laprensacristiana.com\/wp-content\/uploads\/2020\/01\/reflexion.jpg\" \/>\n\t<meta property=\"og:image:width\" content=\"1369\" \/>\n\t<meta property=\"og:image:height\" content=\"693\" \/>\n\t<meta property=\"og:image:type\" content=\"image\/jpeg\" \/>\n<meta name=\"author\" content=\"EDITOR\" \/>\n<meta name=\"twitter:card\" content=\"summary_large_image\" \/>\n<meta name=\"twitter:label1\" content=\"Escrito por\" \/>\n\t<meta name=\"twitter:data1\" content=\"EDITOR\" \/>\n\t<meta name=\"twitter:label2\" content=\"Tiempo de lectura\" \/>\n\t<meta name=\"twitter:data2\" content=\"2 minutos\" \/>\n<script type=\"application\/ld+json\" class=\"yoast-schema-graph\">{\"@context\":\"https:\/\/schema.org\",\"@graph\":[{\"@type\":\"WebPage\",\"@id\":\"https:\/\/laprensacristiana.com\/?p=8227\",\"url\":\"https:\/\/laprensacristiana.com\/?p=8227\",\"name\":\"La buena voluntad del Se\u00f1or - La Prensa Cristiana\",\"isPartOf\":{\"@id\":\"https:\/\/laprensacristiana.com\/#website\"},\"datePublished\":\"2020-02-18T16:22:17+00:00\",\"dateModified\":\"2020-02-18T16:22:21+00:00\",\"author\":{\"@id\":\"https:\/\/laprensacristiana.com\/#\/schema\/person\/3e7d82c6bfd6b1fa67010f8f7cd5256e\"},\"breadcrumb\":{\"@id\":\"https:\/\/laprensacristiana.com\/?p=8227#breadcrumb\"},\"inLanguage\":\"es\",\"potentialAction\":[{\"@type\":\"ReadAction\",\"target\":[\"https:\/\/laprensacristiana.com\/?p=8227\"]}]},{\"@type\":\"BreadcrumbList\",\"@id\":\"https:\/\/laprensacristiana.com\/?p=8227#breadcrumb\",\"itemListElement\":[{\"@type\":\"ListItem\",\"position\":1,\"name\":\"Portada\",\"item\":\"https:\/\/laprensacristiana.com\/\"},{\"@type\":\"ListItem\",\"position\":2,\"name\":\"La buena voluntad del Se\u00f1or\"}]},{\"@type\":\"WebSite\",\"@id\":\"https:\/\/laprensacristiana.com\/#website\",\"url\":\"https:\/\/laprensacristiana.com\/\",\"name\":\"La Prensa Cristiana\",\"description\":\"Anunciando Las Buenas Nuevas\",\"potentialAction\":[{\"@type\":\"SearchAction\",\"target\":{\"@type\":\"EntryPoint\",\"urlTemplate\":\"https:\/\/laprensacristiana.com\/?s={search_term_string}\"},\"query-input\":\"required name=search_term_string\"}],\"inLanguage\":\"es\"},{\"@type\":\"Person\",\"@id\":\"https:\/\/laprensacristiana.com\/#\/schema\/person\/3e7d82c6bfd6b1fa67010f8f7cd5256e\",\"name\":\"EDITOR\",\"image\":{\"@type\":\"ImageObject\",\"inLanguage\":\"es\",\"@id\":\"https:\/\/laprensacristiana.com\/#\/schema\/person\/image\/\",\"url\":\"https:\/\/secure.gravatar.com\/avatar\/72069dfb6c13772d9e8381e3638666d2?s=96&d=mm&r=g\",\"contentUrl\":\"https:\/\/secure.gravatar.com\/avatar\/72069dfb6c13772d9e8381e3638666d2?s=96&d=mm&r=g\",\"caption\":\"EDITOR\"},\"url\":\"https:\/\/laprensacristiana.com\/?author=3\"}]}<\/script>\n<!-- \/ Yoast SEO plugin. -->","yoast_head_json":{"title":"La buena voluntad del Se\u00f1or - La Prensa Cristiana","robots":{"index":"index","follow":"follow","max-snippet":"max-snippet:-1","max-image-preview":"max-image-preview:large","max-video-preview":"max-video-preview:-1"},"canonical":"https:\/\/laprensacristiana.com\/?p=8227","og_locale":"es_ES","og_type":"article","og_title":"La buena voluntad del Se\u00f1or - La Prensa Cristiana","og_description":"En el libro del Genesis cap\u00edtulo 12 y vers\u00edculos del 1 al 3, nos encontramos con el llamado que DIOS le hizo a Abram, invit\u00e1ndole a salir de la tierra donde hab\u00eda vivido por much\u00edsimos a\u00f1os, para llevarlo a una nueva tierra que Abram no conoc\u00eda, pero que era sumamente conocida por DIOS. A la [&hellip;]","og_url":"https:\/\/laprensacristiana.com\/?p=8227","og_site_name":"La Prensa Cristiana","article_published_time":"2020-02-18T16:22:17+00:00","article_modified_time":"2020-02-18T16:22:21+00:00","og_image":[{"width":1369,"height":693,"url":"https:\/\/laprensacristiana.com\/wp-content\/uploads\/2020\/01\/reflexion.jpg","type":"image\/jpeg"}],"author":"EDITOR","twitter_card":"summary_large_image","twitter_misc":{"Escrito por":"EDITOR","Tiempo de lectura":"2 minutos"},"schema":{"@context":"https:\/\/schema.org","@graph":[{"@type":"WebPage","@id":"https:\/\/laprensacristiana.com\/?p=8227","url":"https:\/\/laprensacristiana.com\/?p=8227","name":"La buena voluntad del Se\u00f1or - La Prensa Cristiana","isPartOf":{"@id":"https:\/\/laprensacristiana.com\/#website"},"datePublished":"2020-02-18T16:22:17+00:00","dateModified":"2020-02-18T16:22:21+00:00","author":{"@id":"https:\/\/laprensacristiana.com\/#\/schema\/person\/3e7d82c6bfd6b1fa67010f8f7cd5256e"},"breadcrumb":{"@id":"https:\/\/laprensacristiana.com\/?p=8227#breadcrumb"},"inLanguage":"es","potentialAction":[{"@type":"ReadAction","target":["https:\/\/laprensacristiana.com\/?p=8227"]}]},{"@type":"BreadcrumbList","@id":"https:\/\/laprensacristiana.com\/?p=8227#breadcrumb","itemListElement":[{"@type":"ListItem","position":1,"name":"Portada","item":"https:\/\/laprensacristiana.com\/"},{"@type":"ListItem","position":2,"name":"La buena voluntad del Se\u00f1or"}]},{"@type":"WebSite","@id":"https:\/\/laprensacristiana.com\/#website","url":"https:\/\/laprensacristiana.com\/","name":"La Prensa Cristiana","description":"Anunciando Las Buenas Nuevas","potentialAction":[{"@type":"SearchAction","target":{"@type":"EntryPoint","urlTemplate":"https:\/\/laprensacristiana.com\/?s={search_term_string}"},"query-input":"required name=search_term_string"}],"inLanguage":"es"},{"@type":"Person","@id":"https:\/\/laprensacristiana.com\/#\/schema\/person\/3e7d82c6bfd6b1fa67010f8f7cd5256e","name":"EDITOR","image":{"@type":"ImageObject","inLanguage":"es","@id":"https:\/\/laprensacristiana.com\/#\/schema\/person\/image\/","url":"https:\/\/secure.gravatar.com\/avatar\/72069dfb6c13772d9e8381e3638666d2?s=96&d=mm&r=g","contentUrl":"https:\/\/secure.gravatar.com\/avatar\/72069dfb6c13772d9e8381e3638666d2?s=96&d=mm&r=g","caption":"EDITOR"},"url":"https:\/\/laprensacristiana.com\/?author=3"}]}},"_links":{"self":[{"href":"https:\/\/laprensacristiana.com\/index.php?rest_route=\/wp\/v2\/posts\/8227"}],"collection":[{"href":"https:\/\/laprensacristiana.com\/index.php?rest_route=\/wp\/v2\/posts"}],"about":[{"href":"https:\/\/laprensacristiana.com\/index.php?rest_route=\/wp\/v2\/types\/post"}],"author":[{"embeddable":true,"href":"https:\/\/laprensacristiana.com\/index.php?rest_route=\/wp\/v2\/users\/3"}],"replies":[{"embeddable":true,"href":"https:\/\/laprensacristiana.com\/index.php?rest_route=%2Fwp%2Fv2%2Fcomments&post=8227"}],"version-history":[{"count":1,"href":"https:\/\/laprensacristiana.com\/index.php?rest_route=\/wp\/v2\/posts\/8227\/revisions"}],"predecessor-version":[{"id":8228,"href":"https:\/\/laprensacristiana.com\/index.php?rest_route=\/wp\/v2\/posts\/8227\/revisions\/8228"}],"wp:featuredmedia":[{"embeddable":true,"href":"https:\/\/laprensacristiana.com\/index.php?rest_route=\/wp\/v2\/media\/7594"}],"wp:attachment":[{"href":"https:\/\/laprensacristiana.com\/index.php?rest_route=%2Fwp%2Fv2%2Fmedia&parent=8227"}],"wp:term":[{"taxonomy":"category","embeddable":true,"href":"https:\/\/laprensacristiana.com\/index.php?rest_route=%2Fwp%2Fv2%2Fcategories&post=8227"},{"taxonomy":"post_tag","embeddable":true,"href":"https:\/\/laprensacristiana.com\/index.php?rest_route=%2Fwp%2Fv2%2Ftags&post=8227"}],"curies":[{"name":"wp","href":"https:\/\/api.w.org\/{rel}","templated":true}]}}