{"id":8230,"date":"2020-02-18T17:29:39","date_gmt":"2020-02-18T17:29:39","guid":{"rendered":"https:\/\/laprensacristiana.com\/?p=8230"},"modified":"2020-02-18T17:59:52","modified_gmt":"2020-02-18T17:59:52","slug":"lanzan-produccion-musical-elim-adorando","status":"publish","type":"post","link":"https:\/\/laprensacristiana.com\/?p=8230","title":{"rendered":"Lanzan producci\u00f3n musical \u00abElim adorando\u00bb"},"content":{"rendered":"\n<p>Es un disco de adoraci\u00f3n con cantos congregacionales con los que la iglesia naci\u00f3, consta de temas como \u201cCristo est\u00e1 aqu\u00ed\u201d, un medley de coritos de \u201cLa Bienvenida\u201d, \u201cEl nombre de Jes\u00fas\u201d, \u201cManos redentoras\u201d, \u201cAl llegar a este lugar\u201d, \u201cDios est\u00e1 aqu\u00ed\u201d y \u201cYo s\u00e9 que estas aqu\u00ed\u201d. <br> Rese\u00f1a Historia de la Adoraci\u00f3n en Misi\u00f3n Cristiana Elim <br> \u201cAll\u00e1 por los a\u00f1os 90 se produjo una revoluci\u00f3n en el mundo de la alabanza evang\u00e9lica, a partir del surgimiento de ministerios como Miguel Casina, Danilo Montero, Marcos Witt, Marco Barrientos y otros que en el campo latinoamericano impusieron lo que se conoce como la alabanza y adoraci\u00f3n, pero antes que esa revoluci\u00f3n en la alabanza sucediera, unos a\u00f1os antes en la d\u00e9cada de los 70 hab\u00eda nacido en El Salvador la iglesia Elim, y desde su nacimiento la iglesia era caracterizada por una congregaci\u00f3n verdaderamente apasionada, recuerdo que mi primera visita a Elim ocurri\u00f3 en el mes de septiembre de 1977, es decir a unos pocos meses de haber sido inaugurada la iglesia, y aunque yo ya ten\u00eda un poco m\u00e1s de 2 a\u00f1os de ser cristianos, lo que me impact\u00f3 en un primer momento fue la adoraci\u00f3n, fue la manera en que la gente cantaba al Se\u00f1or, las personas lloraban, se quebrantaban, levantaban sus manos, era una concentraci\u00f3n absoluta en esa adoraci\u00f3n al Se\u00f1or, tanto la parte de la alabanza, como la parte de la adoraci\u00f3n, luego venia el tema de los dones del Esp\u00edritu Santo como un resultado de esa adoraci\u00f3n que se hab\u00eda rendido, desde esos primeros meses fue una caracter\u00edstica de Elim esa entrega, esa adoraci\u00f3n, aunque muchos de los cantos que se entonaban eran cantos de los llamados cl\u00e1sicos de himnarios pero que tambi\u00e9n se cantaban con todo el coraz\u00f3n, con toda la pasi\u00f3n, en la medida que la iglesia fue creciendo m\u00e1s y m\u00e1s personas se fueron sumando a este esfuerzo de adorar al Se\u00f1or con una entrega absoluta, a hacerlo con verdadera pasi\u00f3n, as\u00ed es como algunos cantos comenzaron a ser muy conocidos, de tal manera que quedaron permanentemente grabados en la mente de los miembros de Elim, y esos cantos son los que ahora han sido recopilados en esta producci\u00f3n y que usted puede tenerlos accesibles ahora a trav\u00e9s del Dvd o a trav\u00e9s del Cd, es compartir con usted la experiencia que ha sido la nota constante de la Iglesia Elim en los \u00faltimos 42 a\u00f1os\u201d expres\u00f3 el pastor Mario Vega, pastor general de Misi\u00f3n Cristiana Elim. <br> Los m\u00fasicos que forman parte del disco Elim adorando es una selecci\u00f3n de varios hermanos de los grupos de Iglesia Elim, que son 11 grupos, el coordinador y productor de este disco Elias Cornejo fue el encargado de realizar una selecci\u00f3n y capacitaci\u00f3n de algunos para formar parte de este nuevo proyecto. Tambi\u00e9n cuenta con invitados como Carlos Luna (anciano de la iglesia) participando con \u201cManos Redentoras\u201d, mientras que en las alabanzas \u201cYo s\u00e9 que est\u00e1s aqu\u00ed\u201d y \u201cDios est\u00e1 aqu\u00ed\u201d participa la salmista Anny V\u00e1squez, en las voces participa el pastor Roberto Santos que es parte del distrito 7, Rafael Alas, en conjunto con V\u00edctor Hern\u00e1ndez. <\/p>\n\n\n\n<p>\u201cEste disco es una herramienta para todos los m\u00fasicos, para todas las iglesias que hoy en d\u00eda las nuevas generaciones de nuevos creyentes o de j\u00f3venes que nunca han escuchado estos cantos de adoraci\u00f3n, como dice nuestro pastor Mario Vega solamente estaban en la mente del pueblo pero no as\u00ed grabados en un Cd, ahora tenemos la oportunidad de tenerlos en un Cd y en un Dvd porque se grab\u00f3 en vivo desde la iglesia\u201d acot\u00f3 V\u00edctor Hern\u00e1ndez salmista y vocalista de Roca Eterna. <br>\nEl disco rescat\u00f3 esos momentos de adoraci\u00f3n que vive iglesia Elim, seg\u00fan sus expresiones es algo que siempre les ha caracterizado. Est\u00e1 disponible en todas las plataformas digitales, fue grabado por Roberto \u00abTito\u00bb Mart\u00ednez, masterizado en Estados Unidos, producido por El\u00edas Cornejo, la producci\u00f3n ejecutiva a cargo de Misi\u00f3n Cristiana Elim y los arreglos musicales estuvieron a cargo de Iv\u00e1n G\u00f3mez (El Chileno), El\u00edas Cornejo, Tito Mart\u00ednez y Alex Sori.<br>\n\u00abEs una bendici\u00f3n poder mostrar la forma de adoraci\u00f3n y alabanza que nuestra iglesia ha tenido por m\u00e1s de 40 a\u00f1os y que las nuevas generaciones no pierdan ese deseo de sentir la presencia de Dios por medio de la ministraci\u00f3n de el Esp\u00edritu Santo. En lo personal agradecido con Dios y con El\u00edas Cornejo por tomarme en cuenta\u00bb concluy\u00f3 el pastor Roberto Santos.<br>\nEl cantante salvadore\u00f1o Victor Hernandez Agradeci\u00f3 a CCRTV, a radio Restauraci\u00f3n y a Adonaldo Arias quien fue el productor del DVD, al pastor general de Misi\u00f3n Cristiana Elim Mario Vega por todo su apoyo, a El\u00edas Cornejo  por estar al frente de esta producci\u00f3n desde el principio hasta el fin coordinando el disco.<br>\nSi desea obtener una copia de esta grabaci\u00f3n puede obtenerlo en Librer\u00eda Elim o  llamar al (503) 2294-0631 \/ 2294-0632 o al (503) 7015-9784, en facebook como Elim Adorando o al correo elimadorando@elim.org.sv<\/p>\n\n\n\n<figure class=\"wp-block-image\"><img decoding=\"async\" loading=\"lazy\" width=\"564\" height=\"613\" src=\"https:\/\/laprensacristiana.com\/wp-content\/uploads\/2020\/02\/SAVE_20200218_112654.jpg\" alt=\"\" class=\"wp-image-8232\" srcset=\"https:\/\/laprensacristiana.com\/wp-content\/uploads\/2020\/02\/SAVE_20200218_112654.jpg 564w, https:\/\/laprensacristiana.com\/wp-content\/uploads\/2020\/02\/SAVE_20200218_112654-276x300.jpg 276w, https:\/\/laprensacristiana.com\/wp-content\/uploads\/2020\/02\/SAVE_20200218_112654-386x420.jpg 386w\" sizes=\"(max-width: 564px) 100vw, 564px\" \/><\/figure>\n","protected":false},"excerpt":{"rendered":"<p>Es un disco de adoraci\u00f3n con cantos congregacionales con los que la iglesia naci\u00f3, consta de temas como \u201cCristo est\u00e1 aqu\u00ed\u201d, un medley de coritos de \u201cLa Bienvenida\u201d, \u201cEl nombre de Jes\u00fas\u201d, \u201cManos redentoras\u201d, \u201cAl llegar a este lugar\u201d, \u201cDios est\u00e1 aqu\u00ed\u201d y \u201cYo s\u00e9 que estas aqu\u00ed\u201d. Rese\u00f1a Historia de la Adoraci\u00f3n en Misi\u00f3n [&hellip;]<\/p>\n","protected":false},"author":3,"featured_media":8231,"comment_status":"open","ping_status":"open","sticky":false,"template":"","format":"standard","meta":[],"categories":[56],"tags":[],"yoast_head":"<!-- This site is optimized with the Yoast SEO plugin v20.8 - https:\/\/yoast.com\/wordpress\/plugins\/seo\/ -->\n<title>Lanzan producci\u00f3n musical &quot;Elim adorando&quot; - La Prensa Cristiana<\/title>\n<meta name=\"robots\" content=\"index, follow, max-snippet:-1, max-image-preview:large, max-video-preview:-1\" \/>\n<link rel=\"canonical\" href=\"https:\/\/laprensacristiana.com\/?p=8230\" \/>\n<meta property=\"og:locale\" content=\"es_ES\" \/>\n<meta property=\"og:type\" content=\"article\" \/>\n<meta property=\"og:title\" content=\"Lanzan producci\u00f3n musical &quot;Elim adorando&quot; - La Prensa Cristiana\" \/>\n<meta property=\"og:description\" content=\"Es un disco de adoraci\u00f3n con cantos congregacionales con los que la iglesia naci\u00f3, consta de temas como \u201cCristo est\u00e1 aqu\u00ed\u201d, un medley de coritos de \u201cLa Bienvenida\u201d, \u201cEl nombre de Jes\u00fas\u201d, \u201cManos redentoras\u201d, \u201cAl llegar a este lugar\u201d, \u201cDios est\u00e1 aqu\u00ed\u201d y \u201cYo s\u00e9 que estas aqu\u00ed\u201d. Rese\u00f1a Historia de la Adoraci\u00f3n en Misi\u00f3n [&hellip;]\" \/>\n<meta property=\"og:url\" content=\"https:\/\/laprensacristiana.com\/?p=8230\" \/>\n<meta property=\"og:site_name\" content=\"La Prensa Cristiana\" \/>\n<meta property=\"article:published_time\" content=\"2020-02-18T17:29:39+00:00\" \/>\n<meta property=\"article:modified_time\" content=\"2020-02-18T17:59:52+00:00\" \/>\n<meta property=\"og:image\" content=\"https:\/\/laprensacristiana.com\/wp-content\/uploads\/2020\/02\/SAVE_20200218_112517.jpg\" \/>\n\t<meta property=\"og:image:width\" content=\"633\" \/>\n\t<meta property=\"og:image:height\" content=\"623\" \/>\n\t<meta property=\"og:image:type\" content=\"image\/jpeg\" \/>\n<meta name=\"author\" content=\"EDITOR\" \/>\n<meta name=\"twitter:card\" content=\"summary_large_image\" \/>\n<meta name=\"twitter:label1\" content=\"Escrito por\" \/>\n\t<meta name=\"twitter:data1\" content=\"EDITOR\" \/>\n\t<meta name=\"twitter:label2\" content=\"Tiempo de lectura\" \/>\n\t<meta name=\"twitter:data2\" content=\"4 minutos\" \/>\n<script type=\"application\/ld+json\" class=\"yoast-schema-graph\">{\"@context\":\"https:\/\/schema.org\",\"@graph\":[{\"@type\":\"WebPage\",\"@id\":\"https:\/\/laprensacristiana.com\/?p=8230\",\"url\":\"https:\/\/laprensacristiana.com\/?p=8230\",\"name\":\"Lanzan producci\u00f3n musical \\\"Elim adorando\\\" - La Prensa Cristiana\",\"isPartOf\":{\"@id\":\"https:\/\/laprensacristiana.com\/#website\"},\"datePublished\":\"2020-02-18T17:29:39+00:00\",\"dateModified\":\"2020-02-18T17:59:52+00:00\",\"author\":{\"@id\":\"https:\/\/laprensacristiana.com\/#\/schema\/person\/3e7d82c6bfd6b1fa67010f8f7cd5256e\"},\"breadcrumb\":{\"@id\":\"https:\/\/laprensacristiana.com\/?p=8230#breadcrumb\"},\"inLanguage\":\"es\",\"potentialAction\":[{\"@type\":\"ReadAction\",\"target\":[\"https:\/\/laprensacristiana.com\/?p=8230\"]}]},{\"@type\":\"BreadcrumbList\",\"@id\":\"https:\/\/laprensacristiana.com\/?p=8230#breadcrumb\",\"itemListElement\":[{\"@type\":\"ListItem\",\"position\":1,\"name\":\"Portada\",\"item\":\"https:\/\/laprensacristiana.com\/\"},{\"@type\":\"ListItem\",\"position\":2,\"name\":\"Lanzan producci\u00f3n musical \u00abElim adorando\u00bb\"}]},{\"@type\":\"WebSite\",\"@id\":\"https:\/\/laprensacristiana.com\/#website\",\"url\":\"https:\/\/laprensacristiana.com\/\",\"name\":\"La Prensa Cristiana\",\"description\":\"Anunciando Las Buenas Nuevas\",\"potentialAction\":[{\"@type\":\"SearchAction\",\"target\":{\"@type\":\"EntryPoint\",\"urlTemplate\":\"https:\/\/laprensacristiana.com\/?s={search_term_string}\"},\"query-input\":\"required name=search_term_string\"}],\"inLanguage\":\"es\"},{\"@type\":\"Person\",\"@id\":\"https:\/\/laprensacristiana.com\/#\/schema\/person\/3e7d82c6bfd6b1fa67010f8f7cd5256e\",\"name\":\"EDITOR\",\"image\":{\"@type\":\"ImageObject\",\"inLanguage\":\"es\",\"@id\":\"https:\/\/laprensacristiana.com\/#\/schema\/person\/image\/\",\"url\":\"https:\/\/secure.gravatar.com\/avatar\/72069dfb6c13772d9e8381e3638666d2?s=96&d=mm&r=g\",\"contentUrl\":\"https:\/\/secure.gravatar.com\/avatar\/72069dfb6c13772d9e8381e3638666d2?s=96&d=mm&r=g\",\"caption\":\"EDITOR\"},\"url\":\"https:\/\/laprensacristiana.com\/?author=3\"}]}<\/script>\n<!-- \/ Yoast SEO plugin. -->","yoast_head_json":{"title":"Lanzan producci\u00f3n musical \"Elim adorando\" - La Prensa Cristiana","robots":{"index":"index","follow":"follow","max-snippet":"max-snippet:-1","max-image-preview":"max-image-preview:large","max-video-preview":"max-video-preview:-1"},"canonical":"https:\/\/laprensacristiana.com\/?p=8230","og_locale":"es_ES","og_type":"article","og_title":"Lanzan producci\u00f3n musical \"Elim adorando\" - La Prensa Cristiana","og_description":"Es un disco de adoraci\u00f3n con cantos congregacionales con los que la iglesia naci\u00f3, consta de temas como \u201cCristo est\u00e1 aqu\u00ed\u201d, un medley de coritos de \u201cLa Bienvenida\u201d, \u201cEl nombre de Jes\u00fas\u201d, \u201cManos redentoras\u201d, \u201cAl llegar a este lugar\u201d, \u201cDios est\u00e1 aqu\u00ed\u201d y \u201cYo s\u00e9 que estas aqu\u00ed\u201d. Rese\u00f1a Historia de la Adoraci\u00f3n en Misi\u00f3n [&hellip;]","og_url":"https:\/\/laprensacristiana.com\/?p=8230","og_site_name":"La Prensa Cristiana","article_published_time":"2020-02-18T17:29:39+00:00","article_modified_time":"2020-02-18T17:59:52+00:00","og_image":[{"width":633,"height":623,"url":"https:\/\/laprensacristiana.com\/wp-content\/uploads\/2020\/02\/SAVE_20200218_112517.jpg","type":"image\/jpeg"}],"author":"EDITOR","twitter_card":"summary_large_image","twitter_misc":{"Escrito por":"EDITOR","Tiempo de lectura":"4 minutos"},"schema":{"@context":"https:\/\/schema.org","@graph":[{"@type":"WebPage","@id":"https:\/\/laprensacristiana.com\/?p=8230","url":"https:\/\/laprensacristiana.com\/?p=8230","name":"Lanzan producci\u00f3n musical \"Elim adorando\" - La Prensa Cristiana","isPartOf":{"@id":"https:\/\/laprensacristiana.com\/#website"},"datePublished":"2020-02-18T17:29:39+00:00","dateModified":"2020-02-18T17:59:52+00:00","author":{"@id":"https:\/\/laprensacristiana.com\/#\/schema\/person\/3e7d82c6bfd6b1fa67010f8f7cd5256e"},"breadcrumb":{"@id":"https:\/\/laprensacristiana.com\/?p=8230#breadcrumb"},"inLanguage":"es","potentialAction":[{"@type":"ReadAction","target":["https:\/\/laprensacristiana.com\/?p=8230"]}]},{"@type":"BreadcrumbList","@id":"https:\/\/laprensacristiana.com\/?p=8230#breadcrumb","itemListElement":[{"@type":"ListItem","position":1,"name":"Portada","item":"https:\/\/laprensacristiana.com\/"},{"@type":"ListItem","position":2,"name":"Lanzan producci\u00f3n musical \u00abElim adorando\u00bb"}]},{"@type":"WebSite","@id":"https:\/\/laprensacristiana.com\/#website","url":"https:\/\/laprensacristiana.com\/","name":"La Prensa Cristiana","description":"Anunciando Las Buenas Nuevas","potentialAction":[{"@type":"SearchAction","target":{"@type":"EntryPoint","urlTemplate":"https:\/\/laprensacristiana.com\/?s={search_term_string}"},"query-input":"required name=search_term_string"}],"inLanguage":"es"},{"@type":"Person","@id":"https:\/\/laprensacristiana.com\/#\/schema\/person\/3e7d82c6bfd6b1fa67010f8f7cd5256e","name":"EDITOR","image":{"@type":"ImageObject","inLanguage":"es","@id":"https:\/\/laprensacristiana.com\/#\/schema\/person\/image\/","url":"https:\/\/secure.gravatar.com\/avatar\/72069dfb6c13772d9e8381e3638666d2?s=96&d=mm&r=g","contentUrl":"https:\/\/secure.gravatar.com\/avatar\/72069dfb6c13772d9e8381e3638666d2?s=96&d=mm&r=g","caption":"EDITOR"},"url":"https:\/\/laprensacristiana.com\/?author=3"}]}},"_links":{"self":[{"href":"https:\/\/laprensacristiana.com\/index.php?rest_route=\/wp\/v2\/posts\/8230"}],"collection":[{"href":"https:\/\/laprensacristiana.com\/index.php?rest_route=\/wp\/v2\/posts"}],"about":[{"href":"https:\/\/laprensacristiana.com\/index.php?rest_route=\/wp\/v2\/types\/post"}],"author":[{"embeddable":true,"href":"https:\/\/laprensacristiana.com\/index.php?rest_route=\/wp\/v2\/users\/3"}],"replies":[{"embeddable":true,"href":"https:\/\/laprensacristiana.com\/index.php?rest_route=%2Fwp%2Fv2%2Fcomments&post=8230"}],"version-history":[{"count":4,"href":"https:\/\/laprensacristiana.com\/index.php?rest_route=\/wp\/v2\/posts\/8230\/revisions"}],"predecessor-version":[{"id":8236,"href":"https:\/\/laprensacristiana.com\/index.php?rest_route=\/wp\/v2\/posts\/8230\/revisions\/8236"}],"wp:featuredmedia":[{"embeddable":true,"href":"https:\/\/laprensacristiana.com\/index.php?rest_route=\/wp\/v2\/media\/8231"}],"wp:attachment":[{"href":"https:\/\/laprensacristiana.com\/index.php?rest_route=%2Fwp%2Fv2%2Fmedia&parent=8230"}],"wp:term":[{"taxonomy":"category","embeddable":true,"href":"https:\/\/laprensacristiana.com\/index.php?rest_route=%2Fwp%2Fv2%2Fcategories&post=8230"},{"taxonomy":"post_tag","embeddable":true,"href":"https:\/\/laprensacristiana.com\/index.php?rest_route=%2Fwp%2Fv2%2Ftags&post=8230"}],"curies":[{"name":"wp","href":"https:\/\/api.w.org\/{rel}","templated":true}]}}