{"id":8247,"date":"2020-02-21T16:09:57","date_gmt":"2020-02-21T16:09:57","guid":{"rendered":"https:\/\/laprensacristiana.com\/?p=8247"},"modified":"2020-02-21T16:10:00","modified_gmt":"2020-02-21T16:10:00","slug":"dias-malos-para-el-dialogo-y-los-entendimientos-2","status":"publish","type":"post","link":"https:\/\/laprensacristiana.com\/?p=8247","title":{"rendered":"D\u00edas malos para el di\u00e1logo y los entendimientos"},"content":{"rendered":"\n<p>Mario Vega *Pastor General de Misi\u00f3n Cristiana Elim <br> A partir del exitoso proceso de paz que puso fin al conflicto armado en nuestro pa\u00eds, el di\u00e1logo deber\u00eda ser uno de los recursos m\u00e1s apreciados y valorados por los salvadore\u00f1os. Por el contrario, hablar de di\u00e1logo se ha convertido en una mala palabra cuando se trata de buscar caminos alternos para solucionar el conflicto violento y excepcional que vivimos desde hace d\u00e9cadas. Todo comenz\u00f3 cuando en 2012 se inici\u00f3 el proceso ahora conocido como La Tregua. A pesar de los resultados contundentes en reducci\u00f3n de homicidios que produjo el acuerdo, muy pronto comenz\u00f3 a ser descalificado desde una perspectiva electoral; precisamente porque el ejecutivo de esa \u00e9poca la us\u00f3 con ese mismo fin y sin elaborar una ruta de acci\u00f3n que pudiera profundizar y ampliar la oportunidad. Ese uso electoral fue el que al final predomin\u00f3 y las descalificaciones no discriminaron la diferencia entre el di\u00e1logo como recurso de soluci\u00f3n y el uso publicitario que de \u00e9l se hizo.<br> A pesar de que la condena de los partidos pol\u00edticos a tales acuerdos fue un\u00e1nime, tambi\u00e9n fue un\u00e1nime su b\u00fasqueda secreta de acuerdos con las pandillas para asegurar su apoyo en las elecciones. Salvando la realidad de que tales acuerdos son deleznables y constituyen delitos, nos muestran que de parte de los partidos pol\u00edticos hay un reconocimiento de los siguientes hechos: las pandillas poseen direcciones nacionales efectivas, a pesar de las discrepancias entre ellas son capaces de entenderse para alcanzar acuerdos con terceros, son interlocutores valederos, cumplen lo que prometen y poseen influencia sobre una parte significativa de la poblaci\u00f3n al punto de que pueden definir los resultados de una elecci\u00f3n.<br> En otras palabras, el di\u00e1logo resulta validado como un importante elemento que puede usarse para construir acuerdos. Lastimosamente, hasta hoy, se ha utilizado de manera mezquina para alcanzar fines partidarios y no para el bien com\u00fan; a pesar de que las pandillas han colocado sobre la mesa su intenci\u00f3n de discutir incluso su desarticulaci\u00f3n. En la actualidad, el di\u00e1logo y los entendimientos pasan por una racha negra. En la cuenta investigativa de la Fiscal\u00eda van no solamente las personas que presumiblemente cometieron delitos electorales sino tambi\u00e9n aquellas que procuraban la no injerencia de la fuerza de las pandillas en las elecciones, las personas que no han descartado el di\u00e1logo como opci\u00f3n importante para suspender los homicidios en tanto se desarrollan las condiciones para desmontar los factores de riesgo que vuelven interminables los aspirantes a militar en las pandillas.<br> A partir de este nuevo enfoque, podr\u00edamos estar frente a la \u00faltima palada de tierra a una opci\u00f3n que hist\u00f3ricamente ha sido clave en los avances sociales m\u00e1s importantes que nuestro pa\u00eds ha tenido en el \u00faltimo medio siglo. Esto no significa que no haya otra opci\u00f3n de soluci\u00f3n. Siempre queda la opci\u00f3n de elaborar pol\u00edticas p\u00fablicas de prevenci\u00f3n a la violencia, que como muchas veces hemos dicho, toma una generaci\u00f3n para producir resultados. Durante esa espera, el di\u00e1logo es un mecanismo que puede reducir de manera tajante los asesinatos en tanto que se desarrollan y ejecutan los programas de prevenci\u00f3n que, en definitiva, son la \u00fanica salida probada a las epidemias de violencia conocidas. Descartado el di\u00e1logo, todos perdemos la oportunidad.<\/p>\n","protected":false},"excerpt":{"rendered":"<p>Mario Vega *Pastor General de Misi\u00f3n Cristiana Elim A partir del exitoso proceso de paz que puso fin al conflicto armado en nuestro pa\u00eds, el di\u00e1logo deber\u00eda ser uno de los recursos m\u00e1s apreciados y valorados por los salvadore\u00f1os. Por el contrario, hablar de di\u00e1logo se ha convertido en una mala palabra cuando se trata [&hellip;]<\/p>\n","protected":false},"author":3,"featured_media":6072,"comment_status":"open","ping_status":"open","sticky":false,"template":"","format":"standard","meta":[],"categories":[23],"tags":[],"yoast_head":"<!-- This site is optimized with the Yoast SEO plugin v20.8 - https:\/\/yoast.com\/wordpress\/plugins\/seo\/ -->\n<title>D\u00edas malos para el di\u00e1logo y los entendimientos - La Prensa Cristiana<\/title>\n<meta name=\"robots\" content=\"index, follow, max-snippet:-1, max-image-preview:large, max-video-preview:-1\" \/>\n<link rel=\"canonical\" href=\"https:\/\/laprensacristiana.com\/?p=8247\" \/>\n<meta property=\"og:locale\" content=\"es_ES\" \/>\n<meta property=\"og:type\" content=\"article\" \/>\n<meta property=\"og:title\" content=\"D\u00edas malos para el di\u00e1logo y los entendimientos - La Prensa Cristiana\" \/>\n<meta property=\"og:description\" content=\"Mario Vega *Pastor General de Misi\u00f3n Cristiana Elim A partir del exitoso proceso de paz que puso fin al conflicto armado en nuestro pa\u00eds, el di\u00e1logo deber\u00eda ser uno de los recursos m\u00e1s apreciados y valorados por los salvadore\u00f1os. Por el contrario, hablar de di\u00e1logo se ha convertido en una mala palabra cuando se trata [&hellip;]\" \/>\n<meta property=\"og:url\" content=\"https:\/\/laprensacristiana.com\/?p=8247\" \/>\n<meta property=\"og:site_name\" content=\"La Prensa Cristiana\" \/>\n<meta property=\"article:published_time\" content=\"2020-02-21T16:09:57+00:00\" \/>\n<meta property=\"article:modified_time\" content=\"2020-02-21T16:10:00+00:00\" \/>\n<meta property=\"og:image\" content=\"https:\/\/laprensacristiana.com\/wp-content\/uploads\/2019\/06\/OPINION-01-scaled.jpg\" \/>\n\t<meta property=\"og:image:width\" content=\"2560\" \/>\n\t<meta property=\"og:image:height\" content=\"1429\" \/>\n\t<meta property=\"og:image:type\" content=\"image\/jpeg\" \/>\n<meta name=\"author\" content=\"EDITOR\" \/>\n<meta name=\"twitter:card\" content=\"summary_large_image\" \/>\n<meta name=\"twitter:label1\" content=\"Escrito por\" \/>\n\t<meta name=\"twitter:data1\" content=\"EDITOR\" \/>\n\t<meta name=\"twitter:label2\" content=\"Tiempo de lectura\" \/>\n\t<meta name=\"twitter:data2\" content=\"3 minutos\" \/>\n<script type=\"application\/ld+json\" class=\"yoast-schema-graph\">{\"@context\":\"https:\/\/schema.org\",\"@graph\":[{\"@type\":\"WebPage\",\"@id\":\"https:\/\/laprensacristiana.com\/?p=8247\",\"url\":\"https:\/\/laprensacristiana.com\/?p=8247\",\"name\":\"D\u00edas malos para el di\u00e1logo y los entendimientos - La Prensa Cristiana\",\"isPartOf\":{\"@id\":\"https:\/\/laprensacristiana.com\/#website\"},\"datePublished\":\"2020-02-21T16:09:57+00:00\",\"dateModified\":\"2020-02-21T16:10:00+00:00\",\"author\":{\"@id\":\"https:\/\/laprensacristiana.com\/#\/schema\/person\/3e7d82c6bfd6b1fa67010f8f7cd5256e\"},\"breadcrumb\":{\"@id\":\"https:\/\/laprensacristiana.com\/?p=8247#breadcrumb\"},\"inLanguage\":\"es\",\"potentialAction\":[{\"@type\":\"ReadAction\",\"target\":[\"https:\/\/laprensacristiana.com\/?p=8247\"]}]},{\"@type\":\"BreadcrumbList\",\"@id\":\"https:\/\/laprensacristiana.com\/?p=8247#breadcrumb\",\"itemListElement\":[{\"@type\":\"ListItem\",\"position\":1,\"name\":\"Portada\",\"item\":\"https:\/\/laprensacristiana.com\/\"},{\"@type\":\"ListItem\",\"position\":2,\"name\":\"D\u00edas malos para el di\u00e1logo y los entendimientos\"}]},{\"@type\":\"WebSite\",\"@id\":\"https:\/\/laprensacristiana.com\/#website\",\"url\":\"https:\/\/laprensacristiana.com\/\",\"name\":\"La Prensa Cristiana\",\"description\":\"Anunciando Las Buenas Nuevas\",\"potentialAction\":[{\"@type\":\"SearchAction\",\"target\":{\"@type\":\"EntryPoint\",\"urlTemplate\":\"https:\/\/laprensacristiana.com\/?s={search_term_string}\"},\"query-input\":\"required name=search_term_string\"}],\"inLanguage\":\"es\"},{\"@type\":\"Person\",\"@id\":\"https:\/\/laprensacristiana.com\/#\/schema\/person\/3e7d82c6bfd6b1fa67010f8f7cd5256e\",\"name\":\"EDITOR\",\"image\":{\"@type\":\"ImageObject\",\"inLanguage\":\"es\",\"@id\":\"https:\/\/laprensacristiana.com\/#\/schema\/person\/image\/\",\"url\":\"https:\/\/secure.gravatar.com\/avatar\/72069dfb6c13772d9e8381e3638666d2?s=96&d=mm&r=g\",\"contentUrl\":\"https:\/\/secure.gravatar.com\/avatar\/72069dfb6c13772d9e8381e3638666d2?s=96&d=mm&r=g\",\"caption\":\"EDITOR\"},\"url\":\"https:\/\/laprensacristiana.com\/?author=3\"}]}<\/script>\n<!-- \/ Yoast SEO plugin. -->","yoast_head_json":{"title":"D\u00edas malos para el di\u00e1logo y los entendimientos - La Prensa Cristiana","robots":{"index":"index","follow":"follow","max-snippet":"max-snippet:-1","max-image-preview":"max-image-preview:large","max-video-preview":"max-video-preview:-1"},"canonical":"https:\/\/laprensacristiana.com\/?p=8247","og_locale":"es_ES","og_type":"article","og_title":"D\u00edas malos para el di\u00e1logo y los entendimientos - La Prensa Cristiana","og_description":"Mario Vega *Pastor General de Misi\u00f3n Cristiana Elim A partir del exitoso proceso de paz que puso fin al conflicto armado en nuestro pa\u00eds, el di\u00e1logo deber\u00eda ser uno de los recursos m\u00e1s apreciados y valorados por los salvadore\u00f1os. Por el contrario, hablar de di\u00e1logo se ha convertido en una mala palabra cuando se trata [&hellip;]","og_url":"https:\/\/laprensacristiana.com\/?p=8247","og_site_name":"La Prensa Cristiana","article_published_time":"2020-02-21T16:09:57+00:00","article_modified_time":"2020-02-21T16:10:00+00:00","og_image":[{"width":2560,"height":1429,"url":"https:\/\/laprensacristiana.com\/wp-content\/uploads\/2019\/06\/OPINION-01-scaled.jpg","type":"image\/jpeg"}],"author":"EDITOR","twitter_card":"summary_large_image","twitter_misc":{"Escrito por":"EDITOR","Tiempo de lectura":"3 minutos"},"schema":{"@context":"https:\/\/schema.org","@graph":[{"@type":"WebPage","@id":"https:\/\/laprensacristiana.com\/?p=8247","url":"https:\/\/laprensacristiana.com\/?p=8247","name":"D\u00edas malos para el di\u00e1logo y los entendimientos - La Prensa Cristiana","isPartOf":{"@id":"https:\/\/laprensacristiana.com\/#website"},"datePublished":"2020-02-21T16:09:57+00:00","dateModified":"2020-02-21T16:10:00+00:00","author":{"@id":"https:\/\/laprensacristiana.com\/#\/schema\/person\/3e7d82c6bfd6b1fa67010f8f7cd5256e"},"breadcrumb":{"@id":"https:\/\/laprensacristiana.com\/?p=8247#breadcrumb"},"inLanguage":"es","potentialAction":[{"@type":"ReadAction","target":["https:\/\/laprensacristiana.com\/?p=8247"]}]},{"@type":"BreadcrumbList","@id":"https:\/\/laprensacristiana.com\/?p=8247#breadcrumb","itemListElement":[{"@type":"ListItem","position":1,"name":"Portada","item":"https:\/\/laprensacristiana.com\/"},{"@type":"ListItem","position":2,"name":"D\u00edas malos para el di\u00e1logo y los entendimientos"}]},{"@type":"WebSite","@id":"https:\/\/laprensacristiana.com\/#website","url":"https:\/\/laprensacristiana.com\/","name":"La Prensa Cristiana","description":"Anunciando Las Buenas Nuevas","potentialAction":[{"@type":"SearchAction","target":{"@type":"EntryPoint","urlTemplate":"https:\/\/laprensacristiana.com\/?s={search_term_string}"},"query-input":"required name=search_term_string"}],"inLanguage":"es"},{"@type":"Person","@id":"https:\/\/laprensacristiana.com\/#\/schema\/person\/3e7d82c6bfd6b1fa67010f8f7cd5256e","name":"EDITOR","image":{"@type":"ImageObject","inLanguage":"es","@id":"https:\/\/laprensacristiana.com\/#\/schema\/person\/image\/","url":"https:\/\/secure.gravatar.com\/avatar\/72069dfb6c13772d9e8381e3638666d2?s=96&d=mm&r=g","contentUrl":"https:\/\/secure.gravatar.com\/avatar\/72069dfb6c13772d9e8381e3638666d2?s=96&d=mm&r=g","caption":"EDITOR"},"url":"https:\/\/laprensacristiana.com\/?author=3"}]}},"_links":{"self":[{"href":"https:\/\/laprensacristiana.com\/index.php?rest_route=\/wp\/v2\/posts\/8247"}],"collection":[{"href":"https:\/\/laprensacristiana.com\/index.php?rest_route=\/wp\/v2\/posts"}],"about":[{"href":"https:\/\/laprensacristiana.com\/index.php?rest_route=\/wp\/v2\/types\/post"}],"author":[{"embeddable":true,"href":"https:\/\/laprensacristiana.com\/index.php?rest_route=\/wp\/v2\/users\/3"}],"replies":[{"embeddable":true,"href":"https:\/\/laprensacristiana.com\/index.php?rest_route=%2Fwp%2Fv2%2Fcomments&post=8247"}],"version-history":[{"count":1,"href":"https:\/\/laprensacristiana.com\/index.php?rest_route=\/wp\/v2\/posts\/8247\/revisions"}],"predecessor-version":[{"id":8248,"href":"https:\/\/laprensacristiana.com\/index.php?rest_route=\/wp\/v2\/posts\/8247\/revisions\/8248"}],"wp:featuredmedia":[{"embeddable":true,"href":"https:\/\/laprensacristiana.com\/index.php?rest_route=\/wp\/v2\/media\/6072"}],"wp:attachment":[{"href":"https:\/\/laprensacristiana.com\/index.php?rest_route=%2Fwp%2Fv2%2Fmedia&parent=8247"}],"wp:term":[{"taxonomy":"category","embeddable":true,"href":"https:\/\/laprensacristiana.com\/index.php?rest_route=%2Fwp%2Fv2%2Fcategories&post=8247"},{"taxonomy":"post_tag","embeddable":true,"href":"https:\/\/laprensacristiana.com\/index.php?rest_route=%2Fwp%2Fv2%2Ftags&post=8247"}],"curies":[{"name":"wp","href":"https:\/\/api.w.org\/{rel}","templated":true}]}}