{"id":8249,"date":"2020-02-21T19:09:44","date_gmt":"2020-02-21T19:09:44","guid":{"rendered":"https:\/\/laprensacristiana.com\/?p=8249"},"modified":"2020-02-21T19:09:46","modified_gmt":"2020-02-21T19:09:46","slug":"jovenes-cristianos-salen-a-protestar-a-las-calles-de-republica-dominicana","status":"publish","type":"post","link":"https:\/\/laprensacristiana.com\/?p=8249","title":{"rendered":"J\u00f3venes cristianos salen a protestar a las calles de Rep\u00fablica Dominicana"},"content":{"rendered":"\n<p>El d\u00eda de ayer miles de personas salieron a las calles a protestar debido a la crisis pol\u00edtica que se est\u00e1 viviendo en Rep\u00fablica Dominicana.<\/p>\n\n\n\n<p>Entre los protestante se hicieron presentes j\u00f3venes cristianos que junto a los dem\u00e1s hicieron valer su voz de manera pacifica, Enrique Crespo comparti\u00f3 unas im\u00e1genes a trav\u00e9s de sus redes sociales en la que se puede ver a j\u00f3venes orando por la naci\u00f3n y reparti\u00e9ndo alimentos, llevando esperanza y consuelo a los presentes que reclaman justicia por su pa\u00eds de manera pac\u00edfica.<\/p>\n\n\n\n<p>Muchos carteles hechos a mano ondiaban en las calles, en algunos se pod\u00eda leer \u00abA los cristianos tambi\u00e9n nos duele la patria\u00bb \u00abLa juventud cristiana tambi\u00e9n alza su voz\u00bb.<\/p>\n\n\n\n<figure class=\"wp-block-image\"><img decoding=\"async\" loading=\"lazy\" width=\"720\" height=\"736\" src=\"https:\/\/laprensacristiana.com\/wp-content\/uploads\/2020\/02\/Screenshot_20200221-1110572.png\" alt=\"\" class=\"wp-image-8252\" srcset=\"https:\/\/laprensacristiana.com\/wp-content\/uploads\/2020\/02\/Screenshot_20200221-1110572.png 720w, https:\/\/laprensacristiana.com\/wp-content\/uploads\/2020\/02\/Screenshot_20200221-1110572-293x300.png 293w, https:\/\/laprensacristiana.com\/wp-content\/uploads\/2020\/02\/Screenshot_20200221-1110572-356x364.png 356w, https:\/\/laprensacristiana.com\/wp-content\/uploads\/2020\/02\/Screenshot_20200221-1110572-696x711.png 696w, https:\/\/laprensacristiana.com\/wp-content\/uploads\/2020\/02\/Screenshot_20200221-1110572-411x420.png 411w, https:\/\/laprensacristiana.com\/wp-content\/uploads\/2020\/02\/Screenshot_20200221-1110572-600x613.png 600w\" sizes=\"(max-width: 720px) 100vw, 720px\" \/><\/figure>\n\n\n\n<p>Jovenes se tomaron de las manos, hicieron c\u00edrculos y clamaron por misericordia y perd\u00f3n por haber elegido por d\u00e9cadas seg\u00fan sus palabras autoridades corruptas a cambio de prebendas, por un avivamiento espiritual, por justicia, por misericordia, por perd\u00f3n para las autoridades y un arrepentimiento y conversi\u00f3n para la vida de ellos.<\/p>\n\n\n\n<figure class=\"wp-block-image\"><img decoding=\"async\" loading=\"lazy\" width=\"720\" height=\"485\" src=\"https:\/\/laprensacristiana.com\/wp-content\/uploads\/2020\/02\/Screenshot_20200221-1124062.png\" alt=\"\" class=\"wp-image-8251\" srcset=\"https:\/\/laprensacristiana.com\/wp-content\/uploads\/2020\/02\/Screenshot_20200221-1124062.png 720w, https:\/\/laprensacristiana.com\/wp-content\/uploads\/2020\/02\/Screenshot_20200221-1124062-300x202.png 300w, https:\/\/laprensacristiana.com\/wp-content\/uploads\/2020\/02\/Screenshot_20200221-1124062-696x469.png 696w, https:\/\/laprensacristiana.com\/wp-content\/uploads\/2020\/02\/Screenshot_20200221-1124062-624x420.png 624w, https:\/\/laprensacristiana.com\/wp-content\/uploads\/2020\/02\/Screenshot_20200221-1124062-600x404.png 600w\" sizes=\"(max-width: 720px) 100vw, 720px\" \/><\/figure>\n","protected":false},"excerpt":{"rendered":"<p>El d\u00eda de ayer miles de personas salieron a las calles a protestar debido a la crisis pol\u00edtica que se est\u00e1 viviendo en Rep\u00fablica Dominicana. Entre los protestante se hicieron presentes j\u00f3venes cristianos que junto a los dem\u00e1s hicieron valer su voz de manera pacifica, Enrique Crespo comparti\u00f3 unas im\u00e1genes a trav\u00e9s de sus redes [&hellip;]<\/p>\n","protected":false},"author":3,"featured_media":8250,"comment_status":"open","ping_status":"open","sticky":false,"template":"","format":"standard","meta":[],"categories":[56],"tags":[],"yoast_head":"<!-- This site is optimized with the Yoast SEO plugin v20.8 - https:\/\/yoast.com\/wordpress\/plugins\/seo\/ -->\n<title>J\u00f3venes cristianos salen a protestar a las calles de Rep\u00fablica Dominicana - La Prensa Cristiana<\/title>\n<meta name=\"robots\" content=\"index, follow, max-snippet:-1, max-image-preview:large, max-video-preview:-1\" \/>\n<link rel=\"canonical\" href=\"https:\/\/laprensacristiana.com\/?p=8249\" \/>\n<meta property=\"og:locale\" content=\"es_ES\" \/>\n<meta property=\"og:type\" content=\"article\" \/>\n<meta property=\"og:title\" content=\"J\u00f3venes cristianos salen a protestar a las calles de Rep\u00fablica Dominicana - La Prensa Cristiana\" \/>\n<meta property=\"og:description\" content=\"El d\u00eda de ayer miles de personas salieron a las calles a protestar debido a la crisis pol\u00edtica que se est\u00e1 viviendo en Rep\u00fablica Dominicana. Entre los protestante se hicieron presentes j\u00f3venes cristianos que junto a los dem\u00e1s hicieron valer su voz de manera pacifica, Enrique Crespo comparti\u00f3 unas im\u00e1genes a trav\u00e9s de sus redes [&hellip;]\" \/>\n<meta property=\"og:url\" content=\"https:\/\/laprensacristiana.com\/?p=8249\" \/>\n<meta property=\"og:site_name\" content=\"La Prensa Cristiana\" \/>\n<meta property=\"article:published_time\" content=\"2020-02-21T19:09:44+00:00\" \/>\n<meta property=\"article:modified_time\" content=\"2020-02-21T19:09:46+00:00\" \/>\n<meta property=\"og:image\" content=\"https:\/\/laprensacristiana.com\/wp-content\/uploads\/2020\/02\/Screenshot_20200221-1110492.png\" \/>\n\t<meta property=\"og:image:width\" content=\"720\" \/>\n\t<meta property=\"og:image:height\" content=\"853\" \/>\n\t<meta property=\"og:image:type\" content=\"image\/png\" \/>\n<meta name=\"author\" content=\"EDITOR\" \/>\n<meta name=\"twitter:card\" content=\"summary_large_image\" \/>\n<meta name=\"twitter:label1\" content=\"Escrito por\" \/>\n\t<meta name=\"twitter:data1\" content=\"EDITOR\" \/>\n\t<meta name=\"twitter:label2\" content=\"Tiempo de lectura\" \/>\n\t<meta name=\"twitter:data2\" content=\"1 minuto\" \/>\n<script type=\"application\/ld+json\" class=\"yoast-schema-graph\">{\"@context\":\"https:\/\/schema.org\",\"@graph\":[{\"@type\":\"WebPage\",\"@id\":\"https:\/\/laprensacristiana.com\/?p=8249\",\"url\":\"https:\/\/laprensacristiana.com\/?p=8249\",\"name\":\"J\u00f3venes cristianos salen a protestar a las calles de Rep\u00fablica Dominicana - La Prensa Cristiana\",\"isPartOf\":{\"@id\":\"https:\/\/laprensacristiana.com\/#website\"},\"datePublished\":\"2020-02-21T19:09:44+00:00\",\"dateModified\":\"2020-02-21T19:09:46+00:00\",\"author\":{\"@id\":\"https:\/\/laprensacristiana.com\/#\/schema\/person\/3e7d82c6bfd6b1fa67010f8f7cd5256e\"},\"breadcrumb\":{\"@id\":\"https:\/\/laprensacristiana.com\/?p=8249#breadcrumb\"},\"inLanguage\":\"es\",\"potentialAction\":[{\"@type\":\"ReadAction\",\"target\":[\"https:\/\/laprensacristiana.com\/?p=8249\"]}]},{\"@type\":\"BreadcrumbList\",\"@id\":\"https:\/\/laprensacristiana.com\/?p=8249#breadcrumb\",\"itemListElement\":[{\"@type\":\"ListItem\",\"position\":1,\"name\":\"Portada\",\"item\":\"https:\/\/laprensacristiana.com\/\"},{\"@type\":\"ListItem\",\"position\":2,\"name\":\"J\u00f3venes cristianos salen a protestar a las calles de Rep\u00fablica Dominicana\"}]},{\"@type\":\"WebSite\",\"@id\":\"https:\/\/laprensacristiana.com\/#website\",\"url\":\"https:\/\/laprensacristiana.com\/\",\"name\":\"La Prensa Cristiana\",\"description\":\"Anunciando Las Buenas Nuevas\",\"potentialAction\":[{\"@type\":\"SearchAction\",\"target\":{\"@type\":\"EntryPoint\",\"urlTemplate\":\"https:\/\/laprensacristiana.com\/?s={search_term_string}\"},\"query-input\":\"required name=search_term_string\"}],\"inLanguage\":\"es\"},{\"@type\":\"Person\",\"@id\":\"https:\/\/laprensacristiana.com\/#\/schema\/person\/3e7d82c6bfd6b1fa67010f8f7cd5256e\",\"name\":\"EDITOR\",\"image\":{\"@type\":\"ImageObject\",\"inLanguage\":\"es\",\"@id\":\"https:\/\/laprensacristiana.com\/#\/schema\/person\/image\/\",\"url\":\"https:\/\/secure.gravatar.com\/avatar\/72069dfb6c13772d9e8381e3638666d2?s=96&d=mm&r=g\",\"contentUrl\":\"https:\/\/secure.gravatar.com\/avatar\/72069dfb6c13772d9e8381e3638666d2?s=96&d=mm&r=g\",\"caption\":\"EDITOR\"},\"url\":\"https:\/\/laprensacristiana.com\/?author=3\"}]}<\/script>\n<!-- \/ Yoast SEO plugin. -->","yoast_head_json":{"title":"J\u00f3venes cristianos salen a protestar a las calles de Rep\u00fablica Dominicana - La Prensa Cristiana","robots":{"index":"index","follow":"follow","max-snippet":"max-snippet:-1","max-image-preview":"max-image-preview:large","max-video-preview":"max-video-preview:-1"},"canonical":"https:\/\/laprensacristiana.com\/?p=8249","og_locale":"es_ES","og_type":"article","og_title":"J\u00f3venes cristianos salen a protestar a las calles de Rep\u00fablica Dominicana - La Prensa Cristiana","og_description":"El d\u00eda de ayer miles de personas salieron a las calles a protestar debido a la crisis pol\u00edtica que se est\u00e1 viviendo en Rep\u00fablica Dominicana. Entre los protestante se hicieron presentes j\u00f3venes cristianos que junto a los dem\u00e1s hicieron valer su voz de manera pacifica, Enrique Crespo comparti\u00f3 unas im\u00e1genes a trav\u00e9s de sus redes [&hellip;]","og_url":"https:\/\/laprensacristiana.com\/?p=8249","og_site_name":"La Prensa Cristiana","article_published_time":"2020-02-21T19:09:44+00:00","article_modified_time":"2020-02-21T19:09:46+00:00","og_image":[{"width":720,"height":853,"url":"https:\/\/laprensacristiana.com\/wp-content\/uploads\/2020\/02\/Screenshot_20200221-1110492.png","type":"image\/png"}],"author":"EDITOR","twitter_card":"summary_large_image","twitter_misc":{"Escrito por":"EDITOR","Tiempo de lectura":"1 minuto"},"schema":{"@context":"https:\/\/schema.org","@graph":[{"@type":"WebPage","@id":"https:\/\/laprensacristiana.com\/?p=8249","url":"https:\/\/laprensacristiana.com\/?p=8249","name":"J\u00f3venes cristianos salen a protestar a las calles de Rep\u00fablica Dominicana - La Prensa Cristiana","isPartOf":{"@id":"https:\/\/laprensacristiana.com\/#website"},"datePublished":"2020-02-21T19:09:44+00:00","dateModified":"2020-02-21T19:09:46+00:00","author":{"@id":"https:\/\/laprensacristiana.com\/#\/schema\/person\/3e7d82c6bfd6b1fa67010f8f7cd5256e"},"breadcrumb":{"@id":"https:\/\/laprensacristiana.com\/?p=8249#breadcrumb"},"inLanguage":"es","potentialAction":[{"@type":"ReadAction","target":["https:\/\/laprensacristiana.com\/?p=8249"]}]},{"@type":"BreadcrumbList","@id":"https:\/\/laprensacristiana.com\/?p=8249#breadcrumb","itemListElement":[{"@type":"ListItem","position":1,"name":"Portada","item":"https:\/\/laprensacristiana.com\/"},{"@type":"ListItem","position":2,"name":"J\u00f3venes cristianos salen a protestar a las calles de Rep\u00fablica Dominicana"}]},{"@type":"WebSite","@id":"https:\/\/laprensacristiana.com\/#website","url":"https:\/\/laprensacristiana.com\/","name":"La Prensa Cristiana","description":"Anunciando Las Buenas Nuevas","potentialAction":[{"@type":"SearchAction","target":{"@type":"EntryPoint","urlTemplate":"https:\/\/laprensacristiana.com\/?s={search_term_string}"},"query-input":"required name=search_term_string"}],"inLanguage":"es"},{"@type":"Person","@id":"https:\/\/laprensacristiana.com\/#\/schema\/person\/3e7d82c6bfd6b1fa67010f8f7cd5256e","name":"EDITOR","image":{"@type":"ImageObject","inLanguage":"es","@id":"https:\/\/laprensacristiana.com\/#\/schema\/person\/image\/","url":"https:\/\/secure.gravatar.com\/avatar\/72069dfb6c13772d9e8381e3638666d2?s=96&d=mm&r=g","contentUrl":"https:\/\/secure.gravatar.com\/avatar\/72069dfb6c13772d9e8381e3638666d2?s=96&d=mm&r=g","caption":"EDITOR"},"url":"https:\/\/laprensacristiana.com\/?author=3"}]}},"_links":{"self":[{"href":"https:\/\/laprensacristiana.com\/index.php?rest_route=\/wp\/v2\/posts\/8249"}],"collection":[{"href":"https:\/\/laprensacristiana.com\/index.php?rest_route=\/wp\/v2\/posts"}],"about":[{"href":"https:\/\/laprensacristiana.com\/index.php?rest_route=\/wp\/v2\/types\/post"}],"author":[{"embeddable":true,"href":"https:\/\/laprensacristiana.com\/index.php?rest_route=\/wp\/v2\/users\/3"}],"replies":[{"embeddable":true,"href":"https:\/\/laprensacristiana.com\/index.php?rest_route=%2Fwp%2Fv2%2Fcomments&post=8249"}],"version-history":[{"count":1,"href":"https:\/\/laprensacristiana.com\/index.php?rest_route=\/wp\/v2\/posts\/8249\/revisions"}],"predecessor-version":[{"id":8253,"href":"https:\/\/laprensacristiana.com\/index.php?rest_route=\/wp\/v2\/posts\/8249\/revisions\/8253"}],"wp:featuredmedia":[{"embeddable":true,"href":"https:\/\/laprensacristiana.com\/index.php?rest_route=\/wp\/v2\/media\/8250"}],"wp:attachment":[{"href":"https:\/\/laprensacristiana.com\/index.php?rest_route=%2Fwp%2Fv2%2Fmedia&parent=8249"}],"wp:term":[{"taxonomy":"category","embeddable":true,"href":"https:\/\/laprensacristiana.com\/index.php?rest_route=%2Fwp%2Fv2%2Fcategories&post=8249"},{"taxonomy":"post_tag","embeddable":true,"href":"https:\/\/laprensacristiana.com\/index.php?rest_route=%2Fwp%2Fv2%2Ftags&post=8249"}],"curies":[{"name":"wp","href":"https:\/\/api.w.org\/{rel}","templated":true}]}}