{"id":8254,"date":"2020-02-21T21:14:46","date_gmt":"2020-02-21T21:14:46","guid":{"rendered":"https:\/\/laprensacristiana.com\/?p=8254"},"modified":"2020-02-21T21:14:49","modified_gmt":"2020-02-21T21:14:49","slug":"pastor-es-condenado-a-dos-anos-de-prision-en-cuba-por-educar-a-sus-hijos-en-casa","status":"publish","type":"post","link":"https:\/\/laprensacristiana.com\/?p=8254","title":{"rendered":"Pastor es condenado a dos a\u00f1os de prisi\u00f3n en Cuba por educar a sus hijos en casa"},"content":{"rendered":"\n<p>Seg\u00fan Radio Televisi\u00f3n Mart\u00ed el pastor Ram\u00f3n Rigal fue detenido y acusado de los delitos \u00abOtros actos contrarios al normal desarrollo del menor\u00bb y por \u00abAsociaci\u00f3n il\u00edcita\u00bb, al parecer porque su iglesia no cuenta con registro en el r\u00e9gimen.<\/p>\n\n\n\n<p>El pastor declar\u00f3 que su hijos no eran enviados a las escuelas en d\u00f3nde se impone el adoctrinamiento del comunismo, por est\u00e1 raz\u00f3n \u00e9l y su esposa decidieron optar por el m\u00e9todo de Home schooling que es educaci\u00f3n en casa, en muchos pa\u00edses alredor del mundo se practica.<\/p>\n\n\n\n<p>El pastor fue trasladado a la c\u00e1rcel provincial de Guant\u00e1namo, en d\u00f3nde se alberga a reos con penas de muerte,  y los que han cometido cr\u00edmenes graves. <\/p>\n\n\n\n<p>Su familia podr\u00e1 visitarlo solo una vez al mes y est\u00e1n restringiendo la ayuda que sus amigos y familia trata de llevarles, igualmente se est\u00e1 restringiendo el medicamento a la madre del pastor.<\/p>\n\n\n\n<p>Seg\u00fan algunas fuentes las escuelas estatales educan a los ni\u00f1os en la ideolog\u00eda marxista que se fundamente en el ate\u00edsmo militante.<\/p>\n","protected":false},"excerpt":{"rendered":"<p>Seg\u00fan Radio Televisi\u00f3n Mart\u00ed el pastor Ram\u00f3n Rigal fue detenido y acusado de los delitos \u00abOtros actos contrarios al normal desarrollo del menor\u00bb y por \u00abAsociaci\u00f3n il\u00edcita\u00bb, al parecer porque su iglesia no cuenta con registro en el r\u00e9gimen. El pastor declar\u00f3 que su hijos no eran enviados a las escuelas en d\u00f3nde se impone [&hellip;]<\/p>\n","protected":false},"author":3,"featured_media":8255,"comment_status":"open","ping_status":"open","sticky":false,"template":"","format":"standard","meta":[],"categories":[56],"tags":[],"yoast_head":"<!-- This site is optimized with the Yoast SEO plugin v20.8 - https:\/\/yoast.com\/wordpress\/plugins\/seo\/ -->\n<title>Pastor es condenado a dos a\u00f1os de prisi\u00f3n en Cuba por educar a sus hijos en casa - La Prensa Cristiana<\/title>\n<meta name=\"robots\" content=\"index, follow, max-snippet:-1, max-image-preview:large, max-video-preview:-1\" \/>\n<link rel=\"canonical\" href=\"https:\/\/laprensacristiana.com\/?p=8254\" \/>\n<meta property=\"og:locale\" content=\"es_ES\" \/>\n<meta property=\"og:type\" content=\"article\" \/>\n<meta property=\"og:title\" content=\"Pastor es condenado a dos a\u00f1os de prisi\u00f3n en Cuba por educar a sus hijos en casa - La Prensa Cristiana\" \/>\n<meta property=\"og:description\" content=\"Seg\u00fan Radio Televisi\u00f3n Mart\u00ed el pastor Ram\u00f3n Rigal fue detenido y acusado de los delitos \u00abOtros actos contrarios al normal desarrollo del menor\u00bb y por \u00abAsociaci\u00f3n il\u00edcita\u00bb, al parecer porque su iglesia no cuenta con registro en el r\u00e9gimen. El pastor declar\u00f3 que su hijos no eran enviados a las escuelas en d\u00f3nde se impone [&hellip;]\" \/>\n<meta property=\"og:url\" content=\"https:\/\/laprensacristiana.com\/?p=8254\" \/>\n<meta property=\"og:site_name\" content=\"La Prensa Cristiana\" \/>\n<meta property=\"article:published_time\" content=\"2020-02-21T21:14:46+00:00\" \/>\n<meta property=\"article:modified_time\" content=\"2020-02-21T21:14:49+00:00\" \/>\n<meta property=\"og:image\" content=\"https:\/\/laprensacristiana.com\/wp-content\/uploads\/2020\/02\/oscarmtz.___20200221_145626_02.jpg\" \/>\n\t<meta property=\"og:image:width\" content=\"607\" \/>\n\t<meta property=\"og:image:height\" content=\"741\" \/>\n\t<meta property=\"og:image:type\" content=\"image\/jpeg\" \/>\n<meta name=\"author\" content=\"EDITOR\" \/>\n<meta name=\"twitter:card\" content=\"summary_large_image\" \/>\n<meta name=\"twitter:label1\" content=\"Escrito por\" \/>\n\t<meta name=\"twitter:data1\" content=\"EDITOR\" \/>\n\t<meta name=\"twitter:label2\" content=\"Tiempo de lectura\" \/>\n\t<meta name=\"twitter:data2\" content=\"1 minuto\" \/>\n<script type=\"application\/ld+json\" class=\"yoast-schema-graph\">{\"@context\":\"https:\/\/schema.org\",\"@graph\":[{\"@type\":\"WebPage\",\"@id\":\"https:\/\/laprensacristiana.com\/?p=8254\",\"url\":\"https:\/\/laprensacristiana.com\/?p=8254\",\"name\":\"Pastor es condenado a dos a\u00f1os de prisi\u00f3n en Cuba por educar a sus hijos en casa - La Prensa Cristiana\",\"isPartOf\":{\"@id\":\"https:\/\/laprensacristiana.com\/#website\"},\"datePublished\":\"2020-02-21T21:14:46+00:00\",\"dateModified\":\"2020-02-21T21:14:49+00:00\",\"author\":{\"@id\":\"https:\/\/laprensacristiana.com\/#\/schema\/person\/3e7d82c6bfd6b1fa67010f8f7cd5256e\"},\"breadcrumb\":{\"@id\":\"https:\/\/laprensacristiana.com\/?p=8254#breadcrumb\"},\"inLanguage\":\"es\",\"potentialAction\":[{\"@type\":\"ReadAction\",\"target\":[\"https:\/\/laprensacristiana.com\/?p=8254\"]}]},{\"@type\":\"BreadcrumbList\",\"@id\":\"https:\/\/laprensacristiana.com\/?p=8254#breadcrumb\",\"itemListElement\":[{\"@type\":\"ListItem\",\"position\":1,\"name\":\"Portada\",\"item\":\"https:\/\/laprensacristiana.com\/\"},{\"@type\":\"ListItem\",\"position\":2,\"name\":\"Pastor es condenado a dos a\u00f1os de prisi\u00f3n en Cuba por educar a sus hijos en casa\"}]},{\"@type\":\"WebSite\",\"@id\":\"https:\/\/laprensacristiana.com\/#website\",\"url\":\"https:\/\/laprensacristiana.com\/\",\"name\":\"La Prensa Cristiana\",\"description\":\"Anunciando Las Buenas Nuevas\",\"potentialAction\":[{\"@type\":\"SearchAction\",\"target\":{\"@type\":\"EntryPoint\",\"urlTemplate\":\"https:\/\/laprensacristiana.com\/?s={search_term_string}\"},\"query-input\":\"required name=search_term_string\"}],\"inLanguage\":\"es\"},{\"@type\":\"Person\",\"@id\":\"https:\/\/laprensacristiana.com\/#\/schema\/person\/3e7d82c6bfd6b1fa67010f8f7cd5256e\",\"name\":\"EDITOR\",\"image\":{\"@type\":\"ImageObject\",\"inLanguage\":\"es\",\"@id\":\"https:\/\/laprensacristiana.com\/#\/schema\/person\/image\/\",\"url\":\"https:\/\/secure.gravatar.com\/avatar\/72069dfb6c13772d9e8381e3638666d2?s=96&d=mm&r=g\",\"contentUrl\":\"https:\/\/secure.gravatar.com\/avatar\/72069dfb6c13772d9e8381e3638666d2?s=96&d=mm&r=g\",\"caption\":\"EDITOR\"},\"url\":\"https:\/\/laprensacristiana.com\/?author=3\"}]}<\/script>\n<!-- \/ Yoast SEO plugin. -->","yoast_head_json":{"title":"Pastor es condenado a dos a\u00f1os de prisi\u00f3n en Cuba por educar a sus hijos en casa - La Prensa Cristiana","robots":{"index":"index","follow":"follow","max-snippet":"max-snippet:-1","max-image-preview":"max-image-preview:large","max-video-preview":"max-video-preview:-1"},"canonical":"https:\/\/laprensacristiana.com\/?p=8254","og_locale":"es_ES","og_type":"article","og_title":"Pastor es condenado a dos a\u00f1os de prisi\u00f3n en Cuba por educar a sus hijos en casa - La Prensa Cristiana","og_description":"Seg\u00fan Radio Televisi\u00f3n Mart\u00ed el pastor Ram\u00f3n Rigal fue detenido y acusado de los delitos \u00abOtros actos contrarios al normal desarrollo del menor\u00bb y por \u00abAsociaci\u00f3n il\u00edcita\u00bb, al parecer porque su iglesia no cuenta con registro en el r\u00e9gimen. El pastor declar\u00f3 que su hijos no eran enviados a las escuelas en d\u00f3nde se impone [&hellip;]","og_url":"https:\/\/laprensacristiana.com\/?p=8254","og_site_name":"La Prensa Cristiana","article_published_time":"2020-02-21T21:14:46+00:00","article_modified_time":"2020-02-21T21:14:49+00:00","og_image":[{"width":607,"height":741,"url":"https:\/\/laprensacristiana.com\/wp-content\/uploads\/2020\/02\/oscarmtz.___20200221_145626_02.jpg","type":"image\/jpeg"}],"author":"EDITOR","twitter_card":"summary_large_image","twitter_misc":{"Escrito por":"EDITOR","Tiempo de lectura":"1 minuto"},"schema":{"@context":"https:\/\/schema.org","@graph":[{"@type":"WebPage","@id":"https:\/\/laprensacristiana.com\/?p=8254","url":"https:\/\/laprensacristiana.com\/?p=8254","name":"Pastor es condenado a dos a\u00f1os de prisi\u00f3n en Cuba por educar a sus hijos en casa - La Prensa Cristiana","isPartOf":{"@id":"https:\/\/laprensacristiana.com\/#website"},"datePublished":"2020-02-21T21:14:46+00:00","dateModified":"2020-02-21T21:14:49+00:00","author":{"@id":"https:\/\/laprensacristiana.com\/#\/schema\/person\/3e7d82c6bfd6b1fa67010f8f7cd5256e"},"breadcrumb":{"@id":"https:\/\/laprensacristiana.com\/?p=8254#breadcrumb"},"inLanguage":"es","potentialAction":[{"@type":"ReadAction","target":["https:\/\/laprensacristiana.com\/?p=8254"]}]},{"@type":"BreadcrumbList","@id":"https:\/\/laprensacristiana.com\/?p=8254#breadcrumb","itemListElement":[{"@type":"ListItem","position":1,"name":"Portada","item":"https:\/\/laprensacristiana.com\/"},{"@type":"ListItem","position":2,"name":"Pastor es condenado a dos a\u00f1os de prisi\u00f3n en Cuba por educar a sus hijos en casa"}]},{"@type":"WebSite","@id":"https:\/\/laprensacristiana.com\/#website","url":"https:\/\/laprensacristiana.com\/","name":"La Prensa Cristiana","description":"Anunciando Las Buenas Nuevas","potentialAction":[{"@type":"SearchAction","target":{"@type":"EntryPoint","urlTemplate":"https:\/\/laprensacristiana.com\/?s={search_term_string}"},"query-input":"required name=search_term_string"}],"inLanguage":"es"},{"@type":"Person","@id":"https:\/\/laprensacristiana.com\/#\/schema\/person\/3e7d82c6bfd6b1fa67010f8f7cd5256e","name":"EDITOR","image":{"@type":"ImageObject","inLanguage":"es","@id":"https:\/\/laprensacristiana.com\/#\/schema\/person\/image\/","url":"https:\/\/secure.gravatar.com\/avatar\/72069dfb6c13772d9e8381e3638666d2?s=96&d=mm&r=g","contentUrl":"https:\/\/secure.gravatar.com\/avatar\/72069dfb6c13772d9e8381e3638666d2?s=96&d=mm&r=g","caption":"EDITOR"},"url":"https:\/\/laprensacristiana.com\/?author=3"}]}},"_links":{"self":[{"href":"https:\/\/laprensacristiana.com\/index.php?rest_route=\/wp\/v2\/posts\/8254"}],"collection":[{"href":"https:\/\/laprensacristiana.com\/index.php?rest_route=\/wp\/v2\/posts"}],"about":[{"href":"https:\/\/laprensacristiana.com\/index.php?rest_route=\/wp\/v2\/types\/post"}],"author":[{"embeddable":true,"href":"https:\/\/laprensacristiana.com\/index.php?rest_route=\/wp\/v2\/users\/3"}],"replies":[{"embeddable":true,"href":"https:\/\/laprensacristiana.com\/index.php?rest_route=%2Fwp%2Fv2%2Fcomments&post=8254"}],"version-history":[{"count":1,"href":"https:\/\/laprensacristiana.com\/index.php?rest_route=\/wp\/v2\/posts\/8254\/revisions"}],"predecessor-version":[{"id":8256,"href":"https:\/\/laprensacristiana.com\/index.php?rest_route=\/wp\/v2\/posts\/8254\/revisions\/8256"}],"wp:featuredmedia":[{"embeddable":true,"href":"https:\/\/laprensacristiana.com\/index.php?rest_route=\/wp\/v2\/media\/8255"}],"wp:attachment":[{"href":"https:\/\/laprensacristiana.com\/index.php?rest_route=%2Fwp%2Fv2%2Fmedia&parent=8254"}],"wp:term":[{"taxonomy":"category","embeddable":true,"href":"https:\/\/laprensacristiana.com\/index.php?rest_route=%2Fwp%2Fv2%2Fcategories&post=8254"},{"taxonomy":"post_tag","embeddable":true,"href":"https:\/\/laprensacristiana.com\/index.php?rest_route=%2Fwp%2Fv2%2Ftags&post=8254"}],"curies":[{"name":"wp","href":"https:\/\/api.w.org\/{rel}","templated":true}]}}