{"id":8266,"date":"2020-02-24T14:18:31","date_gmt":"2020-02-24T14:18:31","guid":{"rendered":"https:\/\/laprensacristiana.com\/?p=8266"},"modified":"2020-02-24T14:18:34","modified_gmt":"2020-02-24T14:18:34","slug":"el-beso-del-padre","status":"publish","type":"post","link":"https:\/\/laprensacristiana.com\/?p=8266","title":{"rendered":"El beso del padre"},"content":{"rendered":"\n<pre class=\"wp-block-code\"><code>                                               <\/code><\/pre>\n\n\n\n<p>Lucas 15:20b \u201c\u2026su padre lo vio y sinti\u00f3 compasi\u00f3n por \u00e9l, y corri\u00f3, se ech\u00f3 sobre su cuello y lo bes\u00f3\u201d<\/p>\n\n\n\n<p>Al morir, nada material te llevas. El tiempo es el tesoro m\u00e1s valioso que tenemos, porque es limitado. Podemos producir m\u00e1s dinero, pero no m\u00e1s tiempo. Cuando dedicamos tiempo a una persona le estamos entregando una porci\u00f3n de nuestra vida que nunca podremos recuperar. Nuestro tiempo es nuestra vida.  El mejor regalo que puedes dar a alguien es tu tiempo y siempre se regala a la familia o a los buenos amigos. <\/p>\n\n\n\n<p>Es por eso que el padre de este hijo pr\u00f3digo hab\u00eda pasado noches enteras esperando su llegada. En su coraz\u00f3n a\u00fan sangraban -pienso yo-, las heridas de su propia experiencia, cuando fue joven y no tuvo a nadie que lo esperara despierto por las noches cuando en su insensatez se iba de parranda con sus amigos. <\/p>\n\n\n\n<p>Llegaba a casa y no hab\u00eda nadie que lo esperara. Era el invisible de la familia. Cuando joven no tuvo un abrazo de ternura de su padre. No tuvo un beso de bienvenida. No tuvo una palabra que alimentara su alma. No tuvo unos brazos fuertes, varoniles que lo sostuvieron cuando cay\u00f3 en el fondo del fango. No tuvo una mirada compasiva. Es m\u00e0s, nunca le hab\u00edan hecho una fiesta. No tuvo pastel de cumplea\u00f1os. No tuvo una palmada en la espalda cuando hizo algo bueno. No tuvo, no tuvo, no tuvo\u2026<\/p>\n\n\n\n<p>Y ahora la historia se repite. Su hijo peque\u00f1o, el m\u00e0s invisible de la casa est\u00e1 repitiendo su historia. Se ha ido de casa a buscar lo que le falta. No es dinero lo que necesita. No son comodidades, ni tabletas, ni su iPhone ni sus auriculares inal\u00e1mbricos. Todo eso lo tiene de sobra. Ahora el padre entiende lo que su hijo querido anda buscando. Se ha ido de su lado no por rebeld\u00eda ni por esos momentos emocionales en que la hija se va de la casa con un muchacho de mala pinta. No, no es sexo lo que ella busca. Lo que necesita no es llenar su almohada con alguien anodino. Lo que busca su hija, querido lector o lectora, es lo que no tiene en casa. Abrazos. Besos no sexuales. Caricias no er\u00f2ticas. Palabras no blasfemas. Todo lo contrario. Su hija lo que busca son palabras de afirmaci\u00f3n. Alguien que le diga que es bonita. Que es hermosa. Que vale oro. Alguien que le haga sentir viva. No importa la \u201cpinta\u201d que tenga. No importan sus aritos en la nariz o en la lengua. Tampoco sus tatuajes. Ella lo que ve y escucha son esas palabras que la hacen sentir que es alguien. Que est\u00e1 viva. Que vale la pena estar a su lado.<\/p>\n\n\n\n<p>El hijo \u201cpr\u00f3digo\u201d no es una vago. No es alguien que quiere vivir porque s\u00ed. La historia dice que busc\u00f3 un trabajo. Eso quiere decir que no era un in\u00fatil. Sab\u00eca ganarse su pan del d\u00eca. Lo que dijo el hermano mayor no era del todo cierto. No se fue de casa para no hacer oficio porque lo sab\u00eca hacer. Todos han estado equivocados al juzgarlo. Todos, menos el padre. Y eso motiv\u00f3 al padre a hacer una catarsis interna para saber en qu\u00e9 hab\u00eda fallado como tal. Y encontr\u00f3 las respuestas dentro de s\u00ed mismo. Su hijo sali\u00f3 a buscar lo que ten\u00eda perdido. <\/p>\n\n\n\n<p>Y es cuando vemos la escena impactante del regreso a casa. El padre corre con el coraz\u00f3n palpit\u00e1ndole a mil por hora. No espera m\u00e0s, necesita ir al encuentro de su peque\u00f1o. Necesita hacer algo que nunca hab\u00eda hecho. Porque siempre estaba trabajando. Siempre haciendo m\u00e0s y m\u00e0s dinero. M\u00e0s ganado vacuno. M\u00e0s insumos para sus animales. M\u00e0s toros para aumentar sus crias. M\u00e0s comida para sus bestias. Y menos amor para sus hijos. Menos tiempo para darles lo que realmente alimenta el alma de sus peque\u00f1os. Es cierto, les llenaba el est\u00f3mago pero no el coraz\u00f3n. Y cuando ve al hijo lo primero que hace no es rega\u00f1arlo. Lo vemos en la escena que magistralmente el Doctor Lucas nos narra: Lo besa. Lo abraza. Se olvida de sus vacas y sus chequeras. Ahora lo que importa es el hijo. Hacerle fiesta. Hacerle saber que importa. Que ya no es el invisible de la familia. Que antes que los toros y los chivos, \u00e8l, el hijo, vale una fortuna. Quiz\u00e1 el hijo le dijo: \u201cPadre, huelo mal. Estoy sucio. No me toques\u201d. Pero creo que el padre le dice: \u201cYo no vine a olerte. Vine a darte lo que yo no tuve. Vine a abrazarme a m\u00ed mismo en ti. Vine a vivir contigo lo que yo no pude vivir en mi tiempo. Vine a pedirte perd\u00f3n porque nunca me ense\u00f1aron a valorar a nadie m\u00e0s que al dinero. Vine a reconciliarme conmigo mismo hijo querido. Tendremos la fiesta que yo no tuve. Te har\u00e9 la comida que nunca tuve y comeremos juntos. Reiremos juntos. Nos alegraremos juntos. Y a partir de hoy, estaremos juntos\u2026\u201d \u00bfY el otro hijo? Es otra historia. <\/p>\n\n\n\n<p>Soli Deo Gloria<\/p>\n","protected":false},"excerpt":{"rendered":"<p>Lucas 15:20b \u201c\u2026su padre lo vio y sinti\u00f3 compasi\u00f3n por \u00e9l, y corri\u00f3, se ech\u00f3 sobre su cuello y lo bes\u00f3\u201d Al morir, nada material te llevas. El tiempo es el tesoro m\u00e1s valioso que tenemos, porque es limitado. Podemos producir m\u00e1s dinero, pero no m\u00e1s tiempo. Cuando dedicamos tiempo a una persona le estamos [&hellip;]<\/p>\n","protected":false},"author":3,"featured_media":7949,"comment_status":"open","ping_status":"open","sticky":false,"template":"","format":"standard","meta":[],"categories":[36],"tags":[],"yoast_head":"<!-- This site is optimized with the Yoast SEO plugin v20.8 - https:\/\/yoast.com\/wordpress\/plugins\/seo\/ -->\n<title>El beso del padre - La Prensa Cristiana<\/title>\n<meta name=\"robots\" content=\"index, follow, max-snippet:-1, max-image-preview:large, max-video-preview:-1\" \/>\n<link rel=\"canonical\" href=\"https:\/\/laprensacristiana.com\/?p=8266\" \/>\n<meta property=\"og:locale\" content=\"es_ES\" \/>\n<meta property=\"og:type\" content=\"article\" \/>\n<meta property=\"og:title\" content=\"El beso del padre - La Prensa Cristiana\" \/>\n<meta property=\"og:description\" content=\"Lucas 15:20b \u201c\u2026su padre lo vio y sinti\u00f3 compasi\u00f3n por \u00e9l, y corri\u00f3, se ech\u00f3 sobre su cuello y lo bes\u00f3\u201d Al morir, nada material te llevas. El tiempo es el tesoro m\u00e1s valioso que tenemos, porque es limitado. Podemos producir m\u00e1s dinero, pero no m\u00e1s tiempo. Cuando dedicamos tiempo a una persona le estamos [&hellip;]\" \/>\n<meta property=\"og:url\" content=\"https:\/\/laprensacristiana.com\/?p=8266\" \/>\n<meta property=\"og:site_name\" content=\"La Prensa Cristiana\" \/>\n<meta property=\"article:published_time\" content=\"2020-02-24T14:18:31+00:00\" \/>\n<meta property=\"article:modified_time\" content=\"2020-02-24T14:18:34+00:00\" \/>\n<meta property=\"og:image\" content=\"https:\/\/laprensacristiana.com\/wp-content\/uploads\/2020\/01\/2017-11-23-PHOTO-00003245-1.jpg\" \/>\n\t<meta property=\"og:image:width\" content=\"1280\" \/>\n\t<meta property=\"og:image:height\" content=\"714\" \/>\n\t<meta property=\"og:image:type\" content=\"image\/jpeg\" \/>\n<meta name=\"author\" content=\"EDITOR\" \/>\n<meta name=\"twitter:card\" content=\"summary_large_image\" \/>\n<meta name=\"twitter:label1\" content=\"Escrito por\" \/>\n\t<meta name=\"twitter:data1\" content=\"EDITOR\" \/>\n\t<meta name=\"twitter:label2\" content=\"Tiempo de lectura\" \/>\n\t<meta name=\"twitter:data2\" content=\"4 minutos\" \/>\n<script type=\"application\/ld+json\" class=\"yoast-schema-graph\">{\"@context\":\"https:\/\/schema.org\",\"@graph\":[{\"@type\":\"WebPage\",\"@id\":\"https:\/\/laprensacristiana.com\/?p=8266\",\"url\":\"https:\/\/laprensacristiana.com\/?p=8266\",\"name\":\"El beso del padre - La Prensa Cristiana\",\"isPartOf\":{\"@id\":\"https:\/\/laprensacristiana.com\/#website\"},\"datePublished\":\"2020-02-24T14:18:31+00:00\",\"dateModified\":\"2020-02-24T14:18:34+00:00\",\"author\":{\"@id\":\"https:\/\/laprensacristiana.com\/#\/schema\/person\/3e7d82c6bfd6b1fa67010f8f7cd5256e\"},\"breadcrumb\":{\"@id\":\"https:\/\/laprensacristiana.com\/?p=8266#breadcrumb\"},\"inLanguage\":\"es\",\"potentialAction\":[{\"@type\":\"ReadAction\",\"target\":[\"https:\/\/laprensacristiana.com\/?p=8266\"]}]},{\"@type\":\"BreadcrumbList\",\"@id\":\"https:\/\/laprensacristiana.com\/?p=8266#breadcrumb\",\"itemListElement\":[{\"@type\":\"ListItem\",\"position\":1,\"name\":\"Portada\",\"item\":\"https:\/\/laprensacristiana.com\/\"},{\"@type\":\"ListItem\",\"position\":2,\"name\":\"El beso del padre\"}]},{\"@type\":\"WebSite\",\"@id\":\"https:\/\/laprensacristiana.com\/#website\",\"url\":\"https:\/\/laprensacristiana.com\/\",\"name\":\"La Prensa Cristiana\",\"description\":\"Anunciando Las Buenas Nuevas\",\"potentialAction\":[{\"@type\":\"SearchAction\",\"target\":{\"@type\":\"EntryPoint\",\"urlTemplate\":\"https:\/\/laprensacristiana.com\/?s={search_term_string}\"},\"query-input\":\"required name=search_term_string\"}],\"inLanguage\":\"es\"},{\"@type\":\"Person\",\"@id\":\"https:\/\/laprensacristiana.com\/#\/schema\/person\/3e7d82c6bfd6b1fa67010f8f7cd5256e\",\"name\":\"EDITOR\",\"image\":{\"@type\":\"ImageObject\",\"inLanguage\":\"es\",\"@id\":\"https:\/\/laprensacristiana.com\/#\/schema\/person\/image\/\",\"url\":\"https:\/\/secure.gravatar.com\/avatar\/72069dfb6c13772d9e8381e3638666d2?s=96&d=mm&r=g\",\"contentUrl\":\"https:\/\/secure.gravatar.com\/avatar\/72069dfb6c13772d9e8381e3638666d2?s=96&d=mm&r=g\",\"caption\":\"EDITOR\"},\"url\":\"https:\/\/laprensacristiana.com\/?author=3\"}]}<\/script>\n<!-- \/ Yoast SEO plugin. -->","yoast_head_json":{"title":"El beso del padre - La Prensa Cristiana","robots":{"index":"index","follow":"follow","max-snippet":"max-snippet:-1","max-image-preview":"max-image-preview:large","max-video-preview":"max-video-preview:-1"},"canonical":"https:\/\/laprensacristiana.com\/?p=8266","og_locale":"es_ES","og_type":"article","og_title":"El beso del padre - La Prensa Cristiana","og_description":"Lucas 15:20b \u201c\u2026su padre lo vio y sinti\u00f3 compasi\u00f3n por \u00e9l, y corri\u00f3, se ech\u00f3 sobre su cuello y lo bes\u00f3\u201d Al morir, nada material te llevas. El tiempo es el tesoro m\u00e1s valioso que tenemos, porque es limitado. Podemos producir m\u00e1s dinero, pero no m\u00e1s tiempo. Cuando dedicamos tiempo a una persona le estamos [&hellip;]","og_url":"https:\/\/laprensacristiana.com\/?p=8266","og_site_name":"La Prensa Cristiana","article_published_time":"2020-02-24T14:18:31+00:00","article_modified_time":"2020-02-24T14:18:34+00:00","og_image":[{"width":1280,"height":714,"url":"https:\/\/laprensacristiana.com\/wp-content\/uploads\/2020\/01\/2017-11-23-PHOTO-00003245-1.jpg","type":"image\/jpeg"}],"author":"EDITOR","twitter_card":"summary_large_image","twitter_misc":{"Escrito por":"EDITOR","Tiempo de lectura":"4 minutos"},"schema":{"@context":"https:\/\/schema.org","@graph":[{"@type":"WebPage","@id":"https:\/\/laprensacristiana.com\/?p=8266","url":"https:\/\/laprensacristiana.com\/?p=8266","name":"El beso del padre - La Prensa Cristiana","isPartOf":{"@id":"https:\/\/laprensacristiana.com\/#website"},"datePublished":"2020-02-24T14:18:31+00:00","dateModified":"2020-02-24T14:18:34+00:00","author":{"@id":"https:\/\/laprensacristiana.com\/#\/schema\/person\/3e7d82c6bfd6b1fa67010f8f7cd5256e"},"breadcrumb":{"@id":"https:\/\/laprensacristiana.com\/?p=8266#breadcrumb"},"inLanguage":"es","potentialAction":[{"@type":"ReadAction","target":["https:\/\/laprensacristiana.com\/?p=8266"]}]},{"@type":"BreadcrumbList","@id":"https:\/\/laprensacristiana.com\/?p=8266#breadcrumb","itemListElement":[{"@type":"ListItem","position":1,"name":"Portada","item":"https:\/\/laprensacristiana.com\/"},{"@type":"ListItem","position":2,"name":"El beso del padre"}]},{"@type":"WebSite","@id":"https:\/\/laprensacristiana.com\/#website","url":"https:\/\/laprensacristiana.com\/","name":"La Prensa Cristiana","description":"Anunciando Las Buenas Nuevas","potentialAction":[{"@type":"SearchAction","target":{"@type":"EntryPoint","urlTemplate":"https:\/\/laprensacristiana.com\/?s={search_term_string}"},"query-input":"required name=search_term_string"}],"inLanguage":"es"},{"@type":"Person","@id":"https:\/\/laprensacristiana.com\/#\/schema\/person\/3e7d82c6bfd6b1fa67010f8f7cd5256e","name":"EDITOR","image":{"@type":"ImageObject","inLanguage":"es","@id":"https:\/\/laprensacristiana.com\/#\/schema\/person\/image\/","url":"https:\/\/secure.gravatar.com\/avatar\/72069dfb6c13772d9e8381e3638666d2?s=96&d=mm&r=g","contentUrl":"https:\/\/secure.gravatar.com\/avatar\/72069dfb6c13772d9e8381e3638666d2?s=96&d=mm&r=g","caption":"EDITOR"},"url":"https:\/\/laprensacristiana.com\/?author=3"}]}},"_links":{"self":[{"href":"https:\/\/laprensacristiana.com\/index.php?rest_route=\/wp\/v2\/posts\/8266"}],"collection":[{"href":"https:\/\/laprensacristiana.com\/index.php?rest_route=\/wp\/v2\/posts"}],"about":[{"href":"https:\/\/laprensacristiana.com\/index.php?rest_route=\/wp\/v2\/types\/post"}],"author":[{"embeddable":true,"href":"https:\/\/laprensacristiana.com\/index.php?rest_route=\/wp\/v2\/users\/3"}],"replies":[{"embeddable":true,"href":"https:\/\/laprensacristiana.com\/index.php?rest_route=%2Fwp%2Fv2%2Fcomments&post=8266"}],"version-history":[{"count":1,"href":"https:\/\/laprensacristiana.com\/index.php?rest_route=\/wp\/v2\/posts\/8266\/revisions"}],"predecessor-version":[{"id":8267,"href":"https:\/\/laprensacristiana.com\/index.php?rest_route=\/wp\/v2\/posts\/8266\/revisions\/8267"}],"wp:featuredmedia":[{"embeddable":true,"href":"https:\/\/laprensacristiana.com\/index.php?rest_route=\/wp\/v2\/media\/7949"}],"wp:attachment":[{"href":"https:\/\/laprensacristiana.com\/index.php?rest_route=%2Fwp%2Fv2%2Fmedia&parent=8266"}],"wp:term":[{"taxonomy":"category","embeddable":true,"href":"https:\/\/laprensacristiana.com\/index.php?rest_route=%2Fwp%2Fv2%2Fcategories&post=8266"},{"taxonomy":"post_tag","embeddable":true,"href":"https:\/\/laprensacristiana.com\/index.php?rest_route=%2Fwp%2Fv2%2Ftags&post=8266"}],"curies":[{"name":"wp","href":"https:\/\/api.w.org\/{rel}","templated":true}]}}