{"id":8279,"date":"2020-02-24T19:54:35","date_gmt":"2020-02-24T19:54:35","guid":{"rendered":"https:\/\/laprensacristiana.com\/?p=8279"},"modified":"2020-07-01T19:47:13","modified_gmt":"2020-07-01T19:47:13","slug":"hombre-es-golpeado-y-expulsado-de-su-casa-y-trabajo-a-causa-de-su-fe","status":"publish","type":"post","link":"https:\/\/laprensacristiana.com\/?p=8279","title":{"rendered":"Hombre es golpeado y expulsado de su casa y trabajo a causa de su fe."},"content":{"rendered":"\n<p>Seg\u00fan un informe del Ministerio Puertas Abiertas quien se encarga de monitorear a los cristianos que sufren alg\u00fan tipo de persecuci\u00f3n a nivel mundial, en Marruecos al norte de \u00c1frica, un creyente de nombre Kabir fue golpeado y expulsado de su hogar y de su trabajo por su fe en Jesucristo.<\/p>\n\n\n\n<p>\u00abOremos para que pueda afrontar esta situaci\u00f3n con paz en su coraz\u00f3n y para que sus necesidades m\u00e1s inmediatas sean suplidas\u00bb expres\u00f3 el Ministerio Puertas Abiertas a trav\u00e9s de sus redes sociales.<\/p>\n\n\n\n<p>Diariamente presentan diferentes peticiones por todos los cristianos que sufren persecuci\u00f3n a nivel mundial, aunque Marruecos se considera un pa\u00eds relativamente tolerante, los cristianos sufren persecuci\u00f3n tanto por parte del Estado como de la sociedad en general, aunque en menor medida que la mayor\u00eda de pa\u00edses del Norte de \u00c1frica y Oriente Medio. En las zonas rurales, la presi\u00f3n de la familia y de la comunidad es mayor sobre los cristianos seg\u00fan el informe de Puertas Abiertas.<\/p>\n","protected":false},"excerpt":{"rendered":"<p>Seg\u00fan un informe del Ministerio Puertas Abiertas quien se encarga de monitorear a los cristianos que sufren alg\u00fan tipo de persecuci\u00f3n a nivel mundial, en Marruecos al norte de \u00c1frica, un creyente de nombre Kabir fue golpeado y expulsado de su hogar y de su trabajo por su fe en Jesucristo. \u00abOremos para que pueda [&hellip;]<\/p>\n","protected":false},"author":3,"featured_media":8280,"comment_status":"open","ping_status":"open","sticky":false,"template":"","format":"standard","meta":[],"categories":[56],"tags":[],"yoast_head":"<!-- This site is optimized with the Yoast SEO plugin v20.8 - https:\/\/yoast.com\/wordpress\/plugins\/seo\/ -->\n<title>Hombre es golpeado y expulsado de su casa y trabajo a causa de su fe. - La Prensa Cristiana<\/title>\n<meta name=\"robots\" content=\"index, follow, max-snippet:-1, max-image-preview:large, max-video-preview:-1\" \/>\n<link rel=\"canonical\" href=\"https:\/\/laprensacristiana.com\/?p=8279\" \/>\n<meta property=\"og:locale\" content=\"es_ES\" \/>\n<meta property=\"og:type\" content=\"article\" \/>\n<meta property=\"og:title\" content=\"Hombre es golpeado y expulsado de su casa y trabajo a causa de su fe. - La Prensa Cristiana\" \/>\n<meta property=\"og:description\" content=\"Seg\u00fan un informe del Ministerio Puertas Abiertas quien se encarga de monitorear a los cristianos que sufren alg\u00fan tipo de persecuci\u00f3n a nivel mundial, en Marruecos al norte de \u00c1frica, un creyente de nombre Kabir fue golpeado y expulsado de su hogar y de su trabajo por su fe en Jesucristo. \u00abOremos para que pueda [&hellip;]\" \/>\n<meta property=\"og:url\" content=\"https:\/\/laprensacristiana.com\/?p=8279\" \/>\n<meta property=\"og:site_name\" content=\"La Prensa Cristiana\" \/>\n<meta property=\"article:published_time\" content=\"2020-02-24T19:54:35+00:00\" \/>\n<meta property=\"article:modified_time\" content=\"2020-07-01T19:47:13+00:00\" \/>\n<meta property=\"og:image\" content=\"https:\/\/laprensacristiana.com\/wp-content\/uploads\/2020\/02\/rosagp7_20200224_095354_2.jpg\" \/>\n\t<meta property=\"og:image:width\" content=\"1080\" \/>\n\t<meta property=\"og:image:height\" content=\"1080\" \/>\n\t<meta property=\"og:image:type\" content=\"image\/jpeg\" \/>\n<meta name=\"author\" content=\"EDITOR\" \/>\n<meta name=\"twitter:card\" content=\"summary_large_image\" \/>\n<meta name=\"twitter:label1\" content=\"Escrito por\" \/>\n\t<meta name=\"twitter:data1\" content=\"EDITOR\" \/>\n\t<meta name=\"twitter:label2\" content=\"Tiempo de lectura\" \/>\n\t<meta name=\"twitter:data2\" content=\"1 minuto\" \/>\n<script type=\"application\/ld+json\" class=\"yoast-schema-graph\">{\"@context\":\"https:\/\/schema.org\",\"@graph\":[{\"@type\":\"WebPage\",\"@id\":\"https:\/\/laprensacristiana.com\/?p=8279\",\"url\":\"https:\/\/laprensacristiana.com\/?p=8279\",\"name\":\"Hombre es golpeado y expulsado de su casa y trabajo a causa de su fe. - La Prensa Cristiana\",\"isPartOf\":{\"@id\":\"https:\/\/laprensacristiana.com\/#website\"},\"datePublished\":\"2020-02-24T19:54:35+00:00\",\"dateModified\":\"2020-07-01T19:47:13+00:00\",\"author\":{\"@id\":\"https:\/\/laprensacristiana.com\/#\/schema\/person\/3e7d82c6bfd6b1fa67010f8f7cd5256e\"},\"breadcrumb\":{\"@id\":\"https:\/\/laprensacristiana.com\/?p=8279#breadcrumb\"},\"inLanguage\":\"es\",\"potentialAction\":[{\"@type\":\"ReadAction\",\"target\":[\"https:\/\/laprensacristiana.com\/?p=8279\"]}]},{\"@type\":\"BreadcrumbList\",\"@id\":\"https:\/\/laprensacristiana.com\/?p=8279#breadcrumb\",\"itemListElement\":[{\"@type\":\"ListItem\",\"position\":1,\"name\":\"Portada\",\"item\":\"https:\/\/laprensacristiana.com\/\"},{\"@type\":\"ListItem\",\"position\":2,\"name\":\"Hombre es golpeado y expulsado de su casa y trabajo a causa de su fe.\"}]},{\"@type\":\"WebSite\",\"@id\":\"https:\/\/laprensacristiana.com\/#website\",\"url\":\"https:\/\/laprensacristiana.com\/\",\"name\":\"La Prensa Cristiana\",\"description\":\"Anunciando Las Buenas Nuevas\",\"potentialAction\":[{\"@type\":\"SearchAction\",\"target\":{\"@type\":\"EntryPoint\",\"urlTemplate\":\"https:\/\/laprensacristiana.com\/?s={search_term_string}\"},\"query-input\":\"required name=search_term_string\"}],\"inLanguage\":\"es\"},{\"@type\":\"Person\",\"@id\":\"https:\/\/laprensacristiana.com\/#\/schema\/person\/3e7d82c6bfd6b1fa67010f8f7cd5256e\",\"name\":\"EDITOR\",\"image\":{\"@type\":\"ImageObject\",\"inLanguage\":\"es\",\"@id\":\"https:\/\/laprensacristiana.com\/#\/schema\/person\/image\/\",\"url\":\"https:\/\/secure.gravatar.com\/avatar\/72069dfb6c13772d9e8381e3638666d2?s=96&d=mm&r=g\",\"contentUrl\":\"https:\/\/secure.gravatar.com\/avatar\/72069dfb6c13772d9e8381e3638666d2?s=96&d=mm&r=g\",\"caption\":\"EDITOR\"},\"url\":\"https:\/\/laprensacristiana.com\/?author=3\"}]}<\/script>\n<!-- \/ Yoast SEO plugin. -->","yoast_head_json":{"title":"Hombre es golpeado y expulsado de su casa y trabajo a causa de su fe. - La Prensa Cristiana","robots":{"index":"index","follow":"follow","max-snippet":"max-snippet:-1","max-image-preview":"max-image-preview:large","max-video-preview":"max-video-preview:-1"},"canonical":"https:\/\/laprensacristiana.com\/?p=8279","og_locale":"es_ES","og_type":"article","og_title":"Hombre es golpeado y expulsado de su casa y trabajo a causa de su fe. - La Prensa Cristiana","og_description":"Seg\u00fan un informe del Ministerio Puertas Abiertas quien se encarga de monitorear a los cristianos que sufren alg\u00fan tipo de persecuci\u00f3n a nivel mundial, en Marruecos al norte de \u00c1frica, un creyente de nombre Kabir fue golpeado y expulsado de su hogar y de su trabajo por su fe en Jesucristo. \u00abOremos para que pueda [&hellip;]","og_url":"https:\/\/laprensacristiana.com\/?p=8279","og_site_name":"La Prensa Cristiana","article_published_time":"2020-02-24T19:54:35+00:00","article_modified_time":"2020-07-01T19:47:13+00:00","og_image":[{"width":1080,"height":1080,"url":"https:\/\/laprensacristiana.com\/wp-content\/uploads\/2020\/02\/rosagp7_20200224_095354_2.jpg","type":"image\/jpeg"}],"author":"EDITOR","twitter_card":"summary_large_image","twitter_misc":{"Escrito por":"EDITOR","Tiempo de lectura":"1 minuto"},"schema":{"@context":"https:\/\/schema.org","@graph":[{"@type":"WebPage","@id":"https:\/\/laprensacristiana.com\/?p=8279","url":"https:\/\/laprensacristiana.com\/?p=8279","name":"Hombre es golpeado y expulsado de su casa y trabajo a causa de su fe. - La Prensa Cristiana","isPartOf":{"@id":"https:\/\/laprensacristiana.com\/#website"},"datePublished":"2020-02-24T19:54:35+00:00","dateModified":"2020-07-01T19:47:13+00:00","author":{"@id":"https:\/\/laprensacristiana.com\/#\/schema\/person\/3e7d82c6bfd6b1fa67010f8f7cd5256e"},"breadcrumb":{"@id":"https:\/\/laprensacristiana.com\/?p=8279#breadcrumb"},"inLanguage":"es","potentialAction":[{"@type":"ReadAction","target":["https:\/\/laprensacristiana.com\/?p=8279"]}]},{"@type":"BreadcrumbList","@id":"https:\/\/laprensacristiana.com\/?p=8279#breadcrumb","itemListElement":[{"@type":"ListItem","position":1,"name":"Portada","item":"https:\/\/laprensacristiana.com\/"},{"@type":"ListItem","position":2,"name":"Hombre es golpeado y expulsado de su casa y trabajo a causa de su fe."}]},{"@type":"WebSite","@id":"https:\/\/laprensacristiana.com\/#website","url":"https:\/\/laprensacristiana.com\/","name":"La Prensa Cristiana","description":"Anunciando Las Buenas Nuevas","potentialAction":[{"@type":"SearchAction","target":{"@type":"EntryPoint","urlTemplate":"https:\/\/laprensacristiana.com\/?s={search_term_string}"},"query-input":"required name=search_term_string"}],"inLanguage":"es"},{"@type":"Person","@id":"https:\/\/laprensacristiana.com\/#\/schema\/person\/3e7d82c6bfd6b1fa67010f8f7cd5256e","name":"EDITOR","image":{"@type":"ImageObject","inLanguage":"es","@id":"https:\/\/laprensacristiana.com\/#\/schema\/person\/image\/","url":"https:\/\/secure.gravatar.com\/avatar\/72069dfb6c13772d9e8381e3638666d2?s=96&d=mm&r=g","contentUrl":"https:\/\/secure.gravatar.com\/avatar\/72069dfb6c13772d9e8381e3638666d2?s=96&d=mm&r=g","caption":"EDITOR"},"url":"https:\/\/laprensacristiana.com\/?author=3"}]}},"_links":{"self":[{"href":"https:\/\/laprensacristiana.com\/index.php?rest_route=\/wp\/v2\/posts\/8279"}],"collection":[{"href":"https:\/\/laprensacristiana.com\/index.php?rest_route=\/wp\/v2\/posts"}],"about":[{"href":"https:\/\/laprensacristiana.com\/index.php?rest_route=\/wp\/v2\/types\/post"}],"author":[{"embeddable":true,"href":"https:\/\/laprensacristiana.com\/index.php?rest_route=\/wp\/v2\/users\/3"}],"replies":[{"embeddable":true,"href":"https:\/\/laprensacristiana.com\/index.php?rest_route=%2Fwp%2Fv2%2Fcomments&post=8279"}],"version-history":[{"count":3,"href":"https:\/\/laprensacristiana.com\/index.php?rest_route=\/wp\/v2\/posts\/8279\/revisions"}],"predecessor-version":[{"id":8283,"href":"https:\/\/laprensacristiana.com\/index.php?rest_route=\/wp\/v2\/posts\/8279\/revisions\/8283"}],"wp:featuredmedia":[{"embeddable":true,"href":"https:\/\/laprensacristiana.com\/index.php?rest_route=\/wp\/v2\/media\/8280"}],"wp:attachment":[{"href":"https:\/\/laprensacristiana.com\/index.php?rest_route=%2Fwp%2Fv2%2Fmedia&parent=8279"}],"wp:term":[{"taxonomy":"category","embeddable":true,"href":"https:\/\/laprensacristiana.com\/index.php?rest_route=%2Fwp%2Fv2%2Fcategories&post=8279"},{"taxonomy":"post_tag","embeddable":true,"href":"https:\/\/laprensacristiana.com\/index.php?rest_route=%2Fwp%2Fv2%2Ftags&post=8279"}],"curies":[{"name":"wp","href":"https:\/\/api.w.org\/{rel}","templated":true}]}}