{"id":8288,"date":"2020-02-25T15:02:24","date_gmt":"2020-02-25T15:02:24","guid":{"rendered":"https:\/\/laprensacristiana.com\/?p=8288"},"modified":"2020-02-25T15:35:19","modified_gmt":"2020-02-25T15:35:19","slug":"para-ti-que-luchas","status":"publish","type":"post","link":"https:\/\/laprensacristiana.com\/?p=8288","title":{"rendered":"Para ti que luchas"},"content":{"rendered":"\n<p>El c\u00e1ncer\u2026 La palabra m\u00e1s tenebrosa que he escuchado con sin\u00f3nimos como: angustia, dolor, sufrimiento, muerte\u2026 Sin duda me ha cambiado la vida por completo y constantemente pienso en c\u00f3mo fueran las cosas si no existiera.<br> <\/p>\n\n\n\n<p>Pienso constantemente, cuestion\u00e1ndome porqu\u00e9, \u00bfQue hice para estar enferma? Y no solo por m\u00ed\u2026 \u00bfPor qu\u00e9 los ni\u00f1os o la gente inocente?, \u00bfCon cu\u00e1ntas personas tiene que acabar para encontrarle un sentido?, \u00bfCu\u00e1nto dolor tiene que causar? A mi alrededor este tema est\u00e1 tan presente en m\u00ed que es imposible no verlo o pensar en ello.<br>\n<\/p>\n\n\n\n<p>Quisiera poder decirles a todos que los entiendo y que no est\u00e1 mal sentirse triste, confundido o enojado. Que no est\u00e1 mal alejarse de todos y pensar a solas. Que no est\u00e1 mal sentirse avergonzado o frustrado por un tiempo. No est\u00e1 mal tener c\u00e1ncer.<br>\n<\/p>\n\n\n\n<p>Lo que s\u00ed est\u00e1 mal es sentirte menos por ello, cambiar lo que eres, culparse por todo lo que pasa, lastimarte de cualquier forma, no creerte capaz.<br>\n<\/p>\n\n\n\n<p>Somos gloriosos. Nuestras luchan van a otro nivel, por tanto, la victoria que tendremos es indescriptible. Est\u00e1 bien llorar, gritar, cansarse, pero levant\u00e9monos despacio y hagamos que todo este proceso valga la pena. Tengamos una historia extraordinaria que contar y que quede en boca de muchos para que no se olvide nunca. No importa si no eres t\u00fa quien cuente el final de la historia, que quede en ti que luchaste hasta la \u00faltima gota y no solo enorgulleciste e inspiraste a los dem\u00e1s, sino que tambi\u00e9n lo hiciste por ti probando toda la fuerza y el amor que ten\u00edas. En cualquier circunstancia al final de todo te dir\u00e1n: \u00a1Lo hiciste, ya estas! Porque diste todo de ti y sin duda ser\u00e1 recompensado. La vida te devuelve todo lo que te quit\u00f3, de cualquier forma. S\u00e9 que siempre te dicen que todo va a estar bien y parece que ese d\u00eda jam\u00e1s llegar\u00e1, puede que no lo veas justo ahorita pero solo es el comienzo de grandes cosas. D\u00e9jate moldear por el proceso, deja que tu mente vaya averiguando y contestando todas las preguntas por su cuenta. La paciencia a todo el proceso te ayuda a crear conciencia. No te dejes derrotar por el d\u00eda malo, recuerda todos los motivos que tienes para seguir. Busca algo o alguien que te inspire y te haga sentir bien, af\u00e9rrate a ello y eso te motivar\u00e1 a ponerte en pie por m\u00e1s agotado que est\u00e9s. Las veces que te caes y te levantas son las que determinan lo que eres capaz de alcanzar. El camino es largo y oscuro, pero si nos quedamos en las tinieblas perdemos el objetivo; no permitas que el c\u00e1ncer opaque tus sue\u00f1os y metas. Todo pasa y aunque no hicimos nada para merecer tal sufrimiento, hemos dado todo para alcanzar esa tan anhelada recompensa y descanso. No olvides que entre m\u00e1s grande es la batalla, m\u00e1s gloriosa es la victoria.<\/p>\n","protected":false},"excerpt":{"rendered":"<p>El c\u00e1ncer\u2026 La palabra m\u00e1s tenebrosa que he escuchado con sin\u00f3nimos como: angustia, dolor, sufrimiento, muerte\u2026 Sin duda me ha cambiado la vida por completo y constantemente pienso en c\u00f3mo fueran las cosas si no existiera. Pienso constantemente, cuestion\u00e1ndome porqu\u00e9, \u00bfQue hice para estar enferma? Y no solo por m\u00ed\u2026 \u00bfPor qu\u00e9 los ni\u00f1os o [&hellip;]<\/p>\n","protected":false},"author":3,"featured_media":6079,"comment_status":"open","ping_status":"open","sticky":false,"template":"","format":"standard","meta":[],"categories":[23],"tags":[],"yoast_head":"<!-- This site is optimized with the Yoast SEO plugin v20.8 - https:\/\/yoast.com\/wordpress\/plugins\/seo\/ -->\n<title>Para ti que luchas - La Prensa Cristiana<\/title>\n<meta name=\"robots\" content=\"index, follow, max-snippet:-1, max-image-preview:large, max-video-preview:-1\" \/>\n<link rel=\"canonical\" href=\"https:\/\/laprensacristiana.com\/?p=8288\" \/>\n<meta property=\"og:locale\" content=\"es_ES\" \/>\n<meta property=\"og:type\" content=\"article\" \/>\n<meta property=\"og:title\" content=\"Para ti que luchas - La Prensa Cristiana\" \/>\n<meta property=\"og:description\" content=\"El c\u00e1ncer\u2026 La palabra m\u00e1s tenebrosa que he escuchado con sin\u00f3nimos como: angustia, dolor, sufrimiento, muerte\u2026 Sin duda me ha cambiado la vida por completo y constantemente pienso en c\u00f3mo fueran las cosas si no existiera. Pienso constantemente, cuestion\u00e1ndome porqu\u00e9, \u00bfQue hice para estar enferma? Y no solo por m\u00ed\u2026 \u00bfPor qu\u00e9 los ni\u00f1os o [&hellip;]\" \/>\n<meta property=\"og:url\" content=\"https:\/\/laprensacristiana.com\/?p=8288\" \/>\n<meta property=\"og:site_name\" content=\"La Prensa Cristiana\" \/>\n<meta property=\"article:published_time\" content=\"2020-02-25T15:02:24+00:00\" \/>\n<meta property=\"article:modified_time\" content=\"2020-02-25T15:35:19+00:00\" \/>\n<meta property=\"og:image\" content=\"https:\/\/laprensacristiana.com\/wp-content\/uploads\/2019\/06\/OPINION-PASTOR-TOBY-JR-01-scaled.jpg\" \/>\n\t<meta property=\"og:image:width\" content=\"2560\" \/>\n\t<meta property=\"og:image:height\" content=\"1429\" \/>\n\t<meta property=\"og:image:type\" content=\"image\/jpeg\" \/>\n<meta name=\"author\" content=\"EDITOR\" \/>\n<meta name=\"twitter:card\" content=\"summary_large_image\" \/>\n<meta name=\"twitter:label1\" content=\"Escrito por\" \/>\n\t<meta name=\"twitter:data1\" content=\"EDITOR\" \/>\n\t<meta name=\"twitter:label2\" content=\"Tiempo de lectura\" \/>\n\t<meta name=\"twitter:data2\" content=\"3 minutos\" \/>\n<script type=\"application\/ld+json\" class=\"yoast-schema-graph\">{\"@context\":\"https:\/\/schema.org\",\"@graph\":[{\"@type\":\"WebPage\",\"@id\":\"https:\/\/laprensacristiana.com\/?p=8288\",\"url\":\"https:\/\/laprensacristiana.com\/?p=8288\",\"name\":\"Para ti que luchas - La Prensa Cristiana\",\"isPartOf\":{\"@id\":\"https:\/\/laprensacristiana.com\/#website\"},\"datePublished\":\"2020-02-25T15:02:24+00:00\",\"dateModified\":\"2020-02-25T15:35:19+00:00\",\"author\":{\"@id\":\"https:\/\/laprensacristiana.com\/#\/schema\/person\/3e7d82c6bfd6b1fa67010f8f7cd5256e\"},\"breadcrumb\":{\"@id\":\"https:\/\/laprensacristiana.com\/?p=8288#breadcrumb\"},\"inLanguage\":\"es\",\"potentialAction\":[{\"@type\":\"ReadAction\",\"target\":[\"https:\/\/laprensacristiana.com\/?p=8288\"]}]},{\"@type\":\"BreadcrumbList\",\"@id\":\"https:\/\/laprensacristiana.com\/?p=8288#breadcrumb\",\"itemListElement\":[{\"@type\":\"ListItem\",\"position\":1,\"name\":\"Portada\",\"item\":\"https:\/\/laprensacristiana.com\/\"},{\"@type\":\"ListItem\",\"position\":2,\"name\":\"Para ti que luchas\"}]},{\"@type\":\"WebSite\",\"@id\":\"https:\/\/laprensacristiana.com\/#website\",\"url\":\"https:\/\/laprensacristiana.com\/\",\"name\":\"La Prensa Cristiana\",\"description\":\"Anunciando Las Buenas Nuevas\",\"potentialAction\":[{\"@type\":\"SearchAction\",\"target\":{\"@type\":\"EntryPoint\",\"urlTemplate\":\"https:\/\/laprensacristiana.com\/?s={search_term_string}\"},\"query-input\":\"required name=search_term_string\"}],\"inLanguage\":\"es\"},{\"@type\":\"Person\",\"@id\":\"https:\/\/laprensacristiana.com\/#\/schema\/person\/3e7d82c6bfd6b1fa67010f8f7cd5256e\",\"name\":\"EDITOR\",\"image\":{\"@type\":\"ImageObject\",\"inLanguage\":\"es\",\"@id\":\"https:\/\/laprensacristiana.com\/#\/schema\/person\/image\/\",\"url\":\"https:\/\/secure.gravatar.com\/avatar\/72069dfb6c13772d9e8381e3638666d2?s=96&d=mm&r=g\",\"contentUrl\":\"https:\/\/secure.gravatar.com\/avatar\/72069dfb6c13772d9e8381e3638666d2?s=96&d=mm&r=g\",\"caption\":\"EDITOR\"},\"url\":\"https:\/\/laprensacristiana.com\/?author=3\"}]}<\/script>\n<!-- \/ Yoast SEO plugin. -->","yoast_head_json":{"title":"Para ti que luchas - La Prensa Cristiana","robots":{"index":"index","follow":"follow","max-snippet":"max-snippet:-1","max-image-preview":"max-image-preview:large","max-video-preview":"max-video-preview:-1"},"canonical":"https:\/\/laprensacristiana.com\/?p=8288","og_locale":"es_ES","og_type":"article","og_title":"Para ti que luchas - La Prensa Cristiana","og_description":"El c\u00e1ncer\u2026 La palabra m\u00e1s tenebrosa que he escuchado con sin\u00f3nimos como: angustia, dolor, sufrimiento, muerte\u2026 Sin duda me ha cambiado la vida por completo y constantemente pienso en c\u00f3mo fueran las cosas si no existiera. Pienso constantemente, cuestion\u00e1ndome porqu\u00e9, \u00bfQue hice para estar enferma? Y no solo por m\u00ed\u2026 \u00bfPor qu\u00e9 los ni\u00f1os o [&hellip;]","og_url":"https:\/\/laprensacristiana.com\/?p=8288","og_site_name":"La Prensa Cristiana","article_published_time":"2020-02-25T15:02:24+00:00","article_modified_time":"2020-02-25T15:35:19+00:00","og_image":[{"width":2560,"height":1429,"url":"https:\/\/laprensacristiana.com\/wp-content\/uploads\/2019\/06\/OPINION-PASTOR-TOBY-JR-01-scaled.jpg","type":"image\/jpeg"}],"author":"EDITOR","twitter_card":"summary_large_image","twitter_misc":{"Escrito por":"EDITOR","Tiempo de lectura":"3 minutos"},"schema":{"@context":"https:\/\/schema.org","@graph":[{"@type":"WebPage","@id":"https:\/\/laprensacristiana.com\/?p=8288","url":"https:\/\/laprensacristiana.com\/?p=8288","name":"Para ti que luchas - La Prensa Cristiana","isPartOf":{"@id":"https:\/\/laprensacristiana.com\/#website"},"datePublished":"2020-02-25T15:02:24+00:00","dateModified":"2020-02-25T15:35:19+00:00","author":{"@id":"https:\/\/laprensacristiana.com\/#\/schema\/person\/3e7d82c6bfd6b1fa67010f8f7cd5256e"},"breadcrumb":{"@id":"https:\/\/laprensacristiana.com\/?p=8288#breadcrumb"},"inLanguage":"es","potentialAction":[{"@type":"ReadAction","target":["https:\/\/laprensacristiana.com\/?p=8288"]}]},{"@type":"BreadcrumbList","@id":"https:\/\/laprensacristiana.com\/?p=8288#breadcrumb","itemListElement":[{"@type":"ListItem","position":1,"name":"Portada","item":"https:\/\/laprensacristiana.com\/"},{"@type":"ListItem","position":2,"name":"Para ti que luchas"}]},{"@type":"WebSite","@id":"https:\/\/laprensacristiana.com\/#website","url":"https:\/\/laprensacristiana.com\/","name":"La Prensa Cristiana","description":"Anunciando Las Buenas Nuevas","potentialAction":[{"@type":"SearchAction","target":{"@type":"EntryPoint","urlTemplate":"https:\/\/laprensacristiana.com\/?s={search_term_string}"},"query-input":"required name=search_term_string"}],"inLanguage":"es"},{"@type":"Person","@id":"https:\/\/laprensacristiana.com\/#\/schema\/person\/3e7d82c6bfd6b1fa67010f8f7cd5256e","name":"EDITOR","image":{"@type":"ImageObject","inLanguage":"es","@id":"https:\/\/laprensacristiana.com\/#\/schema\/person\/image\/","url":"https:\/\/secure.gravatar.com\/avatar\/72069dfb6c13772d9e8381e3638666d2?s=96&d=mm&r=g","contentUrl":"https:\/\/secure.gravatar.com\/avatar\/72069dfb6c13772d9e8381e3638666d2?s=96&d=mm&r=g","caption":"EDITOR"},"url":"https:\/\/laprensacristiana.com\/?author=3"}]}},"_links":{"self":[{"href":"https:\/\/laprensacristiana.com\/index.php?rest_route=\/wp\/v2\/posts\/8288"}],"collection":[{"href":"https:\/\/laprensacristiana.com\/index.php?rest_route=\/wp\/v2\/posts"}],"about":[{"href":"https:\/\/laprensacristiana.com\/index.php?rest_route=\/wp\/v2\/types\/post"}],"author":[{"embeddable":true,"href":"https:\/\/laprensacristiana.com\/index.php?rest_route=\/wp\/v2\/users\/3"}],"replies":[{"embeddable":true,"href":"https:\/\/laprensacristiana.com\/index.php?rest_route=%2Fwp%2Fv2%2Fcomments&post=8288"}],"version-history":[{"count":1,"href":"https:\/\/laprensacristiana.com\/index.php?rest_route=\/wp\/v2\/posts\/8288\/revisions"}],"predecessor-version":[{"id":8289,"href":"https:\/\/laprensacristiana.com\/index.php?rest_route=\/wp\/v2\/posts\/8288\/revisions\/8289"}],"wp:featuredmedia":[{"embeddable":true,"href":"https:\/\/laprensacristiana.com\/index.php?rest_route=\/wp\/v2\/media\/6079"}],"wp:attachment":[{"href":"https:\/\/laprensacristiana.com\/index.php?rest_route=%2Fwp%2Fv2%2Fmedia&parent=8288"}],"wp:term":[{"taxonomy":"category","embeddable":true,"href":"https:\/\/laprensacristiana.com\/index.php?rest_route=%2Fwp%2Fv2%2Fcategories&post=8288"},{"taxonomy":"post_tag","embeddable":true,"href":"https:\/\/laprensacristiana.com\/index.php?rest_route=%2Fwp%2Fv2%2Ftags&post=8288"}],"curies":[{"name":"wp","href":"https:\/\/api.w.org\/{rel}","templated":true}]}}