{"id":8305,"date":"2020-02-25T19:09:59","date_gmt":"2020-02-25T19:09:59","guid":{"rendered":"https:\/\/laprensacristiana.com\/?p=8305"},"modified":"2020-02-25T19:10:02","modified_gmt":"2020-02-25T19:10:02","slug":"dios-ha-oido-el-llanto-de-tu-hijo","status":"publish","type":"post","link":"https:\/\/laprensacristiana.com\/?p=8305","title":{"rendered":"Dios ha o\u00eddo el llanto de tu hijo"},"content":{"rendered":"\n<p>Quiero recordar en la reflexi\u00f3n de este d\u00eda, el tierno cuidado de Jehov\u00e1 para una madre y su hijo, en un momento de peligro extremo, pues ambos sin la ayuda del Se\u00f1or, hubieran perecido.<\/p>\n\n\n\n<p>El nombre de esta mujer era Agar y el de su hijo, Ismael. Ambos son muy conocidos por el mundo creyente, pues Agar era sierva egipcia en la casa de Abraham y Sara, y tambi\u00e9n por el apresurado e inmaduro plan, generado por Sara, de un acto de intimidad entre Agar y Abraham, y como resultado  se dio el nacimiento de Ismael.<\/p>\n\n\n\n<p>Por rencillas entre Sara y Agar, ocasionadas por conductas infantiles (Ismael se burlaba de Isaac), Isaac era el  hijo de la promesa hecha por Dios a Abraham y Sara, esta \u00faltima le pide a su esposo Abraham echar de su hogar a Agar e Ismael, para siempre.<\/p>\n\n\n\n<p>Despu\u00e9s de las inquietudes pertinentes de Abraham, \u00e9ste procede a despedir a la sierva Agar y a su hijo Ismael, envi\u00e1ndolos al desierto con una peque\u00f1a porci\u00f3n de pan y un odre de agua. Estoy seguro que Agar camin\u00f3 por el desierto sin rumbo fijo y con el coraz\u00f3n traspasado por el dolor, pues sab\u00eda que aquellos alimentos, no serian suficientes para subsistir en medio del desierto. Efectivamente, a muy corto tiempo ya no hab\u00eda agua ni pan. Nubarrones de muerte de cern\u00edan sobre las cabezas de Ismael y su madre Agar.<\/p>\n\n\n\n<p>Es en aquel momento tr\u00e1gico cuando se oye la voz del \u00e1ngel de Dios que le dice a Agar: \u201cNO TEMAS, DIOS HA OIDO EL LLANTO DE TU HIJO. LEVANTATE, ALZA AL MUCHACHO, Y SOSTENLO CON TU MANO, PORQUE YO HARE DE EL UNA GRAN NACION\u201d.<\/p>\n\n\n\n<p>Dice el libro del Genesis en el cap\u00edtulo 21 y vers\u00edculo 19, que DIOS abri\u00f3 los ojos de AGAR Y ella vio una fuente de agua, y llenando el odre de agua, dio de beber al muchacho. DIOS SALVO LA VIDA DE AMBOS, MEDIANTE LA OBRA MILAGROSA DE ABRIR UNA FUENTE DE AGUA EN MEDIO DEL DESIERTO.<\/p>\n\n\n\n<p>Actualmente hay muchos padres que se preocupan en gran manera y aun lloran por la vida de sus hijos, ya sea porque se encuentran enfermos, o porque se han descarriado en los caminos de la vida, o sufren porque sus hijos se encuentran en peligro. \u00bfCu\u00e1ntos padres salvadore\u00f1os han visto partir a sus hijos hacia otros pa\u00edses, en b\u00fasqueda de mejores condiciones de vida?<\/p>\n\n\n\n<p>Otros padres se afligen y lloran, porque sus hijos los han abandonado, quiz\u00e1s por su edad avanzada.<\/p>\n\n\n\n<p>Sea cual sea la situaci\u00f3n preocupante, quiero decirles que ALCEN SUS OJOS Y ORACIONES A DIOS; QUE EL ES UN PADRE BUENO POR EXCELENCIA, Y LES MANDARA EL CONSUELO, GOZO Y FORTALEZA QUE NECESITAN EN ESTE MOMENTO. La promesa de DIOS para este a\u00f1o 2020 es: \u201cSIEMPRE TE AYUDARE, SIEMPRE TE SUSTENTARE CON LA DIESTRA DE MI JUSTICIA\u201d (Isa\u00edas 41:10.)<\/p>\n\n\n\n<p>Bendiciones<\/p>\n\n\n\n<p>Dr. Mauricio Navas Guzm\u00e1n<\/p>\n","protected":false},"excerpt":{"rendered":"<p>Quiero recordar en la reflexi\u00f3n de este d\u00eda, el tierno cuidado de Jehov\u00e1 para una madre y su hijo, en un momento de peligro extremo, pues ambos sin la ayuda del Se\u00f1or, hubieran perecido. El nombre de esta mujer era Agar y el de su hijo, Ismael. Ambos son muy conocidos por el mundo creyente, [&hellip;]<\/p>\n","protected":false},"author":3,"featured_media":7594,"comment_status":"open","ping_status":"open","sticky":false,"template":"","format":"standard","meta":[],"categories":[36],"tags":[],"yoast_head":"<!-- This site is optimized with the Yoast SEO plugin v20.8 - https:\/\/yoast.com\/wordpress\/plugins\/seo\/ -->\n<title>Dios ha o\u00eddo el llanto de tu hijo - La Prensa Cristiana<\/title>\n<meta name=\"robots\" content=\"index, follow, max-snippet:-1, max-image-preview:large, max-video-preview:-1\" \/>\n<link rel=\"canonical\" href=\"https:\/\/laprensacristiana.com\/?p=8305\" \/>\n<meta property=\"og:locale\" content=\"es_ES\" \/>\n<meta property=\"og:type\" content=\"article\" \/>\n<meta property=\"og:title\" content=\"Dios ha o\u00eddo el llanto de tu hijo - La Prensa Cristiana\" \/>\n<meta property=\"og:description\" content=\"Quiero recordar en la reflexi\u00f3n de este d\u00eda, el tierno cuidado de Jehov\u00e1 para una madre y su hijo, en un momento de peligro extremo, pues ambos sin la ayuda del Se\u00f1or, hubieran perecido. El nombre de esta mujer era Agar y el de su hijo, Ismael. Ambos son muy conocidos por el mundo creyente, [&hellip;]\" \/>\n<meta property=\"og:url\" content=\"https:\/\/laprensacristiana.com\/?p=8305\" \/>\n<meta property=\"og:site_name\" content=\"La Prensa Cristiana\" \/>\n<meta property=\"article:published_time\" content=\"2020-02-25T19:09:59+00:00\" \/>\n<meta property=\"article:modified_time\" content=\"2020-02-25T19:10:02+00:00\" \/>\n<meta property=\"og:image\" content=\"https:\/\/laprensacristiana.com\/wp-content\/uploads\/2020\/01\/reflexion.jpg\" \/>\n\t<meta property=\"og:image:width\" content=\"1369\" \/>\n\t<meta property=\"og:image:height\" content=\"693\" \/>\n\t<meta property=\"og:image:type\" content=\"image\/jpeg\" \/>\n<meta name=\"author\" content=\"EDITOR\" \/>\n<meta name=\"twitter:card\" content=\"summary_large_image\" \/>\n<meta name=\"twitter:label1\" content=\"Escrito por\" \/>\n\t<meta name=\"twitter:data1\" content=\"EDITOR\" \/>\n\t<meta name=\"twitter:label2\" content=\"Tiempo de lectura\" \/>\n\t<meta name=\"twitter:data2\" content=\"3 minutos\" \/>\n<script type=\"application\/ld+json\" class=\"yoast-schema-graph\">{\"@context\":\"https:\/\/schema.org\",\"@graph\":[{\"@type\":\"WebPage\",\"@id\":\"https:\/\/laprensacristiana.com\/?p=8305\",\"url\":\"https:\/\/laprensacristiana.com\/?p=8305\",\"name\":\"Dios ha o\u00eddo el llanto de tu hijo - La Prensa Cristiana\",\"isPartOf\":{\"@id\":\"https:\/\/laprensacristiana.com\/#website\"},\"datePublished\":\"2020-02-25T19:09:59+00:00\",\"dateModified\":\"2020-02-25T19:10:02+00:00\",\"author\":{\"@id\":\"https:\/\/laprensacristiana.com\/#\/schema\/person\/3e7d82c6bfd6b1fa67010f8f7cd5256e\"},\"breadcrumb\":{\"@id\":\"https:\/\/laprensacristiana.com\/?p=8305#breadcrumb\"},\"inLanguage\":\"es\",\"potentialAction\":[{\"@type\":\"ReadAction\",\"target\":[\"https:\/\/laprensacristiana.com\/?p=8305\"]}]},{\"@type\":\"BreadcrumbList\",\"@id\":\"https:\/\/laprensacristiana.com\/?p=8305#breadcrumb\",\"itemListElement\":[{\"@type\":\"ListItem\",\"position\":1,\"name\":\"Portada\",\"item\":\"https:\/\/laprensacristiana.com\/\"},{\"@type\":\"ListItem\",\"position\":2,\"name\":\"Dios ha o\u00eddo el llanto de tu hijo\"}]},{\"@type\":\"WebSite\",\"@id\":\"https:\/\/laprensacristiana.com\/#website\",\"url\":\"https:\/\/laprensacristiana.com\/\",\"name\":\"La Prensa Cristiana\",\"description\":\"Anunciando Las Buenas Nuevas\",\"potentialAction\":[{\"@type\":\"SearchAction\",\"target\":{\"@type\":\"EntryPoint\",\"urlTemplate\":\"https:\/\/laprensacristiana.com\/?s={search_term_string}\"},\"query-input\":\"required name=search_term_string\"}],\"inLanguage\":\"es\"},{\"@type\":\"Person\",\"@id\":\"https:\/\/laprensacristiana.com\/#\/schema\/person\/3e7d82c6bfd6b1fa67010f8f7cd5256e\",\"name\":\"EDITOR\",\"image\":{\"@type\":\"ImageObject\",\"inLanguage\":\"es\",\"@id\":\"https:\/\/laprensacristiana.com\/#\/schema\/person\/image\/\",\"url\":\"https:\/\/secure.gravatar.com\/avatar\/72069dfb6c13772d9e8381e3638666d2?s=96&d=mm&r=g\",\"contentUrl\":\"https:\/\/secure.gravatar.com\/avatar\/72069dfb6c13772d9e8381e3638666d2?s=96&d=mm&r=g\",\"caption\":\"EDITOR\"},\"url\":\"https:\/\/laprensacristiana.com\/?author=3\"}]}<\/script>\n<!-- \/ Yoast SEO plugin. -->","yoast_head_json":{"title":"Dios ha o\u00eddo el llanto de tu hijo - La Prensa Cristiana","robots":{"index":"index","follow":"follow","max-snippet":"max-snippet:-1","max-image-preview":"max-image-preview:large","max-video-preview":"max-video-preview:-1"},"canonical":"https:\/\/laprensacristiana.com\/?p=8305","og_locale":"es_ES","og_type":"article","og_title":"Dios ha o\u00eddo el llanto de tu hijo - La Prensa Cristiana","og_description":"Quiero recordar en la reflexi\u00f3n de este d\u00eda, el tierno cuidado de Jehov\u00e1 para una madre y su hijo, en un momento de peligro extremo, pues ambos sin la ayuda del Se\u00f1or, hubieran perecido. El nombre de esta mujer era Agar y el de su hijo, Ismael. Ambos son muy conocidos por el mundo creyente, [&hellip;]","og_url":"https:\/\/laprensacristiana.com\/?p=8305","og_site_name":"La Prensa Cristiana","article_published_time":"2020-02-25T19:09:59+00:00","article_modified_time":"2020-02-25T19:10:02+00:00","og_image":[{"width":1369,"height":693,"url":"https:\/\/laprensacristiana.com\/wp-content\/uploads\/2020\/01\/reflexion.jpg","type":"image\/jpeg"}],"author":"EDITOR","twitter_card":"summary_large_image","twitter_misc":{"Escrito por":"EDITOR","Tiempo de lectura":"3 minutos"},"schema":{"@context":"https:\/\/schema.org","@graph":[{"@type":"WebPage","@id":"https:\/\/laprensacristiana.com\/?p=8305","url":"https:\/\/laprensacristiana.com\/?p=8305","name":"Dios ha o\u00eddo el llanto de tu hijo - La Prensa Cristiana","isPartOf":{"@id":"https:\/\/laprensacristiana.com\/#website"},"datePublished":"2020-02-25T19:09:59+00:00","dateModified":"2020-02-25T19:10:02+00:00","author":{"@id":"https:\/\/laprensacristiana.com\/#\/schema\/person\/3e7d82c6bfd6b1fa67010f8f7cd5256e"},"breadcrumb":{"@id":"https:\/\/laprensacristiana.com\/?p=8305#breadcrumb"},"inLanguage":"es","potentialAction":[{"@type":"ReadAction","target":["https:\/\/laprensacristiana.com\/?p=8305"]}]},{"@type":"BreadcrumbList","@id":"https:\/\/laprensacristiana.com\/?p=8305#breadcrumb","itemListElement":[{"@type":"ListItem","position":1,"name":"Portada","item":"https:\/\/laprensacristiana.com\/"},{"@type":"ListItem","position":2,"name":"Dios ha o\u00eddo el llanto de tu hijo"}]},{"@type":"WebSite","@id":"https:\/\/laprensacristiana.com\/#website","url":"https:\/\/laprensacristiana.com\/","name":"La Prensa Cristiana","description":"Anunciando Las Buenas Nuevas","potentialAction":[{"@type":"SearchAction","target":{"@type":"EntryPoint","urlTemplate":"https:\/\/laprensacristiana.com\/?s={search_term_string}"},"query-input":"required name=search_term_string"}],"inLanguage":"es"},{"@type":"Person","@id":"https:\/\/laprensacristiana.com\/#\/schema\/person\/3e7d82c6bfd6b1fa67010f8f7cd5256e","name":"EDITOR","image":{"@type":"ImageObject","inLanguage":"es","@id":"https:\/\/laprensacristiana.com\/#\/schema\/person\/image\/","url":"https:\/\/secure.gravatar.com\/avatar\/72069dfb6c13772d9e8381e3638666d2?s=96&d=mm&r=g","contentUrl":"https:\/\/secure.gravatar.com\/avatar\/72069dfb6c13772d9e8381e3638666d2?s=96&d=mm&r=g","caption":"EDITOR"},"url":"https:\/\/laprensacristiana.com\/?author=3"}]}},"_links":{"self":[{"href":"https:\/\/laprensacristiana.com\/index.php?rest_route=\/wp\/v2\/posts\/8305"}],"collection":[{"href":"https:\/\/laprensacristiana.com\/index.php?rest_route=\/wp\/v2\/posts"}],"about":[{"href":"https:\/\/laprensacristiana.com\/index.php?rest_route=\/wp\/v2\/types\/post"}],"author":[{"embeddable":true,"href":"https:\/\/laprensacristiana.com\/index.php?rest_route=\/wp\/v2\/users\/3"}],"replies":[{"embeddable":true,"href":"https:\/\/laprensacristiana.com\/index.php?rest_route=%2Fwp%2Fv2%2Fcomments&post=8305"}],"version-history":[{"count":1,"href":"https:\/\/laprensacristiana.com\/index.php?rest_route=\/wp\/v2\/posts\/8305\/revisions"}],"predecessor-version":[{"id":8306,"href":"https:\/\/laprensacristiana.com\/index.php?rest_route=\/wp\/v2\/posts\/8305\/revisions\/8306"}],"wp:featuredmedia":[{"embeddable":true,"href":"https:\/\/laprensacristiana.com\/index.php?rest_route=\/wp\/v2\/media\/7594"}],"wp:attachment":[{"href":"https:\/\/laprensacristiana.com\/index.php?rest_route=%2Fwp%2Fv2%2Fmedia&parent=8305"}],"wp:term":[{"taxonomy":"category","embeddable":true,"href":"https:\/\/laprensacristiana.com\/index.php?rest_route=%2Fwp%2Fv2%2Fcategories&post=8305"},{"taxonomy":"post_tag","embeddable":true,"href":"https:\/\/laprensacristiana.com\/index.php?rest_route=%2Fwp%2Fv2%2Ftags&post=8305"}],"curies":[{"name":"wp","href":"https:\/\/api.w.org\/{rel}","templated":true}]}}