{"id":8338,"date":"2020-02-27T16:06:32","date_gmt":"2020-02-27T16:06:32","guid":{"rendered":"https:\/\/laprensacristiana.com\/?p=8338"},"modified":"2020-07-01T19:46:43","modified_gmt":"2020-07-01T19:46:43","slug":"oracion-y-fe-antidoto-para-repeler-al-coronavirus","status":"publish","type":"post","link":"https:\/\/laprensacristiana.com\/?p=8338","title":{"rendered":"Oraci\u00f3n y fe ant\u00eddoto para repeler al Coronavirus."},"content":{"rendered":"\n<p>El\u00a0coronavirus es la\u00a0actual amenaza\u00a0de\u00a0la existencia humana,tambi\u00e9n conocido como covid-19.\u00a0Virus que\u00a0tuvo\u00a0su brote enla provincia\u00a0llamada Hubei, en el\u00a0pa\u00eds de China;\u00a0las autoridades de ese pa\u00eds\u00a0dijeron que\u00a0el primer caso de coronavirus fue el 31 de\u00a0diciembre\u00a02019,\u00a0a\u00a0la fecha\u00a0se contabilizan m\u00e1s de\u00a075,000 personas infectadas alrededor del mundo\u00a0y\u00a0la cifra de muertos supera los\u00a02,000.\u00a0Cuatro de laseconom\u00edas\u00a0m\u00e1s poderosas\u00a0del mundo\u00a0luchan por controlar los brotes\u00a0del coronavirus;\u00a0China, Jap\u00f3n, Corea del sur e\u00a0Italia.\u00a0Sin\u00a0embargo,\u00a0se espera que\u00a0la vacuna contra este virus\u00a0tarde de 12 a 18 meses en desarrollarse,\u00a0entre tanto\u00a0Brasilconfirma\u00a0el primer caso\u00a0en\u00a0Am\u00e9rica\u00a0latina.\u00a0Muchos son los que aseguran que\u00a0el\u00a0presente virus tiene el potencial para convertirse en una pandemia\u00a0(propagaci\u00f3n mundial)<\/p>\n\n\n\n<p>Las&nbsp;noticias&nbsp;acerca de esto cada vez son m\u00e1s alarmantes,&nbsp;mi bello pa\u00eds El Salvador se ha&nbsp;declarado en emergencia por&nbsp;el coronavirus y&nbsp;suspenden el ingreso de personas procedentes de china; como medida preventiva.&nbsp;De cara a&nbsp;esta amenaza,&nbsp;convencida estoy,&nbsp;que&nbsp;la mejor medida&nbsp;preventiva&nbsp;que puedo y todos los creyentes en el Dios de la Biblia podemos hacer es usar&nbsp;el&nbsp;\u201cpoder&nbsp;de&nbsp;la oraci\u00f3n\u201d&nbsp;disponible para&nbsp;todo aquel que&nbsp;puede creer&nbsp;en la palabra escrita de Dios; muchas son las historias&nbsp;descritas&nbsp;all\u00ed,&nbsp;que hablan de&nbsp;este poder&nbsp;usado por&nbsp;personas que&nbsp;cambiaron&nbsp;su lamento en gozo,&nbsp;como Ana una mujer&nbsp;inf\u00e9rtil que oro a Dios&nbsp;para que&nbsp;su vientre&nbsp;fuera&nbsp;f\u00e9rtil&nbsp;y Dios escucho su clamor y&nbsp;ella recibi\u00f3 lo que pidi\u00f3.&nbsp;El\u00edas&nbsp;oro&nbsp;fervientemente&nbsp;para que no lloviera y no llovi\u00f3, por&nbsp;tres a\u00f1os&nbsp;y&nbsp;seis meses,&nbsp;y otra vez&nbsp;oro para que lloviera y llovi\u00f3,&nbsp;El ap\u00f3stol Pedro&nbsp;oro&nbsp;por una mujer llamada Dorcas&nbsp;que&nbsp;enfermo y&nbsp;muri\u00f3, y luego que pedro oro ella resucito,&nbsp;Jabes oro&nbsp;pidiendo bendici\u00f3n y&nbsp;para que la mano de Dios estuviera con&nbsp;\u00e9l&nbsp;y lo librar\u00e1 del mal, y Dios le otorgo lo que pidi\u00f3.&nbsp;Lo mencionado&nbsp;y mucho&nbsp;m\u00e1s de la demostraci\u00f3n del poder de la oraci\u00f3n&nbsp;escrito en la biblia,&nbsp;lo lograron&nbsp;sin armas&nbsp;ni tecnolog\u00eda \u00fanicamente&nbsp;con&nbsp;el poder de la oraci\u00f3n.<\/p>\n\n\n\n<p>Definitivamente el&nbsp;poder del cristiano est\u00e1&nbsp;en la oraci\u00f3nrebosante de&nbsp;fe y&nbsp;confianza, en aquel que&nbsp;dijo:&nbsp;\u201ctodo lo que pidieres&nbsp;en oraci\u00f3n creyendo lo recibir\u00e1s\u201d<\/p>\n\n\n\n<p>Una vez m\u00e1s le animo a que desde hoy&nbsp;destine tiempo todos los d\u00edas para pedir&nbsp;fervientemente&nbsp;a Dios que&nbsp;debilite y elimine&nbsp;al&nbsp;coronavirus,&nbsp;impidiendo as\u00ed su propagaci\u00f3nmundial.&nbsp;<\/p>\n\n\n\n<p>La Biblia habla de que todo lo que se&nbsp;quiere&nbsp;aqu\u00ed tienen su hora.&nbsp;<\/p>\n\n\n\n<p>\u00a1Creyentes del poder de Dios!&nbsp;es hora de&nbsp;ponernos a la brecha por nuestro pa\u00eds y por el mundo entero&nbsp;usando&nbsp;el poder de la oraci\u00f3n, como medida de&nbsp;prevenci\u00f3n y eliminaci\u00f3n del coronavirus, en la tierra que hemos recibidocomo bendici\u00f3n.<\/p>\n","protected":false},"excerpt":{"rendered":"<p>El\u00a0coronavirus es la\u00a0actual amenaza\u00a0de\u00a0la existencia humana,tambi\u00e9n conocido como covid-19.\u00a0Virus que\u00a0tuvo\u00a0su brote enla provincia\u00a0llamada Hubei, en el\u00a0pa\u00eds de China;\u00a0las autoridades de ese pa\u00eds\u00a0dijeron que\u00a0el primer caso de coronavirus fue el 31 de\u00a0diciembre\u00a02019,\u00a0a\u00a0la fecha\u00a0se contabilizan m\u00e1s de\u00a075,000 personas infectadas alrededor del mundo\u00a0y\u00a0la cifra de muertos supera los\u00a02,000.\u00a0Cuatro de laseconom\u00edas\u00a0m\u00e1s poderosas\u00a0del mundo\u00a0luchan por controlar los brotes\u00a0del coronavirus;\u00a0China, Jap\u00f3n, [&hellip;]<\/p>\n","protected":false},"author":3,"featured_media":7210,"comment_status":"open","ping_status":"open","sticky":false,"template":"","format":"standard","meta":[],"categories":[36],"tags":[],"yoast_head":"<!-- This site is optimized with the Yoast SEO plugin v20.8 - https:\/\/yoast.com\/wordpress\/plugins\/seo\/ -->\n<title>Oraci\u00f3n y fe ant\u00eddoto para repeler al Coronavirus. - La Prensa Cristiana<\/title>\n<meta name=\"robots\" content=\"index, follow, max-snippet:-1, max-image-preview:large, max-video-preview:-1\" \/>\n<link rel=\"canonical\" href=\"https:\/\/laprensacristiana.com\/?p=8338\" \/>\n<meta property=\"og:locale\" content=\"es_ES\" \/>\n<meta property=\"og:type\" content=\"article\" \/>\n<meta property=\"og:title\" content=\"Oraci\u00f3n y fe ant\u00eddoto para repeler al Coronavirus. - La Prensa Cristiana\" \/>\n<meta property=\"og:description\" content=\"El\u00a0coronavirus es la\u00a0actual amenaza\u00a0de\u00a0la existencia humana,tambi\u00e9n conocido como covid-19.\u00a0Virus que\u00a0tuvo\u00a0su brote enla provincia\u00a0llamada Hubei, en el\u00a0pa\u00eds de China;\u00a0las autoridades de ese pa\u00eds\u00a0dijeron que\u00a0el primer caso de coronavirus fue el 31 de\u00a0diciembre\u00a02019,\u00a0a\u00a0la fecha\u00a0se contabilizan m\u00e1s de\u00a075,000 personas infectadas alrededor del mundo\u00a0y\u00a0la cifra de muertos supera los\u00a02,000.\u00a0Cuatro de laseconom\u00edas\u00a0m\u00e1s poderosas\u00a0del mundo\u00a0luchan por controlar los brotes\u00a0del coronavirus;\u00a0China, Jap\u00f3n, [&hellip;]\" \/>\n<meta property=\"og:url\" content=\"https:\/\/laprensacristiana.com\/?p=8338\" \/>\n<meta property=\"og:site_name\" content=\"La Prensa Cristiana\" \/>\n<meta property=\"article:published_time\" content=\"2020-02-27T16:06:32+00:00\" \/>\n<meta property=\"article:modified_time\" content=\"2020-07-01T19:46:43+00:00\" \/>\n<meta property=\"og:image\" content=\"https:\/\/laprensacristiana.com\/wp-content\/uploads\/2019\/10\/JULY-LPG-2017.jpg\" \/>\n\t<meta property=\"og:image:width\" content=\"1240\" \/>\n\t<meta property=\"og:image:height\" content=\"692\" \/>\n\t<meta property=\"og:image:type\" content=\"image\/jpeg\" \/>\n<meta name=\"author\" content=\"EDITOR\" \/>\n<meta name=\"twitter:card\" content=\"summary_large_image\" \/>\n<meta name=\"twitter:label1\" content=\"Escrito por\" \/>\n\t<meta name=\"twitter:data1\" content=\"EDITOR\" \/>\n\t<meta name=\"twitter:label2\" content=\"Tiempo de lectura\" \/>\n\t<meta name=\"twitter:data2\" content=\"3 minutos\" \/>\n<script type=\"application\/ld+json\" class=\"yoast-schema-graph\">{\"@context\":\"https:\/\/schema.org\",\"@graph\":[{\"@type\":\"WebPage\",\"@id\":\"https:\/\/laprensacristiana.com\/?p=8338\",\"url\":\"https:\/\/laprensacristiana.com\/?p=8338\",\"name\":\"Oraci\u00f3n y fe ant\u00eddoto para repeler al Coronavirus. - La Prensa Cristiana\",\"isPartOf\":{\"@id\":\"https:\/\/laprensacristiana.com\/#website\"},\"datePublished\":\"2020-02-27T16:06:32+00:00\",\"dateModified\":\"2020-07-01T19:46:43+00:00\",\"author\":{\"@id\":\"https:\/\/laprensacristiana.com\/#\/schema\/person\/3e7d82c6bfd6b1fa67010f8f7cd5256e\"},\"breadcrumb\":{\"@id\":\"https:\/\/laprensacristiana.com\/?p=8338#breadcrumb\"},\"inLanguage\":\"es\",\"potentialAction\":[{\"@type\":\"ReadAction\",\"target\":[\"https:\/\/laprensacristiana.com\/?p=8338\"]}]},{\"@type\":\"BreadcrumbList\",\"@id\":\"https:\/\/laprensacristiana.com\/?p=8338#breadcrumb\",\"itemListElement\":[{\"@type\":\"ListItem\",\"position\":1,\"name\":\"Portada\",\"item\":\"https:\/\/laprensacristiana.com\/\"},{\"@type\":\"ListItem\",\"position\":2,\"name\":\"Oraci\u00f3n y fe ant\u00eddoto para repeler al Coronavirus.\"}]},{\"@type\":\"WebSite\",\"@id\":\"https:\/\/laprensacristiana.com\/#website\",\"url\":\"https:\/\/laprensacristiana.com\/\",\"name\":\"La Prensa Cristiana\",\"description\":\"Anunciando Las Buenas Nuevas\",\"potentialAction\":[{\"@type\":\"SearchAction\",\"target\":{\"@type\":\"EntryPoint\",\"urlTemplate\":\"https:\/\/laprensacristiana.com\/?s={search_term_string}\"},\"query-input\":\"required name=search_term_string\"}],\"inLanguage\":\"es\"},{\"@type\":\"Person\",\"@id\":\"https:\/\/laprensacristiana.com\/#\/schema\/person\/3e7d82c6bfd6b1fa67010f8f7cd5256e\",\"name\":\"EDITOR\",\"image\":{\"@type\":\"ImageObject\",\"inLanguage\":\"es\",\"@id\":\"https:\/\/laprensacristiana.com\/#\/schema\/person\/image\/\",\"url\":\"https:\/\/secure.gravatar.com\/avatar\/72069dfb6c13772d9e8381e3638666d2?s=96&d=mm&r=g\",\"contentUrl\":\"https:\/\/secure.gravatar.com\/avatar\/72069dfb6c13772d9e8381e3638666d2?s=96&d=mm&r=g\",\"caption\":\"EDITOR\"},\"url\":\"https:\/\/laprensacristiana.com\/?author=3\"}]}<\/script>\n<!-- \/ Yoast SEO plugin. -->","yoast_head_json":{"title":"Oraci\u00f3n y fe ant\u00eddoto para repeler al Coronavirus. - La Prensa Cristiana","robots":{"index":"index","follow":"follow","max-snippet":"max-snippet:-1","max-image-preview":"max-image-preview:large","max-video-preview":"max-video-preview:-1"},"canonical":"https:\/\/laprensacristiana.com\/?p=8338","og_locale":"es_ES","og_type":"article","og_title":"Oraci\u00f3n y fe ant\u00eddoto para repeler al Coronavirus. - La Prensa Cristiana","og_description":"El\u00a0coronavirus es la\u00a0actual amenaza\u00a0de\u00a0la existencia humana,tambi\u00e9n conocido como covid-19.\u00a0Virus que\u00a0tuvo\u00a0su brote enla provincia\u00a0llamada Hubei, en el\u00a0pa\u00eds de China;\u00a0las autoridades de ese pa\u00eds\u00a0dijeron que\u00a0el primer caso de coronavirus fue el 31 de\u00a0diciembre\u00a02019,\u00a0a\u00a0la fecha\u00a0se contabilizan m\u00e1s de\u00a075,000 personas infectadas alrededor del mundo\u00a0y\u00a0la cifra de muertos supera los\u00a02,000.\u00a0Cuatro de laseconom\u00edas\u00a0m\u00e1s poderosas\u00a0del mundo\u00a0luchan por controlar los brotes\u00a0del coronavirus;\u00a0China, Jap\u00f3n, [&hellip;]","og_url":"https:\/\/laprensacristiana.com\/?p=8338","og_site_name":"La Prensa Cristiana","article_published_time":"2020-02-27T16:06:32+00:00","article_modified_time":"2020-07-01T19:46:43+00:00","og_image":[{"width":1240,"height":692,"url":"https:\/\/laprensacristiana.com\/wp-content\/uploads\/2019\/10\/JULY-LPG-2017.jpg","type":"image\/jpeg"}],"author":"EDITOR","twitter_card":"summary_large_image","twitter_misc":{"Escrito por":"EDITOR","Tiempo de lectura":"3 minutos"},"schema":{"@context":"https:\/\/schema.org","@graph":[{"@type":"WebPage","@id":"https:\/\/laprensacristiana.com\/?p=8338","url":"https:\/\/laprensacristiana.com\/?p=8338","name":"Oraci\u00f3n y fe ant\u00eddoto para repeler al Coronavirus. - La Prensa Cristiana","isPartOf":{"@id":"https:\/\/laprensacristiana.com\/#website"},"datePublished":"2020-02-27T16:06:32+00:00","dateModified":"2020-07-01T19:46:43+00:00","author":{"@id":"https:\/\/laprensacristiana.com\/#\/schema\/person\/3e7d82c6bfd6b1fa67010f8f7cd5256e"},"breadcrumb":{"@id":"https:\/\/laprensacristiana.com\/?p=8338#breadcrumb"},"inLanguage":"es","potentialAction":[{"@type":"ReadAction","target":["https:\/\/laprensacristiana.com\/?p=8338"]}]},{"@type":"BreadcrumbList","@id":"https:\/\/laprensacristiana.com\/?p=8338#breadcrumb","itemListElement":[{"@type":"ListItem","position":1,"name":"Portada","item":"https:\/\/laprensacristiana.com\/"},{"@type":"ListItem","position":2,"name":"Oraci\u00f3n y fe ant\u00eddoto para repeler al Coronavirus."}]},{"@type":"WebSite","@id":"https:\/\/laprensacristiana.com\/#website","url":"https:\/\/laprensacristiana.com\/","name":"La Prensa Cristiana","description":"Anunciando Las Buenas Nuevas","potentialAction":[{"@type":"SearchAction","target":{"@type":"EntryPoint","urlTemplate":"https:\/\/laprensacristiana.com\/?s={search_term_string}"},"query-input":"required name=search_term_string"}],"inLanguage":"es"},{"@type":"Person","@id":"https:\/\/laprensacristiana.com\/#\/schema\/person\/3e7d82c6bfd6b1fa67010f8f7cd5256e","name":"EDITOR","image":{"@type":"ImageObject","inLanguage":"es","@id":"https:\/\/laprensacristiana.com\/#\/schema\/person\/image\/","url":"https:\/\/secure.gravatar.com\/avatar\/72069dfb6c13772d9e8381e3638666d2?s=96&d=mm&r=g","contentUrl":"https:\/\/secure.gravatar.com\/avatar\/72069dfb6c13772d9e8381e3638666d2?s=96&d=mm&r=g","caption":"EDITOR"},"url":"https:\/\/laprensacristiana.com\/?author=3"}]}},"_links":{"self":[{"href":"https:\/\/laprensacristiana.com\/index.php?rest_route=\/wp\/v2\/posts\/8338"}],"collection":[{"href":"https:\/\/laprensacristiana.com\/index.php?rest_route=\/wp\/v2\/posts"}],"about":[{"href":"https:\/\/laprensacristiana.com\/index.php?rest_route=\/wp\/v2\/types\/post"}],"author":[{"embeddable":true,"href":"https:\/\/laprensacristiana.com\/index.php?rest_route=\/wp\/v2\/users\/3"}],"replies":[{"embeddable":true,"href":"https:\/\/laprensacristiana.com\/index.php?rest_route=%2Fwp%2Fv2%2Fcomments&post=8338"}],"version-history":[{"count":1,"href":"https:\/\/laprensacristiana.com\/index.php?rest_route=\/wp\/v2\/posts\/8338\/revisions"}],"predecessor-version":[{"id":8339,"href":"https:\/\/laprensacristiana.com\/index.php?rest_route=\/wp\/v2\/posts\/8338\/revisions\/8339"}],"wp:featuredmedia":[{"embeddable":true,"href":"https:\/\/laprensacristiana.com\/index.php?rest_route=\/wp\/v2\/media\/7210"}],"wp:attachment":[{"href":"https:\/\/laprensacristiana.com\/index.php?rest_route=%2Fwp%2Fv2%2Fmedia&parent=8338"}],"wp:term":[{"taxonomy":"category","embeddable":true,"href":"https:\/\/laprensacristiana.com\/index.php?rest_route=%2Fwp%2Fv2%2Fcategories&post=8338"},{"taxonomy":"post_tag","embeddable":true,"href":"https:\/\/laprensacristiana.com\/index.php?rest_route=%2Fwp%2Fv2%2Ftags&post=8338"}],"curies":[{"name":"wp","href":"https:\/\/api.w.org\/{rel}","templated":true}]}}