{"id":8340,"date":"2020-02-28T06:15:58","date_gmt":"2020-02-28T06:15:58","guid":{"rendered":"https:\/\/laprensacristiana.com\/?p=8340"},"modified":"2020-02-28T06:16:01","modified_gmt":"2020-02-28T06:16:01","slug":"la-banda-rescate-se-despide-despues-de-30-anos-de-carrera","status":"publish","type":"post","link":"https:\/\/laprensacristiana.com\/?p=8340","title":{"rendered":"La banda \u00abRescate\u00bb se despide despu\u00e9s de 30 a\u00f1os de carrera"},"content":{"rendered":"\n<p>El d\u00eda de ayer a trav\u00e9s de sus redes sociales la banda p\u00fablico un comunicado en el que se despiden de su p\u00fablico despu\u00e9s de 30 a\u00f1os de carrera.<\/p>\n\n\n\n<p>Rescate hab\u00eda tomado un a\u00f1o de descanso y fue durante este periodo que se tom\u00f3 est\u00e1 decisi\u00f3n, que  toma por sorpresa a todos los que han seguido sus pasos.<\/p>\n\n\n\n<p>\u00abHemos puesto en balanza nuestros propios corazones, nuestras familias y camino recorrido. Hasta aqu\u00ed lleg\u00f3 Rescate. Como dice la Biblia: \u201c..tiempo y ocasi\u00f3n acontecen a todos.\u201d estamos convencidos de que \u00e9ste es nuestro tiempo del final\u00bb expres\u00f3 la banda.<\/p>\n\n\n\n<p>Rescate dijo estar agradecido por todo lo vivido durante todos los a\u00f1os de carrera, los lugares que pudieron conocer y a quienes los recibieron en cada pa\u00eds, a las generaciones que crecieron con su m\u00fasica.<\/p>\n\n\n\n<p>\u00abLos amamos, siempre ser\u00e1n parte de nuestra vida, de nuestra historia y de nuestro coraz\u00f3n.<br>\nComo grupo de amigos queda el acuerdo de decir, hasta aqu\u00ed llegamos, y seguir fortaleciendo nuestros lazos de amistad y hermandad. <br>\nHasta siempre y que Dios nuestro Padre los bendiga a todos\u00bb as\u00ed finalizaron con esta noticia Sergio Ramos, Rub\u00e9n L\u00f3pez , Ulises Eyherabide , Marcelo Tega, Marcelo Barrera, los integrantes de esta banda inolvidable \u00abRescate\u00bb<\/p>\n\n\n\n<p>Las reacciones en redes sociales no se han hecho espera, y esque est\u00e1 decisi\u00f3n a tomado a todos por sorpresa.<\/p>\n","protected":false},"excerpt":{"rendered":"<p>El d\u00eda de ayer a trav\u00e9s de sus redes sociales la banda p\u00fablico un comunicado en el que se despiden de su p\u00fablico despu\u00e9s de 30 a\u00f1os de carrera. Rescate hab\u00eda tomado un a\u00f1o de descanso y fue durante este periodo que se tom\u00f3 est\u00e1 decisi\u00f3n, que toma por sorpresa a todos los que han [&hellip;]<\/p>\n","protected":false},"author":3,"featured_media":8341,"comment_status":"open","ping_status":"open","sticky":false,"template":"","format":"standard","meta":[],"categories":[56],"tags":[],"yoast_head":"<!-- This site is optimized with the Yoast SEO plugin v20.8 - https:\/\/yoast.com\/wordpress\/plugins\/seo\/ -->\n<title>La banda &quot;Rescate&quot; se despide despu\u00e9s de 30 a\u00f1os de carrera - La Prensa Cristiana<\/title>\n<meta name=\"robots\" content=\"index, follow, max-snippet:-1, max-image-preview:large, max-video-preview:-1\" \/>\n<link rel=\"canonical\" href=\"https:\/\/laprensacristiana.com\/?p=8340\" \/>\n<meta property=\"og:locale\" content=\"es_ES\" \/>\n<meta property=\"og:type\" content=\"article\" \/>\n<meta property=\"og:title\" content=\"La banda &quot;Rescate&quot; se despide despu\u00e9s de 30 a\u00f1os de carrera - La Prensa Cristiana\" \/>\n<meta property=\"og:description\" content=\"El d\u00eda de ayer a trav\u00e9s de sus redes sociales la banda p\u00fablico un comunicado en el que se despiden de su p\u00fablico despu\u00e9s de 30 a\u00f1os de carrera. Rescate hab\u00eda tomado un a\u00f1o de descanso y fue durante este periodo que se tom\u00f3 est\u00e1 decisi\u00f3n, que toma por sorpresa a todos los que han [&hellip;]\" \/>\n<meta property=\"og:url\" content=\"https:\/\/laprensacristiana.com\/?p=8340\" \/>\n<meta property=\"og:site_name\" content=\"La Prensa Cristiana\" \/>\n<meta property=\"article:published_time\" content=\"2020-02-28T06:15:58+00:00\" \/>\n<meta property=\"article:modified_time\" content=\"2020-02-28T06:16:01+00:00\" \/>\n<meta property=\"og:image\" content=\"https:\/\/laprensacristiana.com\/wp-content\/uploads\/2020\/02\/FB_IMG_1582869598991.jpg\" \/>\n\t<meta property=\"og:image:width\" content=\"720\" \/>\n\t<meta property=\"og:image:height\" content=\"479\" \/>\n\t<meta property=\"og:image:type\" content=\"image\/jpeg\" \/>\n<meta name=\"author\" content=\"EDITOR\" \/>\n<meta name=\"twitter:card\" content=\"summary_large_image\" \/>\n<meta name=\"twitter:label1\" content=\"Escrito por\" \/>\n\t<meta name=\"twitter:data1\" content=\"EDITOR\" \/>\n\t<meta name=\"twitter:label2\" content=\"Tiempo de lectura\" \/>\n\t<meta name=\"twitter:data2\" content=\"1 minuto\" \/>\n<script type=\"application\/ld+json\" class=\"yoast-schema-graph\">{\"@context\":\"https:\/\/schema.org\",\"@graph\":[{\"@type\":\"WebPage\",\"@id\":\"https:\/\/laprensacristiana.com\/?p=8340\",\"url\":\"https:\/\/laprensacristiana.com\/?p=8340\",\"name\":\"La banda \\\"Rescate\\\" se despide despu\u00e9s de 30 a\u00f1os de carrera - La Prensa Cristiana\",\"isPartOf\":{\"@id\":\"https:\/\/laprensacristiana.com\/#website\"},\"datePublished\":\"2020-02-28T06:15:58+00:00\",\"dateModified\":\"2020-02-28T06:16:01+00:00\",\"author\":{\"@id\":\"https:\/\/laprensacristiana.com\/#\/schema\/person\/3e7d82c6bfd6b1fa67010f8f7cd5256e\"},\"breadcrumb\":{\"@id\":\"https:\/\/laprensacristiana.com\/?p=8340#breadcrumb\"},\"inLanguage\":\"es\",\"potentialAction\":[{\"@type\":\"ReadAction\",\"target\":[\"https:\/\/laprensacristiana.com\/?p=8340\"]}]},{\"@type\":\"BreadcrumbList\",\"@id\":\"https:\/\/laprensacristiana.com\/?p=8340#breadcrumb\",\"itemListElement\":[{\"@type\":\"ListItem\",\"position\":1,\"name\":\"Portada\",\"item\":\"https:\/\/laprensacristiana.com\/\"},{\"@type\":\"ListItem\",\"position\":2,\"name\":\"La banda \u00abRescate\u00bb se despide despu\u00e9s de 30 a\u00f1os de carrera\"}]},{\"@type\":\"WebSite\",\"@id\":\"https:\/\/laprensacristiana.com\/#website\",\"url\":\"https:\/\/laprensacristiana.com\/\",\"name\":\"La Prensa Cristiana\",\"description\":\"Anunciando Las Buenas Nuevas\",\"potentialAction\":[{\"@type\":\"SearchAction\",\"target\":{\"@type\":\"EntryPoint\",\"urlTemplate\":\"https:\/\/laprensacristiana.com\/?s={search_term_string}\"},\"query-input\":\"required name=search_term_string\"}],\"inLanguage\":\"es\"},{\"@type\":\"Person\",\"@id\":\"https:\/\/laprensacristiana.com\/#\/schema\/person\/3e7d82c6bfd6b1fa67010f8f7cd5256e\",\"name\":\"EDITOR\",\"image\":{\"@type\":\"ImageObject\",\"inLanguage\":\"es\",\"@id\":\"https:\/\/laprensacristiana.com\/#\/schema\/person\/image\/\",\"url\":\"https:\/\/secure.gravatar.com\/avatar\/72069dfb6c13772d9e8381e3638666d2?s=96&d=mm&r=g\",\"contentUrl\":\"https:\/\/secure.gravatar.com\/avatar\/72069dfb6c13772d9e8381e3638666d2?s=96&d=mm&r=g\",\"caption\":\"EDITOR\"},\"url\":\"https:\/\/laprensacristiana.com\/?author=3\"}]}<\/script>\n<!-- \/ Yoast SEO plugin. -->","yoast_head_json":{"title":"La banda \"Rescate\" se despide despu\u00e9s de 30 a\u00f1os de carrera - La Prensa Cristiana","robots":{"index":"index","follow":"follow","max-snippet":"max-snippet:-1","max-image-preview":"max-image-preview:large","max-video-preview":"max-video-preview:-1"},"canonical":"https:\/\/laprensacristiana.com\/?p=8340","og_locale":"es_ES","og_type":"article","og_title":"La banda \"Rescate\" se despide despu\u00e9s de 30 a\u00f1os de carrera - La Prensa Cristiana","og_description":"El d\u00eda de ayer a trav\u00e9s de sus redes sociales la banda p\u00fablico un comunicado en el que se despiden de su p\u00fablico despu\u00e9s de 30 a\u00f1os de carrera. Rescate hab\u00eda tomado un a\u00f1o de descanso y fue durante este periodo que se tom\u00f3 est\u00e1 decisi\u00f3n, que toma por sorpresa a todos los que han [&hellip;]","og_url":"https:\/\/laprensacristiana.com\/?p=8340","og_site_name":"La Prensa Cristiana","article_published_time":"2020-02-28T06:15:58+00:00","article_modified_time":"2020-02-28T06:16:01+00:00","og_image":[{"width":720,"height":479,"url":"https:\/\/laprensacristiana.com\/wp-content\/uploads\/2020\/02\/FB_IMG_1582869598991.jpg","type":"image\/jpeg"}],"author":"EDITOR","twitter_card":"summary_large_image","twitter_misc":{"Escrito por":"EDITOR","Tiempo de lectura":"1 minuto"},"schema":{"@context":"https:\/\/schema.org","@graph":[{"@type":"WebPage","@id":"https:\/\/laprensacristiana.com\/?p=8340","url":"https:\/\/laprensacristiana.com\/?p=8340","name":"La banda \"Rescate\" se despide despu\u00e9s de 30 a\u00f1os de carrera - La Prensa Cristiana","isPartOf":{"@id":"https:\/\/laprensacristiana.com\/#website"},"datePublished":"2020-02-28T06:15:58+00:00","dateModified":"2020-02-28T06:16:01+00:00","author":{"@id":"https:\/\/laprensacristiana.com\/#\/schema\/person\/3e7d82c6bfd6b1fa67010f8f7cd5256e"},"breadcrumb":{"@id":"https:\/\/laprensacristiana.com\/?p=8340#breadcrumb"},"inLanguage":"es","potentialAction":[{"@type":"ReadAction","target":["https:\/\/laprensacristiana.com\/?p=8340"]}]},{"@type":"BreadcrumbList","@id":"https:\/\/laprensacristiana.com\/?p=8340#breadcrumb","itemListElement":[{"@type":"ListItem","position":1,"name":"Portada","item":"https:\/\/laprensacristiana.com\/"},{"@type":"ListItem","position":2,"name":"La banda \u00abRescate\u00bb se despide despu\u00e9s de 30 a\u00f1os de carrera"}]},{"@type":"WebSite","@id":"https:\/\/laprensacristiana.com\/#website","url":"https:\/\/laprensacristiana.com\/","name":"La Prensa Cristiana","description":"Anunciando Las Buenas Nuevas","potentialAction":[{"@type":"SearchAction","target":{"@type":"EntryPoint","urlTemplate":"https:\/\/laprensacristiana.com\/?s={search_term_string}"},"query-input":"required name=search_term_string"}],"inLanguage":"es"},{"@type":"Person","@id":"https:\/\/laprensacristiana.com\/#\/schema\/person\/3e7d82c6bfd6b1fa67010f8f7cd5256e","name":"EDITOR","image":{"@type":"ImageObject","inLanguage":"es","@id":"https:\/\/laprensacristiana.com\/#\/schema\/person\/image\/","url":"https:\/\/secure.gravatar.com\/avatar\/72069dfb6c13772d9e8381e3638666d2?s=96&d=mm&r=g","contentUrl":"https:\/\/secure.gravatar.com\/avatar\/72069dfb6c13772d9e8381e3638666d2?s=96&d=mm&r=g","caption":"EDITOR"},"url":"https:\/\/laprensacristiana.com\/?author=3"}]}},"_links":{"self":[{"href":"https:\/\/laprensacristiana.com\/index.php?rest_route=\/wp\/v2\/posts\/8340"}],"collection":[{"href":"https:\/\/laprensacristiana.com\/index.php?rest_route=\/wp\/v2\/posts"}],"about":[{"href":"https:\/\/laprensacristiana.com\/index.php?rest_route=\/wp\/v2\/types\/post"}],"author":[{"embeddable":true,"href":"https:\/\/laprensacristiana.com\/index.php?rest_route=\/wp\/v2\/users\/3"}],"replies":[{"embeddable":true,"href":"https:\/\/laprensacristiana.com\/index.php?rest_route=%2Fwp%2Fv2%2Fcomments&post=8340"}],"version-history":[{"count":1,"href":"https:\/\/laprensacristiana.com\/index.php?rest_route=\/wp\/v2\/posts\/8340\/revisions"}],"predecessor-version":[{"id":8342,"href":"https:\/\/laprensacristiana.com\/index.php?rest_route=\/wp\/v2\/posts\/8340\/revisions\/8342"}],"wp:featuredmedia":[{"embeddable":true,"href":"https:\/\/laprensacristiana.com\/index.php?rest_route=\/wp\/v2\/media\/8341"}],"wp:attachment":[{"href":"https:\/\/laprensacristiana.com\/index.php?rest_route=%2Fwp%2Fv2%2Fmedia&parent=8340"}],"wp:term":[{"taxonomy":"category","embeddable":true,"href":"https:\/\/laprensacristiana.com\/index.php?rest_route=%2Fwp%2Fv2%2Fcategories&post=8340"},{"taxonomy":"post_tag","embeddable":true,"href":"https:\/\/laprensacristiana.com\/index.php?rest_route=%2Fwp%2Fv2%2Ftags&post=8340"}],"curies":[{"name":"wp","href":"https:\/\/api.w.org\/{rel}","templated":true}]}}