{"id":8373,"date":"2020-03-02T15:16:03","date_gmt":"2020-03-02T15:16:03","guid":{"rendered":"https:\/\/laprensacristiana.com\/?p=8373"},"modified":"2020-03-02T15:16:06","modified_gmt":"2020-03-02T15:16:06","slug":"sera-cierto","status":"publish","type":"post","link":"https:\/\/laprensacristiana.com\/?p=8373","title":{"rendered":"\u00bfSer\u00e1 cierto?"},"content":{"rendered":"\n<pre class=\"wp-block-code\"><code>                                                          <\/code><\/pre>\n\n\n\n<p>2 Cr\u00f3nicas 9:6 \u201c\u2026pero no cre\u00ed en sus palabras hasta que vine y mis ojos lo han visto\u201d (La Unidad)<\/p>\n\n\n\n<p>\u201c\u00bfSer\u00e0 cierto lo que me han dicho de Salomon? Qu\u00e9 tan cierto ser\u00e0 lo que he escuchado sobre su vida, su conducta, su forma de ser?  \u00bfQu\u00e9 tan cierto ser\u00e0 que sus servidores parecen pr\u00edncipes, que son altamente educados, que saben como comportarse aun en la mesa? \u00bfSer\u00e0 cierto que Salomon es un hombre fino en el trato hacia las mujeres y sus ayudantes? Me parece que han exagerado un poco. As\u00ed que ir\u00e9 a verlo con mis propios ojos\u201d<\/p>\n\n\n\n<p>El Se\u00f1or y la Maestr\u00eda me han ense\u00f1ado a aplicar el aparato cr\u00edtico a las palabras que se dicen muchas veces en la Biblia. Y una metalectura del texto que encabeza este escrito me ha llevado a hacer esas preguntas en la mente de la Reina de Saba. <\/p>\n\n\n\n<p>Y tom\u00f3 la decisi\u00f3n de salir de dudas. As\u00ed que enfil\u00f3 hacia Jerusalem a visitar al tan famoso Rey Salomon. Lo que me impacta es la \u00faltima frase del texto: \u201cse qued\u00f3 como sin aliento\u201d.<\/p>\n\n\n\n<p>Estoy tratando de ver en mi imaginaci\u00f3n el gesto de asombro de la Reina. Se debe haber llevado la mano a la boca, abriendo desmesuradamente sus ojos de asombro, exclamando un \u00a1Oh! de pura envidia, caminando despacio en los pasillos del palacio real, tratando de absorber todo lo que pudiera con la vista y haciendo preguntas a los empleados del rey.<\/p>\n\n\n\n<p>Cuando la presentaron ante el rey Salom\u00f3n, qued\u00f3 m\u00e0s boquiabierta a\u00fan al escucharlo hablar. No le cont\u00f3 chistes sobre el gobernador. No le hizo bromas vulgares. No presumi\u00f3 de su poder, ni de su palacio, mucho menos de su ropaje. No le cont\u00f3 nada sobre su curriculum, no le mostr\u00f3 sus t\u00edtulos colgados en las paredes ni presumi\u00f3 que hab\u00eda estudiado en la mejor universidad de aquel tiempo.<\/p>\n\n\n\n<p>Salom\u00f3n solo abri\u00f3 su boca y habl\u00f3 lo que ten\u00eda dentro de su coraz\u00f3n: Sabidur\u00eda. Palabras que impactaron a la reina. Palabras que sonaban como m\u00f9sica en sus o\u00eddos. Palabras que la transportaron a una dimensi\u00f3n desconocida para ella. Salomon solo habl\u00f3 de lo que sab\u00eca. De su Dios. De sus experiencias m\u00edsticas con el Se\u00f1or de su padre David. Le habl\u00f3 proverbios, salmos y muchos poemas m\u00e0s.<\/p>\n\n\n\n<p>Y la dama qued\u00f3 impactada. \u201cSe qued\u00f3 como sin aliento\u201d al escuchar hablar a un hombre como nunca antes lo hab\u00eda hecho. Nunca hab\u00eda conocido a un hombre como aquel rey que hab\u00eda traspasado las fronteras con su fama y su prestigio.<\/p>\n\n\n\n<p>Debi\u00f3 haber sido una experiencia inolvidable para la reina de Saba. Bueno, el intercambio de regalos lo dice todo. Porque sabemos que los regalos hablan. Pero m\u00e0s que nada, sus palabras de admiraci\u00f3n y respeto que ella le brinda a aquel joven pastor de Israel.<\/p>\n\n\n\n<p>Y, aqu\u00ed est\u00e1 el Drash: \u00bfQu\u00e9 dir\u00e1n las gentes de nosotros? \u00bfQu\u00e9 se escuchar\u00e1 de nosotros a nuestras espaldas? \u00bfQu\u00e9 noticias o comentarios dice la gente fuera de nuestros templos? Pastor que lee estas l\u00edneas: \u00bfQu\u00e9 comenta la gente de su conducta? \u00bfQu\u00e9 dicen las mujeres con respecto a usted con el trato hacia ellas? \u00bfComo nos califican los de afuera? \u00bfTenemos prestigio, buenos comentarios debido a nuestra conducta, nos presentamos ante otros debidamente vestidos como pastores y siervos de Dios? \u00bfEstamos -como los siervos de Salom\u00f3n- mostrando las virtudes de nuestro Rey Jesus? \u00bfO nos hemos mezclado con el mundo para que nos vean \u201ccool\u201d y que no somos retr\u00f3grados? \u00bfNos sentamos a la mesa con el debido respeto hacia los alimentos y hacia los dem\u00e1s? \u00bfDe qu\u00e9 hablamos cuando estamos en una reuni\u00f3n de pastores? \u00bfQu\u00e9 escuchan las personas en las otras mesas cuando abrimos nuestra boca en esas reuniones? \u00bfQu\u00e9 dicen las se\u00f1oritas que atienden las mesas cuando nos llevan nuestros platos? \u00bfQu\u00e9 comentan all\u00e1 adentro las empleadas que nos atienden y que nos ven los ojos puestos en sus  piernas o los escotes, o a\u00fan peor, escuchan vulgaridades de nuestros labios y despu\u00e9s nos escuchan predicar las \u201cbuenas nuevas\u201d de salvaci\u00f3n?<\/p>\n\n\n\n<p>\u00bfQuerr\u00e1n las personas congregarse bajo nuestros p\u00falpitos despu\u00e9s de haber escuchado que somos ad\u00falteros, que hemos fracasado en nuestros matrimonios, que nuestros hijos no andan bajo sujeci\u00f3n y santidad, que nuestras esposas aparecen en YouTube como una de las pastoras m\u00e0s sexys? \u00bfQue ven y escuchan de nosotros al otro lado de la \u201cfrontera\u201d, mis queridos hermanos millenials? Creo que la reina de Saba nos llamar\u00e1 la atenci\u00f3n cuando nos presentemos en el d\u00eca final  y nos dir\u00e1 todo lo que escuch\u00f3 de nosotros.<\/p>\n\n\n\n<p>Soli Deo Gloria<\/p>\n","protected":false},"excerpt":{"rendered":"<p>2 Cr\u00f3nicas 9:6 \u201c\u2026pero no cre\u00ed en sus palabras hasta que vine y mis ojos lo han visto\u201d (La Unidad) \u201c\u00bfSer\u00e0 cierto lo que me han dicho de Salomon? Qu\u00e9 tan cierto ser\u00e0 lo que he escuchado sobre su vida, su conducta, su forma de ser? \u00bfQu\u00e9 tan cierto ser\u00e0 que sus servidores parecen pr\u00edncipes, [&hellip;]<\/p>\n","protected":false},"author":3,"featured_media":7949,"comment_status":"open","ping_status":"open","sticky":false,"template":"","format":"standard","meta":[],"categories":[36],"tags":[],"yoast_head":"<!-- This site is optimized with the Yoast SEO plugin v20.8 - https:\/\/yoast.com\/wordpress\/plugins\/seo\/ -->\n<title>\u00bfSer\u00e1 cierto? - La Prensa Cristiana<\/title>\n<meta name=\"robots\" content=\"index, follow, max-snippet:-1, max-image-preview:large, max-video-preview:-1\" \/>\n<link rel=\"canonical\" href=\"https:\/\/laprensacristiana.com\/?p=8373\" \/>\n<meta property=\"og:locale\" content=\"es_ES\" \/>\n<meta property=\"og:type\" content=\"article\" \/>\n<meta property=\"og:title\" content=\"\u00bfSer\u00e1 cierto? - La Prensa Cristiana\" \/>\n<meta property=\"og:description\" content=\"2 Cr\u00f3nicas 9:6 \u201c\u2026pero no cre\u00ed en sus palabras hasta que vine y mis ojos lo han visto\u201d (La Unidad) \u201c\u00bfSer\u00e0 cierto lo que me han dicho de Salomon? Qu\u00e9 tan cierto ser\u00e0 lo que he escuchado sobre su vida, su conducta, su forma de ser? \u00bfQu\u00e9 tan cierto ser\u00e0 que sus servidores parecen pr\u00edncipes, [&hellip;]\" \/>\n<meta property=\"og:url\" content=\"https:\/\/laprensacristiana.com\/?p=8373\" \/>\n<meta property=\"og:site_name\" content=\"La Prensa Cristiana\" \/>\n<meta property=\"article:published_time\" content=\"2020-03-02T15:16:03+00:00\" \/>\n<meta property=\"article:modified_time\" content=\"2020-03-02T15:16:06+00:00\" \/>\n<meta property=\"og:image\" content=\"https:\/\/laprensacristiana.com\/wp-content\/uploads\/2020\/01\/2017-11-23-PHOTO-00003245-1.jpg\" \/>\n\t<meta property=\"og:image:width\" content=\"1280\" \/>\n\t<meta property=\"og:image:height\" content=\"714\" \/>\n\t<meta property=\"og:image:type\" content=\"image\/jpeg\" \/>\n<meta name=\"author\" content=\"EDITOR\" \/>\n<meta name=\"twitter:card\" content=\"summary_large_image\" \/>\n<meta name=\"twitter:label1\" content=\"Escrito por\" \/>\n\t<meta name=\"twitter:data1\" content=\"EDITOR\" \/>\n\t<meta name=\"twitter:label2\" content=\"Tiempo de lectura\" \/>\n\t<meta name=\"twitter:data2\" content=\"4 minutos\" \/>\n<script type=\"application\/ld+json\" class=\"yoast-schema-graph\">{\"@context\":\"https:\/\/schema.org\",\"@graph\":[{\"@type\":\"WebPage\",\"@id\":\"https:\/\/laprensacristiana.com\/?p=8373\",\"url\":\"https:\/\/laprensacristiana.com\/?p=8373\",\"name\":\"\u00bfSer\u00e1 cierto? - La Prensa Cristiana\",\"isPartOf\":{\"@id\":\"https:\/\/laprensacristiana.com\/#website\"},\"datePublished\":\"2020-03-02T15:16:03+00:00\",\"dateModified\":\"2020-03-02T15:16:06+00:00\",\"author\":{\"@id\":\"https:\/\/laprensacristiana.com\/#\/schema\/person\/3e7d82c6bfd6b1fa67010f8f7cd5256e\"},\"breadcrumb\":{\"@id\":\"https:\/\/laprensacristiana.com\/?p=8373#breadcrumb\"},\"inLanguage\":\"es\",\"potentialAction\":[{\"@type\":\"ReadAction\",\"target\":[\"https:\/\/laprensacristiana.com\/?p=8373\"]}]},{\"@type\":\"BreadcrumbList\",\"@id\":\"https:\/\/laprensacristiana.com\/?p=8373#breadcrumb\",\"itemListElement\":[{\"@type\":\"ListItem\",\"position\":1,\"name\":\"Portada\",\"item\":\"https:\/\/laprensacristiana.com\/\"},{\"@type\":\"ListItem\",\"position\":2,\"name\":\"\u00bfSer\u00e1 cierto?\"}]},{\"@type\":\"WebSite\",\"@id\":\"https:\/\/laprensacristiana.com\/#website\",\"url\":\"https:\/\/laprensacristiana.com\/\",\"name\":\"La Prensa Cristiana\",\"description\":\"Anunciando Las Buenas Nuevas\",\"potentialAction\":[{\"@type\":\"SearchAction\",\"target\":{\"@type\":\"EntryPoint\",\"urlTemplate\":\"https:\/\/laprensacristiana.com\/?s={search_term_string}\"},\"query-input\":\"required name=search_term_string\"}],\"inLanguage\":\"es\"},{\"@type\":\"Person\",\"@id\":\"https:\/\/laprensacristiana.com\/#\/schema\/person\/3e7d82c6bfd6b1fa67010f8f7cd5256e\",\"name\":\"EDITOR\",\"image\":{\"@type\":\"ImageObject\",\"inLanguage\":\"es\",\"@id\":\"https:\/\/laprensacristiana.com\/#\/schema\/person\/image\/\",\"url\":\"https:\/\/secure.gravatar.com\/avatar\/72069dfb6c13772d9e8381e3638666d2?s=96&d=mm&r=g\",\"contentUrl\":\"https:\/\/secure.gravatar.com\/avatar\/72069dfb6c13772d9e8381e3638666d2?s=96&d=mm&r=g\",\"caption\":\"EDITOR\"},\"url\":\"https:\/\/laprensacristiana.com\/?author=3\"}]}<\/script>\n<!-- \/ Yoast SEO plugin. -->","yoast_head_json":{"title":"\u00bfSer\u00e1 cierto? - La Prensa Cristiana","robots":{"index":"index","follow":"follow","max-snippet":"max-snippet:-1","max-image-preview":"max-image-preview:large","max-video-preview":"max-video-preview:-1"},"canonical":"https:\/\/laprensacristiana.com\/?p=8373","og_locale":"es_ES","og_type":"article","og_title":"\u00bfSer\u00e1 cierto? - La Prensa Cristiana","og_description":"2 Cr\u00f3nicas 9:6 \u201c\u2026pero no cre\u00ed en sus palabras hasta que vine y mis ojos lo han visto\u201d (La Unidad) \u201c\u00bfSer\u00e0 cierto lo que me han dicho de Salomon? Qu\u00e9 tan cierto ser\u00e0 lo que he escuchado sobre su vida, su conducta, su forma de ser? \u00bfQu\u00e9 tan cierto ser\u00e0 que sus servidores parecen pr\u00edncipes, [&hellip;]","og_url":"https:\/\/laprensacristiana.com\/?p=8373","og_site_name":"La Prensa Cristiana","article_published_time":"2020-03-02T15:16:03+00:00","article_modified_time":"2020-03-02T15:16:06+00:00","og_image":[{"width":1280,"height":714,"url":"https:\/\/laprensacristiana.com\/wp-content\/uploads\/2020\/01\/2017-11-23-PHOTO-00003245-1.jpg","type":"image\/jpeg"}],"author":"EDITOR","twitter_card":"summary_large_image","twitter_misc":{"Escrito por":"EDITOR","Tiempo de lectura":"4 minutos"},"schema":{"@context":"https:\/\/schema.org","@graph":[{"@type":"WebPage","@id":"https:\/\/laprensacristiana.com\/?p=8373","url":"https:\/\/laprensacristiana.com\/?p=8373","name":"\u00bfSer\u00e1 cierto? - La Prensa Cristiana","isPartOf":{"@id":"https:\/\/laprensacristiana.com\/#website"},"datePublished":"2020-03-02T15:16:03+00:00","dateModified":"2020-03-02T15:16:06+00:00","author":{"@id":"https:\/\/laprensacristiana.com\/#\/schema\/person\/3e7d82c6bfd6b1fa67010f8f7cd5256e"},"breadcrumb":{"@id":"https:\/\/laprensacristiana.com\/?p=8373#breadcrumb"},"inLanguage":"es","potentialAction":[{"@type":"ReadAction","target":["https:\/\/laprensacristiana.com\/?p=8373"]}]},{"@type":"BreadcrumbList","@id":"https:\/\/laprensacristiana.com\/?p=8373#breadcrumb","itemListElement":[{"@type":"ListItem","position":1,"name":"Portada","item":"https:\/\/laprensacristiana.com\/"},{"@type":"ListItem","position":2,"name":"\u00bfSer\u00e1 cierto?"}]},{"@type":"WebSite","@id":"https:\/\/laprensacristiana.com\/#website","url":"https:\/\/laprensacristiana.com\/","name":"La Prensa Cristiana","description":"Anunciando Las Buenas Nuevas","potentialAction":[{"@type":"SearchAction","target":{"@type":"EntryPoint","urlTemplate":"https:\/\/laprensacristiana.com\/?s={search_term_string}"},"query-input":"required name=search_term_string"}],"inLanguage":"es"},{"@type":"Person","@id":"https:\/\/laprensacristiana.com\/#\/schema\/person\/3e7d82c6bfd6b1fa67010f8f7cd5256e","name":"EDITOR","image":{"@type":"ImageObject","inLanguage":"es","@id":"https:\/\/laprensacristiana.com\/#\/schema\/person\/image\/","url":"https:\/\/secure.gravatar.com\/avatar\/72069dfb6c13772d9e8381e3638666d2?s=96&d=mm&r=g","contentUrl":"https:\/\/secure.gravatar.com\/avatar\/72069dfb6c13772d9e8381e3638666d2?s=96&d=mm&r=g","caption":"EDITOR"},"url":"https:\/\/laprensacristiana.com\/?author=3"}]}},"_links":{"self":[{"href":"https:\/\/laprensacristiana.com\/index.php?rest_route=\/wp\/v2\/posts\/8373"}],"collection":[{"href":"https:\/\/laprensacristiana.com\/index.php?rest_route=\/wp\/v2\/posts"}],"about":[{"href":"https:\/\/laprensacristiana.com\/index.php?rest_route=\/wp\/v2\/types\/post"}],"author":[{"embeddable":true,"href":"https:\/\/laprensacristiana.com\/index.php?rest_route=\/wp\/v2\/users\/3"}],"replies":[{"embeddable":true,"href":"https:\/\/laprensacristiana.com\/index.php?rest_route=%2Fwp%2Fv2%2Fcomments&post=8373"}],"version-history":[{"count":1,"href":"https:\/\/laprensacristiana.com\/index.php?rest_route=\/wp\/v2\/posts\/8373\/revisions"}],"predecessor-version":[{"id":8374,"href":"https:\/\/laprensacristiana.com\/index.php?rest_route=\/wp\/v2\/posts\/8373\/revisions\/8374"}],"wp:featuredmedia":[{"embeddable":true,"href":"https:\/\/laprensacristiana.com\/index.php?rest_route=\/wp\/v2\/media\/7949"}],"wp:attachment":[{"href":"https:\/\/laprensacristiana.com\/index.php?rest_route=%2Fwp%2Fv2%2Fmedia&parent=8373"}],"wp:term":[{"taxonomy":"category","embeddable":true,"href":"https:\/\/laprensacristiana.com\/index.php?rest_route=%2Fwp%2Fv2%2Fcategories&post=8373"},{"taxonomy":"post_tag","embeddable":true,"href":"https:\/\/laprensacristiana.com\/index.php?rest_route=%2Fwp%2Fv2%2Ftags&post=8373"}],"curies":[{"name":"wp","href":"https:\/\/api.w.org\/{rel}","templated":true}]}}