{"id":8401,"date":"2020-03-06T13:50:22","date_gmt":"2020-03-06T13:50:22","guid":{"rendered":"https:\/\/laprensacristiana.com\/?p=8401"},"modified":"2020-03-06T13:50:25","modified_gmt":"2020-03-06T13:50:25","slug":"lion-rfc-vuelve-a-llevar-su-musica-a-los-escenarios-seculares","status":"publish","type":"post","link":"https:\/\/laprensacristiana.com\/?p=8401","title":{"rendered":"Lion RFC vuelve a llevar su m\u00fasica a los escenarios seculares"},"content":{"rendered":"\n<p>El pasado 29 de febrero del presente a\u00f1o, la banda de reggae cristiano LION RFC vuelvo a tocar en un escenario selular, esta banda en sus inicios tuvo poca apertura dentro de la iglesia cristiana por lo que se abrieron paso en el \u00e1mbito selular, tiempo despu\u00e9s es una de las bandas musicales m\u00e1s conocidas en El Salvador.<\/p>\n\n\n\n<p>El lugar en el que se presentaron es el que les di\u00f3 apertura como banda, la banda se remonta a sus inicios despu\u00e9s de un tiempo de pausa.<\/p>\n\n\n\n<p>LION RFC tiene la oportunidad de llegar a lugares en los que muchas veces la iglesia no puede, c\u00f3mo lo son escenarios seculares o festivales en d\u00f3nde se presentan diferentes bandas y muchos j\u00f3venes de El Salvador y Centroam\u00e9rica son los espectadores, siendo luz en medio del mundo<\/p>\n","protected":false},"excerpt":{"rendered":"<p>El pasado 29 de febrero del presente a\u00f1o, la banda de reggae cristiano LION RFC vuelvo a tocar en un escenario selular, esta banda en sus inicios tuvo poca apertura dentro de la iglesia cristiana por lo que se abrieron paso en el \u00e1mbito selular, tiempo despu\u00e9s es una de las bandas musicales m\u00e1s conocidas [&hellip;]<\/p>\n","protected":false},"author":3,"featured_media":8402,"comment_status":"open","ping_status":"open","sticky":false,"template":"","format":"standard","meta":[],"categories":[56],"tags":[],"yoast_head":"<!-- This site is optimized with the Yoast SEO plugin v20.8 - https:\/\/yoast.com\/wordpress\/plugins\/seo\/ -->\n<title>Lion RFC vuelve a llevar su m\u00fasica a los escenarios seculares - La Prensa Cristiana<\/title>\n<meta name=\"robots\" content=\"index, follow, max-snippet:-1, max-image-preview:large, max-video-preview:-1\" \/>\n<link rel=\"canonical\" href=\"https:\/\/laprensacristiana.com\/?p=8401\" \/>\n<meta property=\"og:locale\" content=\"es_ES\" \/>\n<meta property=\"og:type\" content=\"article\" \/>\n<meta property=\"og:title\" content=\"Lion RFC vuelve a llevar su m\u00fasica a los escenarios seculares - La Prensa Cristiana\" \/>\n<meta property=\"og:description\" content=\"El pasado 29 de febrero del presente a\u00f1o, la banda de reggae cristiano LION RFC vuelvo a tocar en un escenario selular, esta banda en sus inicios tuvo poca apertura dentro de la iglesia cristiana por lo que se abrieron paso en el \u00e1mbito selular, tiempo despu\u00e9s es una de las bandas musicales m\u00e1s conocidas [&hellip;]\" \/>\n<meta property=\"og:url\" content=\"https:\/\/laprensacristiana.com\/?p=8401\" \/>\n<meta property=\"og:site_name\" content=\"La Prensa Cristiana\" \/>\n<meta property=\"article:published_time\" content=\"2020-03-06T13:50:22+00:00\" \/>\n<meta property=\"article:modified_time\" content=\"2020-03-06T13:50:25+00:00\" \/>\n<meta property=\"og:image\" content=\"https:\/\/laprensacristiana.com\/wp-content\/uploads\/2020\/03\/IMG-20200302-WA0002.jpg\" \/>\n\t<meta property=\"og:image:width\" content=\"1280\" \/>\n\t<meta property=\"og:image:height\" content=\"853\" \/>\n\t<meta property=\"og:image:type\" content=\"image\/jpeg\" \/>\n<meta name=\"author\" content=\"EDITOR\" \/>\n<meta name=\"twitter:card\" content=\"summary_large_image\" \/>\n<meta name=\"twitter:label1\" content=\"Escrito por\" \/>\n\t<meta name=\"twitter:data1\" content=\"EDITOR\" \/>\n\t<meta name=\"twitter:label2\" content=\"Tiempo de lectura\" \/>\n\t<meta name=\"twitter:data2\" content=\"1 minuto\" \/>\n<script type=\"application\/ld+json\" class=\"yoast-schema-graph\">{\"@context\":\"https:\/\/schema.org\",\"@graph\":[{\"@type\":\"WebPage\",\"@id\":\"https:\/\/laprensacristiana.com\/?p=8401\",\"url\":\"https:\/\/laprensacristiana.com\/?p=8401\",\"name\":\"Lion RFC vuelve a llevar su m\u00fasica a los escenarios seculares - La Prensa Cristiana\",\"isPartOf\":{\"@id\":\"https:\/\/laprensacristiana.com\/#website\"},\"datePublished\":\"2020-03-06T13:50:22+00:00\",\"dateModified\":\"2020-03-06T13:50:25+00:00\",\"author\":{\"@id\":\"https:\/\/laprensacristiana.com\/#\/schema\/person\/3e7d82c6bfd6b1fa67010f8f7cd5256e\"},\"breadcrumb\":{\"@id\":\"https:\/\/laprensacristiana.com\/?p=8401#breadcrumb\"},\"inLanguage\":\"es\",\"potentialAction\":[{\"@type\":\"ReadAction\",\"target\":[\"https:\/\/laprensacristiana.com\/?p=8401\"]}]},{\"@type\":\"BreadcrumbList\",\"@id\":\"https:\/\/laprensacristiana.com\/?p=8401#breadcrumb\",\"itemListElement\":[{\"@type\":\"ListItem\",\"position\":1,\"name\":\"Portada\",\"item\":\"https:\/\/laprensacristiana.com\/\"},{\"@type\":\"ListItem\",\"position\":2,\"name\":\"Lion RFC vuelve a llevar su m\u00fasica a los escenarios seculares\"}]},{\"@type\":\"WebSite\",\"@id\":\"https:\/\/laprensacristiana.com\/#website\",\"url\":\"https:\/\/laprensacristiana.com\/\",\"name\":\"La Prensa Cristiana\",\"description\":\"Anunciando Las Buenas Nuevas\",\"potentialAction\":[{\"@type\":\"SearchAction\",\"target\":{\"@type\":\"EntryPoint\",\"urlTemplate\":\"https:\/\/laprensacristiana.com\/?s={search_term_string}\"},\"query-input\":\"required name=search_term_string\"}],\"inLanguage\":\"es\"},{\"@type\":\"Person\",\"@id\":\"https:\/\/laprensacristiana.com\/#\/schema\/person\/3e7d82c6bfd6b1fa67010f8f7cd5256e\",\"name\":\"EDITOR\",\"image\":{\"@type\":\"ImageObject\",\"inLanguage\":\"es\",\"@id\":\"https:\/\/laprensacristiana.com\/#\/schema\/person\/image\/\",\"url\":\"https:\/\/secure.gravatar.com\/avatar\/72069dfb6c13772d9e8381e3638666d2?s=96&d=mm&r=g\",\"contentUrl\":\"https:\/\/secure.gravatar.com\/avatar\/72069dfb6c13772d9e8381e3638666d2?s=96&d=mm&r=g\",\"caption\":\"EDITOR\"},\"url\":\"https:\/\/laprensacristiana.com\/?author=3\"}]}<\/script>\n<!-- \/ Yoast SEO plugin. -->","yoast_head_json":{"title":"Lion RFC vuelve a llevar su m\u00fasica a los escenarios seculares - La Prensa Cristiana","robots":{"index":"index","follow":"follow","max-snippet":"max-snippet:-1","max-image-preview":"max-image-preview:large","max-video-preview":"max-video-preview:-1"},"canonical":"https:\/\/laprensacristiana.com\/?p=8401","og_locale":"es_ES","og_type":"article","og_title":"Lion RFC vuelve a llevar su m\u00fasica a los escenarios seculares - La Prensa Cristiana","og_description":"El pasado 29 de febrero del presente a\u00f1o, la banda de reggae cristiano LION RFC vuelvo a tocar en un escenario selular, esta banda en sus inicios tuvo poca apertura dentro de la iglesia cristiana por lo que se abrieron paso en el \u00e1mbito selular, tiempo despu\u00e9s es una de las bandas musicales m\u00e1s conocidas [&hellip;]","og_url":"https:\/\/laprensacristiana.com\/?p=8401","og_site_name":"La Prensa Cristiana","article_published_time":"2020-03-06T13:50:22+00:00","article_modified_time":"2020-03-06T13:50:25+00:00","og_image":[{"width":1280,"height":853,"url":"https:\/\/laprensacristiana.com\/wp-content\/uploads\/2020\/03\/IMG-20200302-WA0002.jpg","type":"image\/jpeg"}],"author":"EDITOR","twitter_card":"summary_large_image","twitter_misc":{"Escrito por":"EDITOR","Tiempo de lectura":"1 minuto"},"schema":{"@context":"https:\/\/schema.org","@graph":[{"@type":"WebPage","@id":"https:\/\/laprensacristiana.com\/?p=8401","url":"https:\/\/laprensacristiana.com\/?p=8401","name":"Lion RFC vuelve a llevar su m\u00fasica a los escenarios seculares - La Prensa Cristiana","isPartOf":{"@id":"https:\/\/laprensacristiana.com\/#website"},"datePublished":"2020-03-06T13:50:22+00:00","dateModified":"2020-03-06T13:50:25+00:00","author":{"@id":"https:\/\/laprensacristiana.com\/#\/schema\/person\/3e7d82c6bfd6b1fa67010f8f7cd5256e"},"breadcrumb":{"@id":"https:\/\/laprensacristiana.com\/?p=8401#breadcrumb"},"inLanguage":"es","potentialAction":[{"@type":"ReadAction","target":["https:\/\/laprensacristiana.com\/?p=8401"]}]},{"@type":"BreadcrumbList","@id":"https:\/\/laprensacristiana.com\/?p=8401#breadcrumb","itemListElement":[{"@type":"ListItem","position":1,"name":"Portada","item":"https:\/\/laprensacristiana.com\/"},{"@type":"ListItem","position":2,"name":"Lion RFC vuelve a llevar su m\u00fasica a los escenarios seculares"}]},{"@type":"WebSite","@id":"https:\/\/laprensacristiana.com\/#website","url":"https:\/\/laprensacristiana.com\/","name":"La Prensa Cristiana","description":"Anunciando Las Buenas Nuevas","potentialAction":[{"@type":"SearchAction","target":{"@type":"EntryPoint","urlTemplate":"https:\/\/laprensacristiana.com\/?s={search_term_string}"},"query-input":"required name=search_term_string"}],"inLanguage":"es"},{"@type":"Person","@id":"https:\/\/laprensacristiana.com\/#\/schema\/person\/3e7d82c6bfd6b1fa67010f8f7cd5256e","name":"EDITOR","image":{"@type":"ImageObject","inLanguage":"es","@id":"https:\/\/laprensacristiana.com\/#\/schema\/person\/image\/","url":"https:\/\/secure.gravatar.com\/avatar\/72069dfb6c13772d9e8381e3638666d2?s=96&d=mm&r=g","contentUrl":"https:\/\/secure.gravatar.com\/avatar\/72069dfb6c13772d9e8381e3638666d2?s=96&d=mm&r=g","caption":"EDITOR"},"url":"https:\/\/laprensacristiana.com\/?author=3"}]}},"_links":{"self":[{"href":"https:\/\/laprensacristiana.com\/index.php?rest_route=\/wp\/v2\/posts\/8401"}],"collection":[{"href":"https:\/\/laprensacristiana.com\/index.php?rest_route=\/wp\/v2\/posts"}],"about":[{"href":"https:\/\/laprensacristiana.com\/index.php?rest_route=\/wp\/v2\/types\/post"}],"author":[{"embeddable":true,"href":"https:\/\/laprensacristiana.com\/index.php?rest_route=\/wp\/v2\/users\/3"}],"replies":[{"embeddable":true,"href":"https:\/\/laprensacristiana.com\/index.php?rest_route=%2Fwp%2Fv2%2Fcomments&post=8401"}],"version-history":[{"count":1,"href":"https:\/\/laprensacristiana.com\/index.php?rest_route=\/wp\/v2\/posts\/8401\/revisions"}],"predecessor-version":[{"id":8403,"href":"https:\/\/laprensacristiana.com\/index.php?rest_route=\/wp\/v2\/posts\/8401\/revisions\/8403"}],"wp:featuredmedia":[{"embeddable":true,"href":"https:\/\/laprensacristiana.com\/index.php?rest_route=\/wp\/v2\/media\/8402"}],"wp:attachment":[{"href":"https:\/\/laprensacristiana.com\/index.php?rest_route=%2Fwp%2Fv2%2Fmedia&parent=8401"}],"wp:term":[{"taxonomy":"category","embeddable":true,"href":"https:\/\/laprensacristiana.com\/index.php?rest_route=%2Fwp%2Fv2%2Fcategories&post=8401"},{"taxonomy":"post_tag","embeddable":true,"href":"https:\/\/laprensacristiana.com\/index.php?rest_route=%2Fwp%2Fv2%2Ftags&post=8401"}],"curies":[{"name":"wp","href":"https:\/\/api.w.org\/{rel}","templated":true}]}}