{"id":8404,"date":"2020-03-07T16:49:16","date_gmt":"2020-03-07T16:49:16","guid":{"rendered":"https:\/\/laprensacristiana.com\/?p=8404"},"modified":"2020-03-07T16:49:18","modified_gmt":"2020-03-07T16:49:18","slug":"mujerque-quieres-hacer-con-tu-historia","status":"publish","type":"post","link":"https:\/\/laprensacristiana.com\/?p=8404","title":{"rendered":"Mujer\u2026\u201cQu\u00e9 quieres hacer con tu historia\u201d"},"content":{"rendered":"\n<p>El 8 de Marzo se conmemora el d\u00eda internacional de la Mujer, formalizado por Naciones Unidas. En palabras de la ONU \u201cse refiere a las mujeres corrientes como art\u00edfice de la historia y hunde sus ra\u00edces en la lucha plurisecular de la mujer por participar en la sociedad en pie de igualdad con el hombre\u201d.<\/p>\n\n\n\n<p>En esta oportunidad esta columna la escribo a nosotras las mujeres, en raz\u00f3n de la conmemoraci\u00f3n de ese d\u00eda, porque es muy importante que nos dediquemos el tiempo suficiente en hacer un peque\u00f1o alto y reflexionar que queremos hacer de nuestra historia, cualquiera que nos haya tocado vivir.<\/p>\n\n\n\n<p>Te comparto que en cada proceso he descubierto que es muy importante  la b\u00fasqueda continua de crear espacios para estar a solas con nosotras mismas y tener diariamente ese encuentro personal con Dios a quien yo le llamo Pap\u00e1, para llenarnos de su amor y fortaleza; en otras oportunidades te he compartido que mi primer encuentro cada ma\u00f1ana con Pap\u00e1, es con mi primer cafecito de la ma\u00f1ana antes de salir de casa, donde puedo hablar con El tal cual soy, solo estamos \u00c9l y yo.<\/p>\n\n\n\n<p>Es una de las formas de dedicarme el tiempo a \u201cmi manera\u201d, am\u00e1ndome a m\u00ed misma, se pueda escuchar hasta ego\u00edsta; pero, es un ego\u00edsmo sano que disfruto y mucho\u2026 con ello logro ser yo misma y para saber que en medio de todo lo que he pasado\u2026 he sobrevivido y soy bendecida con tener el don de la vida, esa vida que palpita dentro de ti y de m\u00ed. Pacific\u00e1ndonos y agradeciendo por ese milagro de estar vivas y de sentirnos afortunadas porque en medio de todas las posibilidades\u2026nos convertimos en lo que hoy somos\u2026 sobrepasamos d\u00eda a d\u00eda todo tipo de obst\u00e1culos y es de admirarnos y amarnos, haciendo cada d\u00eda la mejor versi\u00f3n de nosotras mismas, siendo \u00fanicas y aut\u00e9nticas, sin imitaciones. Tenemos que aprender a priorizarnos y asimismo cada momento de nuestras vidas es \u00fanico e irrepetible y con ello me hice esta pregunta:<\/p>\n\n\n\n<p>\u00bfQUI\u00c9N ES LA MUJER?<br>\nUn ser humano, creado por Dios, pura y preciosa, hecha con un prop\u00f3sito desde antes de nacer, con una personalidad femenina, con necesidades, con impulsos y deseos, con la capacidad de ir m\u00e1s all\u00e1 de si misma, con cualidades espirituales, con un valor incalculable, \u00fanica y aut\u00e9ntica.<\/p>\n\n\n\n<p>Ahora antes de continuar compartiendo este cafecito, quiero que te contestes a ti misma.<br>\n \u00bfQu\u00e9 te dices en tu mon\u00f3logo interno?<br>\n\u00bfQU\u00c9 CONCEPTO TIENES DE TI MISMA?   <br>\nDe la abundancia del coraz\u00f3n, habla la boca. Si dentro de ti piensas y dices que no vales, que no tienes belleza, que nada te sale bien, que no vale la pena vivir, d\u00e9jame decirte que est\u00e1s aceptando una mentira que da\u00f1a tu esp\u00edritu, por lo tanto puedes vivir sin sue\u00f1os y emociones.<br>\nPuedes sentir a veces que ya paso tu tiempo, que ya no luces igual que antes, que ya no volteas las miradas, que te has vuelto invisible, que ya no te valoran tanto como antes, que todos est\u00e1n ocupados en sus cosas y que ya no tienen tiempo para ti.<br>\nEste cafecito es para decirte que \u201cya no tienes tiempo para perder el tiempo\u201d, en estar pensando y conmiser\u00e1ndote  o como suelo decir \u201cpobriciti\u00e1ndote\u201d o sea \u201cpobrecita yo\u201d, y siempre pregunto y \u00bfqu\u00e9 es pobrecita?, pero de eso hablaremos en otro cafecito,  si siempre estas pendiente en lo que los dem\u00e1s hablan o dicen de ti, est\u00e1s perdiendo tu tiempo,  ya que nadie est\u00e1 en tus zapatos y hasta entonces,   puedo asegurarte que  este es<br>\ntu mejor momento, el d\u00eda de hoy, no ayer, tampoco ma\u00f1ana, si no ahora es el momento de ponerte tus mejores zapatillas, arreglar tu cabello, usa tu perfume favorito, ponte tus mejores cremas, usa esa cartera de marca que tienes guardada, usa tu vestido nuevo y sal a conquistar tus sue\u00f1os con la fe y esperanza que Dios est\u00e1 contigo en todo momento haz lucir la belleza que llevas en tu interior y que reflejas en tu exterior, con \u00edmpetu y valent\u00eda con la que cada ma\u00f1ana te levantas a  dar lo mejor de ti misma, (aunque hayamos tenido que llorar por la noche), con tu mirada y sonrisa di al mundo cuanto amas, porque el amor de Dios est\u00e1 adentro de ti, haz el rol en que te desenvuelves con excelencia, florece donde estas plantada, as\u00ed como cada flor lo hace de acuerdo a su temporada, reconoce tu valor de mujer sin miedo a conocerte a ti misma: tus miedos, gustos, virtudes, talentos y fortalezas, incluso a conocer tus debilidades y mejorarte a ti misma cada d\u00eda. Date tiempo para so\u00f1ar, aunque est\u00e9s muy ocupada con tu trabajo, hijos, familia etc., no abandones tus sue\u00f1os porque eso te dar\u00e1 satisfacci\u00f3n personal,  \u00e1mate y consi\u00e9ntete cada d\u00eda para que te veas radiante en armon\u00eda con tu sonrisa, por el simple hecho de ser mujer, porque \u201cal cambiar tu cambiar\u00e1 tu alrededor\u201d, y no porque tu alrededor haya cambiado, sino porque tu haz cambiado y ser\u00e1 entonces que independientemente de lo que pase, est\u00e1s lista a ver con los ojos del amor tu alrededor.<br>\nQuiero decirte que si quieres ser feliz, si quieres alcanzar la madurez y la plenitud como mujer, es necesario que descubras tu identidad y nadie, absolutamente nadie, como Dios pueden mostrarte tu identidad, lo que realmente eres, puesto que \u00c9l te cre\u00f3.<\/p>\n\n\n\n<p>Y sabes  qui\u00e9n eres para Dios? Eres su obra maestra, hechura de sus manos\u2026 eres hija y Pap\u00e1 sabe c\u00f3mo eres ahora, y en su pensamiento y en su Coraz\u00f3n est\u00e1 lo que debes ser.<br>\n\u00c9l no te ve c\u00f3mo te ven los dem\u00e1s, a esos dem\u00e1s a quienes les llamo espirituflauticos que solo ven los errores de los dem\u00e1s y no se ven a ellos mismos.  Mujer en medio de todas las circunstancias y debilidades, sabes c\u00f3mo Pap\u00e1 nos ve: <br>\nComo la ni\u00f1a de sus ojos, con amor genuino inmerecido, nos da oportunidad de vida cada d\u00eda, no  enjuicia, el \u00fanico amor que no miente y no traiciona, El no deja de amarte o hablarte porque te equivocaste porque con amor eterno nos ama, ha prometido que nuestras tristezas las convertir\u00e1 en gozo, nos dice que no tengamos miedo, que nos sostiene de su mano derecha, lo invocaremos y El responder\u00e1, \u00c9l es nuestro Pastor y nada nos faltar\u00e1, para El nada es imposible, es nuestro sanador, bajo sus alas estamos seguras. <br>\nMateo 7:11. Pues si vosotros, siendo malos, sab\u00e9is dar buenas d\u00e1divas a vuestros hijos, \u00bfcu\u00e1nto m\u00e1s vuestro Padre que est\u00e1 en los cielos dar\u00e1 buenas cosas a los que le pidan?<br>\nSolo quiero que recuerdes cada vez que veas una flor, que ella resplandece cada ma\u00f1ana, as\u00ed como tu: una mujer de gran valor como un diamante, por lo que debes y tienes que cuidar y proteger a ese ser maravilloso que eres, tengas la edad que tengas, soltera, casada, viuda o divorciada, color, raza, caracter\u00edsticas f\u00edsicas, religi\u00f3n, inclinaci\u00f3n pol\u00edtica, seas del pa\u00eds que seas, recuerda que tu vida es lo m\u00e1s importante y que llegaste a este mundo para ser feliz sin importar tu situaci\u00f3n, ser feliz es una decisi\u00f3n que debes tomar cada d\u00eda, porque has sido creada a trav\u00e9s del amor universal, el amor de Dios. <br>\nSi has sido defraudada o traicionada en cualquier rol como mujer, no te sientas mal, lo hicieron porque algo est\u00e1 mal en ellas o ellos y no en ti, porque puedo decirte con certeza que  al final quien perdi\u00f3 tu amor y cari\u00f1o fue quien te fall\u00f3, no encontraran algo tan genuino como lo que tu diste, decide perdonar y las personas correctas llegaran a tu vida para entregar nuevamente tu amor y cari\u00f1o.<\/p>\n\n\n\n<p>Celebra que Dios es quien te define, celebra el valor grandioso que Dios te ha dado, igual valor que al hombre, hecha a Su imagen y semejanza.<\/p>\n\n\n\n<p>Despu\u00e9s que juntas hemos compartimos este cafecito, ser\u00e1s tu quien decida cada ma\u00f1ana que estrenas una p\u00e1gina en blanco, que historia quieres escribir, vivir un pasado que no volver\u00e1, vivir el aqu\u00ed y ahora decidiendo ser feliz o en la ansiedad de un futuro que no tienes control.<\/p>\n\n\n\n<p>Mujer t\u00fa decides ser feliz con tu historia cualquiera que te haya tocado o te est\u00e9 tocando vivir. \u00a1 un d\u00eda a la vez!<\/p>\n\n\n\n<p>Para terminar este cafecito te propongo que a partir de hoy aprendas a practicar el amor propio y hasta entonces podr\u00e1s amar a los dem\u00e1s, porque nadie puede dar lo que no tiene. <br>\nMateo 22:39 Amaras a tu pr\u00f3jimo como a ti mismo.<\/p>\n\n\n\n<p>\u00a1Con  mi suficiente amor!<br>\nClaudia. <\/p>\n\n\n\n<h1 class=\"wp-block-heading\">CuandoDiosNosDaUnaPromesaSuPalabraEsNuestraGarant\u00eda\u201d.<\/h1>\n\n\n\n<p>Licda. Claudia Guill\u00e9n<br> Fundadora del Ministerio Internacional<br> \u201cMi Cafecito con Jes\u00fas\u201d<br> Escritora del libro:<br> \u201cOrdenando los juguetes tirados\u201d<\/p>\n","protected":false},"excerpt":{"rendered":"<p>El 8 de Marzo se conmemora el d\u00eda internacional de la Mujer, formalizado por Naciones Unidas. En palabras de la ONU \u201cse refiere a las mujeres corrientes como art\u00edfice de la historia y hunde sus ra\u00edces en la lucha plurisecular de la mujer por participar en la sociedad en pie de igualdad con el hombre\u201d. [&hellip;]<\/p>\n","protected":false},"author":3,"featured_media":6649,"comment_status":"open","ping_status":"open","sticky":false,"template":"","format":"standard","meta":[],"categories":[71],"tags":[],"yoast_head":"<!-- This site is optimized with the Yoast SEO plugin v20.8 - https:\/\/yoast.com\/wordpress\/plugins\/seo\/ -->\n<title>Mujer\u2026\u201cQu\u00e9 quieres hacer con tu historia\u201d - La Prensa Cristiana<\/title>\n<meta name=\"robots\" content=\"index, follow, max-snippet:-1, max-image-preview:large, max-video-preview:-1\" \/>\n<link rel=\"canonical\" href=\"https:\/\/laprensacristiana.com\/?p=8404\" \/>\n<meta property=\"og:locale\" content=\"es_ES\" \/>\n<meta property=\"og:type\" content=\"article\" \/>\n<meta property=\"og:title\" content=\"Mujer\u2026\u201cQu\u00e9 quieres hacer con tu historia\u201d - La Prensa Cristiana\" \/>\n<meta property=\"og:description\" content=\"El 8 de Marzo se conmemora el d\u00eda internacional de la Mujer, formalizado por Naciones Unidas. En palabras de la ONU \u201cse refiere a las mujeres corrientes como art\u00edfice de la historia y hunde sus ra\u00edces en la lucha plurisecular de la mujer por participar en la sociedad en pie de igualdad con el hombre\u201d. [&hellip;]\" \/>\n<meta property=\"og:url\" content=\"https:\/\/laprensacristiana.com\/?p=8404\" \/>\n<meta property=\"og:site_name\" content=\"La Prensa Cristiana\" \/>\n<meta property=\"article:published_time\" content=\"2020-03-07T16:49:16+00:00\" \/>\n<meta property=\"article:modified_time\" content=\"2020-03-07T16:49:18+00:00\" \/>\n<meta property=\"og:image\" content=\"https:\/\/laprensacristiana.com\/wp-content\/uploads\/2019\/09\/WhatsApp-Image-2019-09-20-at-10.11.58.jpeg\" \/>\n\t<meta property=\"og:image:width\" content=\"1280\" \/>\n\t<meta property=\"og:image:height\" content=\"647\" \/>\n\t<meta property=\"og:image:type\" content=\"image\/jpeg\" \/>\n<meta name=\"author\" content=\"EDITOR\" \/>\n<meta name=\"twitter:card\" content=\"summary_large_image\" \/>\n<meta name=\"twitter:label1\" content=\"Escrito por\" \/>\n\t<meta name=\"twitter:data1\" content=\"EDITOR\" \/>\n\t<meta name=\"twitter:label2\" content=\"Tiempo de lectura\" \/>\n\t<meta name=\"twitter:data2\" content=\"8 minutos\" \/>\n<script type=\"application\/ld+json\" class=\"yoast-schema-graph\">{\"@context\":\"https:\/\/schema.org\",\"@graph\":[{\"@type\":\"WebPage\",\"@id\":\"https:\/\/laprensacristiana.com\/?p=8404\",\"url\":\"https:\/\/laprensacristiana.com\/?p=8404\",\"name\":\"Mujer\u2026\u201cQu\u00e9 quieres hacer con tu historia\u201d - La Prensa Cristiana\",\"isPartOf\":{\"@id\":\"https:\/\/laprensacristiana.com\/#website\"},\"datePublished\":\"2020-03-07T16:49:16+00:00\",\"dateModified\":\"2020-03-07T16:49:18+00:00\",\"author\":{\"@id\":\"https:\/\/laprensacristiana.com\/#\/schema\/person\/3e7d82c6bfd6b1fa67010f8f7cd5256e\"},\"breadcrumb\":{\"@id\":\"https:\/\/laprensacristiana.com\/?p=8404#breadcrumb\"},\"inLanguage\":\"es\",\"potentialAction\":[{\"@type\":\"ReadAction\",\"target\":[\"https:\/\/laprensacristiana.com\/?p=8404\"]}]},{\"@type\":\"BreadcrumbList\",\"@id\":\"https:\/\/laprensacristiana.com\/?p=8404#breadcrumb\",\"itemListElement\":[{\"@type\":\"ListItem\",\"position\":1,\"name\":\"Portada\",\"item\":\"https:\/\/laprensacristiana.com\/\"},{\"@type\":\"ListItem\",\"position\":2,\"name\":\"Mujer\u2026\u201cQu\u00e9 quieres hacer con tu historia\u201d\"}]},{\"@type\":\"WebSite\",\"@id\":\"https:\/\/laprensacristiana.com\/#website\",\"url\":\"https:\/\/laprensacristiana.com\/\",\"name\":\"La Prensa Cristiana\",\"description\":\"Anunciando Las Buenas Nuevas\",\"potentialAction\":[{\"@type\":\"SearchAction\",\"target\":{\"@type\":\"EntryPoint\",\"urlTemplate\":\"https:\/\/laprensacristiana.com\/?s={search_term_string}\"},\"query-input\":\"required name=search_term_string\"}],\"inLanguage\":\"es\"},{\"@type\":\"Person\",\"@id\":\"https:\/\/laprensacristiana.com\/#\/schema\/person\/3e7d82c6bfd6b1fa67010f8f7cd5256e\",\"name\":\"EDITOR\",\"image\":{\"@type\":\"ImageObject\",\"inLanguage\":\"es\",\"@id\":\"https:\/\/laprensacristiana.com\/#\/schema\/person\/image\/\",\"url\":\"https:\/\/secure.gravatar.com\/avatar\/72069dfb6c13772d9e8381e3638666d2?s=96&d=mm&r=g\",\"contentUrl\":\"https:\/\/secure.gravatar.com\/avatar\/72069dfb6c13772d9e8381e3638666d2?s=96&d=mm&r=g\",\"caption\":\"EDITOR\"},\"url\":\"https:\/\/laprensacristiana.com\/?author=3\"}]}<\/script>\n<!-- \/ Yoast SEO plugin. -->","yoast_head_json":{"title":"Mujer\u2026\u201cQu\u00e9 quieres hacer con tu historia\u201d - La Prensa Cristiana","robots":{"index":"index","follow":"follow","max-snippet":"max-snippet:-1","max-image-preview":"max-image-preview:large","max-video-preview":"max-video-preview:-1"},"canonical":"https:\/\/laprensacristiana.com\/?p=8404","og_locale":"es_ES","og_type":"article","og_title":"Mujer\u2026\u201cQu\u00e9 quieres hacer con tu historia\u201d - La Prensa Cristiana","og_description":"El 8 de Marzo se conmemora el d\u00eda internacional de la Mujer, formalizado por Naciones Unidas. En palabras de la ONU \u201cse refiere a las mujeres corrientes como art\u00edfice de la historia y hunde sus ra\u00edces en la lucha plurisecular de la mujer por participar en la sociedad en pie de igualdad con el hombre\u201d. [&hellip;]","og_url":"https:\/\/laprensacristiana.com\/?p=8404","og_site_name":"La Prensa Cristiana","article_published_time":"2020-03-07T16:49:16+00:00","article_modified_time":"2020-03-07T16:49:18+00:00","og_image":[{"width":1280,"height":647,"url":"https:\/\/laprensacristiana.com\/wp-content\/uploads\/2019\/09\/WhatsApp-Image-2019-09-20-at-10.11.58.jpeg","type":"image\/jpeg"}],"author":"EDITOR","twitter_card":"summary_large_image","twitter_misc":{"Escrito por":"EDITOR","Tiempo de lectura":"8 minutos"},"schema":{"@context":"https:\/\/schema.org","@graph":[{"@type":"WebPage","@id":"https:\/\/laprensacristiana.com\/?p=8404","url":"https:\/\/laprensacristiana.com\/?p=8404","name":"Mujer\u2026\u201cQu\u00e9 quieres hacer con tu historia\u201d - La Prensa Cristiana","isPartOf":{"@id":"https:\/\/laprensacristiana.com\/#website"},"datePublished":"2020-03-07T16:49:16+00:00","dateModified":"2020-03-07T16:49:18+00:00","author":{"@id":"https:\/\/laprensacristiana.com\/#\/schema\/person\/3e7d82c6bfd6b1fa67010f8f7cd5256e"},"breadcrumb":{"@id":"https:\/\/laprensacristiana.com\/?p=8404#breadcrumb"},"inLanguage":"es","potentialAction":[{"@type":"ReadAction","target":["https:\/\/laprensacristiana.com\/?p=8404"]}]},{"@type":"BreadcrumbList","@id":"https:\/\/laprensacristiana.com\/?p=8404#breadcrumb","itemListElement":[{"@type":"ListItem","position":1,"name":"Portada","item":"https:\/\/laprensacristiana.com\/"},{"@type":"ListItem","position":2,"name":"Mujer\u2026\u201cQu\u00e9 quieres hacer con tu historia\u201d"}]},{"@type":"WebSite","@id":"https:\/\/laprensacristiana.com\/#website","url":"https:\/\/laprensacristiana.com\/","name":"La Prensa Cristiana","description":"Anunciando Las Buenas Nuevas","potentialAction":[{"@type":"SearchAction","target":{"@type":"EntryPoint","urlTemplate":"https:\/\/laprensacristiana.com\/?s={search_term_string}"},"query-input":"required name=search_term_string"}],"inLanguage":"es"},{"@type":"Person","@id":"https:\/\/laprensacristiana.com\/#\/schema\/person\/3e7d82c6bfd6b1fa67010f8f7cd5256e","name":"EDITOR","image":{"@type":"ImageObject","inLanguage":"es","@id":"https:\/\/laprensacristiana.com\/#\/schema\/person\/image\/","url":"https:\/\/secure.gravatar.com\/avatar\/72069dfb6c13772d9e8381e3638666d2?s=96&d=mm&r=g","contentUrl":"https:\/\/secure.gravatar.com\/avatar\/72069dfb6c13772d9e8381e3638666d2?s=96&d=mm&r=g","caption":"EDITOR"},"url":"https:\/\/laprensacristiana.com\/?author=3"}]}},"_links":{"self":[{"href":"https:\/\/laprensacristiana.com\/index.php?rest_route=\/wp\/v2\/posts\/8404"}],"collection":[{"href":"https:\/\/laprensacristiana.com\/index.php?rest_route=\/wp\/v2\/posts"}],"about":[{"href":"https:\/\/laprensacristiana.com\/index.php?rest_route=\/wp\/v2\/types\/post"}],"author":[{"embeddable":true,"href":"https:\/\/laprensacristiana.com\/index.php?rest_route=\/wp\/v2\/users\/3"}],"replies":[{"embeddable":true,"href":"https:\/\/laprensacristiana.com\/index.php?rest_route=%2Fwp%2Fv2%2Fcomments&post=8404"}],"version-history":[{"count":1,"href":"https:\/\/laprensacristiana.com\/index.php?rest_route=\/wp\/v2\/posts\/8404\/revisions"}],"predecessor-version":[{"id":8405,"href":"https:\/\/laprensacristiana.com\/index.php?rest_route=\/wp\/v2\/posts\/8404\/revisions\/8405"}],"wp:featuredmedia":[{"embeddable":true,"href":"https:\/\/laprensacristiana.com\/index.php?rest_route=\/wp\/v2\/media\/6649"}],"wp:attachment":[{"href":"https:\/\/laprensacristiana.com\/index.php?rest_route=%2Fwp%2Fv2%2Fmedia&parent=8404"}],"wp:term":[{"taxonomy":"category","embeddable":true,"href":"https:\/\/laprensacristiana.com\/index.php?rest_route=%2Fwp%2Fv2%2Fcategories&post=8404"},{"taxonomy":"post_tag","embeddable":true,"href":"https:\/\/laprensacristiana.com\/index.php?rest_route=%2Fwp%2Fv2%2Ftags&post=8404"}],"curies":[{"name":"wp","href":"https:\/\/api.w.org\/{rel}","templated":true}]}}