{"id":8407,"date":"2020-03-08T14:20:55","date_gmt":"2020-03-08T14:20:55","guid":{"rendered":"https:\/\/laprensacristiana.com\/?p=8407"},"modified":"2020-07-01T19:45:54","modified_gmt":"2020-07-01T19:45:54","slug":"dia-internacional-de-la-mujer","status":"publish","type":"post","link":"https:\/\/laprensacristiana.com\/?p=8407","title":{"rendered":"D\u00eda Internacional de la Mujer"},"content":{"rendered":"\n<p>POR JULY DE SOSA <\/p>\n\n\n\n<p>Este d\u00eda se\nconmemora el \u201cD\u00eda Internacional de la Mujer\u201d declarado as\u00ed por la ONU en el a\u00f1o\nde 1975. Como un reconocimiento a la valent\u00eda de muchas mujeres que usaron su\nvoz para protestar por las miseras condiciones laborales, su derecho al voto y\npor el final del trabajo infantil. Una de las primeras luchas tubo, lugar el 8\nde marzo de 1957, cuando miles de trabajadoras textiles salieron a las calles\nde New York, alzando sus voces en defensa de sus derechos. El 19 de marzo de\n1911, se celebr\u00f3 por primera vez el D\u00eda Internacional de la Mujer, en Alemania,\nAustria, Dinamarca y Suiza; esa primera celebraci\u00f3n consisti\u00f3 en m\u00edtines a los\nque asistieron m\u00e1s de un mill\u00f3n de mujeres, exigiendo su derecho al voto, y a ocupar\ncargos pol\u00edticos, adem\u00e1s del derecho a la formaci\u00f3n profesional y a la no\ndiscriminaci\u00f3n laboral. A pocos d\u00edas de esa gran celebraci\u00f3n el 25 de marzo, en\nla ciudad de New York ocurri\u00f3 uno de los m\u00e1s lamentables hechos en la historia,\ncuando un\ngrupo de trabajadoras emigrantes italianas y Jud\u00edas murieron calcinadas en un\nincendio provocado en la famosa f\u00e1brica de textiles Cotton, luego de estar\nluchando en una huelga en la que exig\u00edan igualdad de derecho salarial. En ese tr\u00e1gico\nincendio fallecieron 146 mujeres y 71 m\u00e1s resultaron gravemente heridas. Definitivamente\nalto es, el precio a pagar en la lucha por defender nuestros derechos. Conociendo\nestos hechos, sumados a muchos m\u00e1s que abrieron camino a la igualdad, es\napremiante que no olvidemos que Jes\u00fas fue el primero que incluyo a la mujer en\nla sociedad. Y es responsabilidad de todas encontrar nuestra voz que\ndefinitivamente tienen que ver con el prop\u00f3sito de vida de cada una. Considero un\ngrave error, que en este tiempo cuando la violencia en contra de la mujer y el atropello\na sus derechos contin\u00faa presente en nuestra sociedad, se siga ense\u00f1ando a callar\na la mujer. La voz es un regalo que debemos usar para defendernos. Y entre\nnosotras para animarnos y no para destruirnos. Las mujeres fueron claves en el ministerio\nde Jes\u00fas y hoy en d\u00eda continuamos siendo parte importante en el crecimiento de\nla iglesia, aunque en este tiempo todav\u00eda existen algunos hombres en puestos de\nliderazgo en las iglesias que se niegan a aceptar que Dios tambi\u00e9n usa a la\nmujer como al hombre para llevar su palabra a donde haga falta. Por esto, se\nvuelve urgente saber interpretar las santas escrituras, para conocer el coraz\u00f3n\nde Dios y saber que delante de \u00e9l, en cuanto a capacidades hombres y mujeres\nsomos iguales. Debe de ser por esto que en la Biblia no encontramos roles que ense\u00f1en\nque es responsabilidad exclusiva de la mujer lavar platos, cocinar, limpiar la\ncasa, etc. Considero que no es atributo de hombre o mujer, eliminar la\nparticipaci\u00f3n de nadie en el cuerpo de Cristo, o en nuestra historia, porque\nm\u00e1s all\u00e1 de la iglesia todos somos parte de una comunidad humana.<\/p>\n\n\n\n<p>En el marco de esta celebraci\u00f3n deseo animar a\ntodas las mujeres a que valoremos lo que nuestras antecesoras hicieron y\nvalientemente continuemos avanzando, recordando que el &nbsp;&nbsp;Dios de\nla Biblia no limita a la mujer. \u00c9L ama, valora, levanta y usa a la mujer.<\/p>\n\n\n\n<p>\u00a1Celebremos todas este d\u00eda, el D\u00eda Internacional\nde la Mujer!<\/p>\n","protected":false},"excerpt":{"rendered":"<p>POR JULY DE SOSA Este d\u00eda se conmemora el \u201cD\u00eda Internacional de la Mujer\u201d declarado as\u00ed por la ONU en el a\u00f1o de 1975. Como un reconocimiento a la valent\u00eda de muchas mujeres que usaron su voz para protestar por las miseras condiciones laborales, su derecho al voto y por el final del trabajo infantil. [&hellip;]<\/p>\n","protected":false},"author":3,"featured_media":6147,"comment_status":"open","ping_status":"open","sticky":false,"template":"","format":"standard","meta":[],"categories":[36],"tags":[81,82,80],"yoast_head":"<!-- This site is optimized with the Yoast SEO plugin v20.8 - https:\/\/yoast.com\/wordpress\/plugins\/seo\/ -->\n<title>D\u00eda Internacional de la Mujer - La Prensa Cristiana<\/title>\n<meta name=\"robots\" content=\"index, follow, max-snippet:-1, max-image-preview:large, max-video-preview:-1\" \/>\n<link rel=\"canonical\" href=\"https:\/\/laprensacristiana.com\/?p=8407\" \/>\n<meta property=\"og:locale\" content=\"es_ES\" \/>\n<meta property=\"og:type\" content=\"article\" \/>\n<meta property=\"og:title\" content=\"D\u00eda Internacional de la Mujer - La Prensa Cristiana\" \/>\n<meta property=\"og:description\" content=\"POR JULY DE SOSA Este d\u00eda se conmemora el \u201cD\u00eda Internacional de la Mujer\u201d declarado as\u00ed por la ONU en el a\u00f1o de 1975. Como un reconocimiento a la valent\u00eda de muchas mujeres que usaron su voz para protestar por las miseras condiciones laborales, su derecho al voto y por el final del trabajo infantil. [&hellip;]\" \/>\n<meta property=\"og:url\" content=\"https:\/\/laprensacristiana.com\/?p=8407\" \/>\n<meta property=\"og:site_name\" content=\"La Prensa Cristiana\" \/>\n<meta property=\"article:published_time\" content=\"2020-03-08T14:20:55+00:00\" \/>\n<meta property=\"article:modified_time\" content=\"2020-07-01T19:45:54+00:00\" \/>\n<meta property=\"og:image\" content=\"https:\/\/laprensacristiana.com\/wp-content\/uploads\/2019\/07\/JULY-LPG-2017.jpg\" \/>\n\t<meta property=\"og:image:width\" content=\"1240\" \/>\n\t<meta property=\"og:image:height\" content=\"692\" \/>\n\t<meta property=\"og:image:type\" content=\"image\/jpeg\" \/>\n<meta name=\"author\" content=\"EDITOR\" \/>\n<meta name=\"twitter:card\" content=\"summary_large_image\" \/>\n<meta name=\"twitter:label1\" content=\"Escrito por\" \/>\n\t<meta name=\"twitter:data1\" content=\"EDITOR\" \/>\n\t<meta name=\"twitter:label2\" content=\"Tiempo de lectura\" \/>\n\t<meta name=\"twitter:data2\" content=\"3 minutos\" \/>\n<script type=\"application\/ld+json\" class=\"yoast-schema-graph\">{\"@context\":\"https:\/\/schema.org\",\"@graph\":[{\"@type\":\"WebPage\",\"@id\":\"https:\/\/laprensacristiana.com\/?p=8407\",\"url\":\"https:\/\/laprensacristiana.com\/?p=8407\",\"name\":\"D\u00eda Internacional de la Mujer - La Prensa Cristiana\",\"isPartOf\":{\"@id\":\"https:\/\/laprensacristiana.com\/#website\"},\"datePublished\":\"2020-03-08T14:20:55+00:00\",\"dateModified\":\"2020-07-01T19:45:54+00:00\",\"author\":{\"@id\":\"https:\/\/laprensacristiana.com\/#\/schema\/person\/3e7d82c6bfd6b1fa67010f8f7cd5256e\"},\"breadcrumb\":{\"@id\":\"https:\/\/laprensacristiana.com\/?p=8407#breadcrumb\"},\"inLanguage\":\"es\",\"potentialAction\":[{\"@type\":\"ReadAction\",\"target\":[\"https:\/\/laprensacristiana.com\/?p=8407\"]}]},{\"@type\":\"BreadcrumbList\",\"@id\":\"https:\/\/laprensacristiana.com\/?p=8407#breadcrumb\",\"itemListElement\":[{\"@type\":\"ListItem\",\"position\":1,\"name\":\"Portada\",\"item\":\"https:\/\/laprensacristiana.com\/\"},{\"@type\":\"ListItem\",\"position\":2,\"name\":\"D\u00eda Internacional de la Mujer\"}]},{\"@type\":\"WebSite\",\"@id\":\"https:\/\/laprensacristiana.com\/#website\",\"url\":\"https:\/\/laprensacristiana.com\/\",\"name\":\"La Prensa Cristiana\",\"description\":\"Anunciando Las Buenas Nuevas\",\"potentialAction\":[{\"@type\":\"SearchAction\",\"target\":{\"@type\":\"EntryPoint\",\"urlTemplate\":\"https:\/\/laprensacristiana.com\/?s={search_term_string}\"},\"query-input\":\"required name=search_term_string\"}],\"inLanguage\":\"es\"},{\"@type\":\"Person\",\"@id\":\"https:\/\/laprensacristiana.com\/#\/schema\/person\/3e7d82c6bfd6b1fa67010f8f7cd5256e\",\"name\":\"EDITOR\",\"image\":{\"@type\":\"ImageObject\",\"inLanguage\":\"es\",\"@id\":\"https:\/\/laprensacristiana.com\/#\/schema\/person\/image\/\",\"url\":\"https:\/\/secure.gravatar.com\/avatar\/72069dfb6c13772d9e8381e3638666d2?s=96&d=mm&r=g\",\"contentUrl\":\"https:\/\/secure.gravatar.com\/avatar\/72069dfb6c13772d9e8381e3638666d2?s=96&d=mm&r=g\",\"caption\":\"EDITOR\"},\"url\":\"https:\/\/laprensacristiana.com\/?author=3\"}]}<\/script>\n<!-- \/ Yoast SEO plugin. -->","yoast_head_json":{"title":"D\u00eda Internacional de la Mujer - La Prensa Cristiana","robots":{"index":"index","follow":"follow","max-snippet":"max-snippet:-1","max-image-preview":"max-image-preview:large","max-video-preview":"max-video-preview:-1"},"canonical":"https:\/\/laprensacristiana.com\/?p=8407","og_locale":"es_ES","og_type":"article","og_title":"D\u00eda Internacional de la Mujer - La Prensa Cristiana","og_description":"POR JULY DE SOSA Este d\u00eda se conmemora el \u201cD\u00eda Internacional de la Mujer\u201d declarado as\u00ed por la ONU en el a\u00f1o de 1975. Como un reconocimiento a la valent\u00eda de muchas mujeres que usaron su voz para protestar por las miseras condiciones laborales, su derecho al voto y por el final del trabajo infantil. [&hellip;]","og_url":"https:\/\/laprensacristiana.com\/?p=8407","og_site_name":"La Prensa Cristiana","article_published_time":"2020-03-08T14:20:55+00:00","article_modified_time":"2020-07-01T19:45:54+00:00","og_image":[{"width":1240,"height":692,"url":"https:\/\/laprensacristiana.com\/wp-content\/uploads\/2019\/07\/JULY-LPG-2017.jpg","type":"image\/jpeg"}],"author":"EDITOR","twitter_card":"summary_large_image","twitter_misc":{"Escrito por":"EDITOR","Tiempo de lectura":"3 minutos"},"schema":{"@context":"https:\/\/schema.org","@graph":[{"@type":"WebPage","@id":"https:\/\/laprensacristiana.com\/?p=8407","url":"https:\/\/laprensacristiana.com\/?p=8407","name":"D\u00eda Internacional de la Mujer - La Prensa Cristiana","isPartOf":{"@id":"https:\/\/laprensacristiana.com\/#website"},"datePublished":"2020-03-08T14:20:55+00:00","dateModified":"2020-07-01T19:45:54+00:00","author":{"@id":"https:\/\/laprensacristiana.com\/#\/schema\/person\/3e7d82c6bfd6b1fa67010f8f7cd5256e"},"breadcrumb":{"@id":"https:\/\/laprensacristiana.com\/?p=8407#breadcrumb"},"inLanguage":"es","potentialAction":[{"@type":"ReadAction","target":["https:\/\/laprensacristiana.com\/?p=8407"]}]},{"@type":"BreadcrumbList","@id":"https:\/\/laprensacristiana.com\/?p=8407#breadcrumb","itemListElement":[{"@type":"ListItem","position":1,"name":"Portada","item":"https:\/\/laprensacristiana.com\/"},{"@type":"ListItem","position":2,"name":"D\u00eda Internacional de la Mujer"}]},{"@type":"WebSite","@id":"https:\/\/laprensacristiana.com\/#website","url":"https:\/\/laprensacristiana.com\/","name":"La Prensa Cristiana","description":"Anunciando Las Buenas Nuevas","potentialAction":[{"@type":"SearchAction","target":{"@type":"EntryPoint","urlTemplate":"https:\/\/laprensacristiana.com\/?s={search_term_string}"},"query-input":"required name=search_term_string"}],"inLanguage":"es"},{"@type":"Person","@id":"https:\/\/laprensacristiana.com\/#\/schema\/person\/3e7d82c6bfd6b1fa67010f8f7cd5256e","name":"EDITOR","image":{"@type":"ImageObject","inLanguage":"es","@id":"https:\/\/laprensacristiana.com\/#\/schema\/person\/image\/","url":"https:\/\/secure.gravatar.com\/avatar\/72069dfb6c13772d9e8381e3638666d2?s=96&d=mm&r=g","contentUrl":"https:\/\/secure.gravatar.com\/avatar\/72069dfb6c13772d9e8381e3638666d2?s=96&d=mm&r=g","caption":"EDITOR"},"url":"https:\/\/laprensacristiana.com\/?author=3"}]}},"_links":{"self":[{"href":"https:\/\/laprensacristiana.com\/index.php?rest_route=\/wp\/v2\/posts\/8407"}],"collection":[{"href":"https:\/\/laprensacristiana.com\/index.php?rest_route=\/wp\/v2\/posts"}],"about":[{"href":"https:\/\/laprensacristiana.com\/index.php?rest_route=\/wp\/v2\/types\/post"}],"author":[{"embeddable":true,"href":"https:\/\/laprensacristiana.com\/index.php?rest_route=\/wp\/v2\/users\/3"}],"replies":[{"embeddable":true,"href":"https:\/\/laprensacristiana.com\/index.php?rest_route=%2Fwp%2Fv2%2Fcomments&post=8407"}],"version-history":[{"count":1,"href":"https:\/\/laprensacristiana.com\/index.php?rest_route=\/wp\/v2\/posts\/8407\/revisions"}],"predecessor-version":[{"id":8408,"href":"https:\/\/laprensacristiana.com\/index.php?rest_route=\/wp\/v2\/posts\/8407\/revisions\/8408"}],"wp:featuredmedia":[{"embeddable":true,"href":"https:\/\/laprensacristiana.com\/index.php?rest_route=\/wp\/v2\/media\/6147"}],"wp:attachment":[{"href":"https:\/\/laprensacristiana.com\/index.php?rest_route=%2Fwp%2Fv2%2Fmedia&parent=8407"}],"wp:term":[{"taxonomy":"category","embeddable":true,"href":"https:\/\/laprensacristiana.com\/index.php?rest_route=%2Fwp%2Fv2%2Fcategories&post=8407"},{"taxonomy":"post_tag","embeddable":true,"href":"https:\/\/laprensacristiana.com\/index.php?rest_route=%2Fwp%2Fv2%2Ftags&post=8407"}],"curies":[{"name":"wp","href":"https:\/\/api.w.org\/{rel}","templated":true}]}}