{"id":8409,"date":"2020-03-08T15:03:13","date_gmt":"2020-03-08T15:03:13","guid":{"rendered":"https:\/\/laprensacristiana.com\/?p=8409"},"modified":"2020-03-08T15:03:15","modified_gmt":"2020-03-08T15:03:15","slug":"ministerio-cristiano-policial-realiza-acto-en-marco-del-dia-internacional-de-la-mujer","status":"publish","type":"post","link":"https:\/\/laprensacristiana.com\/?p=8409","title":{"rendered":"Ministerio Cristiano Policial realiza acto en marco del D\u00eda Internacional de la Mujer"},"content":{"rendered":"\n<p>Esta semana se llev\u00f3 a cabo un evento en el Castillo de la Polic\u00eda Nacional Civil por parte del Ministerio Cristiano Policial en marco de la D\u00eda Internacional de la Mujer que se conmemora cada 8 de marzo.<\/p>\n\n\n\n<p>En esta ocasi\u00f3n la invitada especial fue la pastora Rosario Navas quien comparti\u00f3 el tema: \u00abLa influencia del liderazgo de la mujer en la sociedad\u00bb, la reci\u00e9n nombrada subdirectora de la instituci\u00f3n policial PNC, comisionada Zoila Corina Palma estuvo presente en el acto, es la primera vez que una mujer es llamada a asumir este cargo dentro del cuerpo policial de El Salvador.<\/p>\n\n\n\n<p>\u00abGracias a Dios por estos espacios que nos ayudan a conocer el trabajo que realizan en diversas \u00e1reas. Reconocemos que como Iglesia debemos unirnos a los esfuerzos para erradicar toda Violencia contra la mujer\u00bb concluy\u00f3 la pastora Rosario Navas. <\/p>\n","protected":false},"excerpt":{"rendered":"<p>Esta semana se llev\u00f3 a cabo un evento en el Castillo de la Polic\u00eda Nacional Civil por parte del Ministerio Cristiano Policial en marco de la D\u00eda Internacional de la Mujer que se conmemora cada 8 de marzo. En esta ocasi\u00f3n la invitada especial fue la pastora Rosario Navas quien comparti\u00f3 el tema: \u00abLa influencia [&hellip;]<\/p>\n","protected":false},"author":3,"featured_media":8410,"comment_status":"open","ping_status":"open","sticky":false,"template":"","format":"standard","meta":[],"categories":[56],"tags":[],"yoast_head":"<!-- This site is optimized with the Yoast SEO plugin v20.8 - https:\/\/yoast.com\/wordpress\/plugins\/seo\/ -->\n<title>Ministerio Cristiano Policial realiza acto en marco del D\u00eda Internacional de la Mujer - La Prensa Cristiana<\/title>\n<meta name=\"robots\" content=\"index, follow, max-snippet:-1, max-image-preview:large, max-video-preview:-1\" \/>\n<link rel=\"canonical\" href=\"https:\/\/laprensacristiana.com\/?p=8409\" \/>\n<meta property=\"og:locale\" content=\"es_ES\" \/>\n<meta property=\"og:type\" content=\"article\" \/>\n<meta property=\"og:title\" content=\"Ministerio Cristiano Policial realiza acto en marco del D\u00eda Internacional de la Mujer - La Prensa Cristiana\" \/>\n<meta property=\"og:description\" content=\"Esta semana se llev\u00f3 a cabo un evento en el Castillo de la Polic\u00eda Nacional Civil por parte del Ministerio Cristiano Policial en marco de la D\u00eda Internacional de la Mujer que se conmemora cada 8 de marzo. En esta ocasi\u00f3n la invitada especial fue la pastora Rosario Navas quien comparti\u00f3 el tema: \u00abLa influencia [&hellip;]\" \/>\n<meta property=\"og:url\" content=\"https:\/\/laprensacristiana.com\/?p=8409\" \/>\n<meta property=\"og:site_name\" content=\"La Prensa Cristiana\" \/>\n<meta property=\"article:published_time\" content=\"2020-03-08T15:03:13+00:00\" \/>\n<meta property=\"article:modified_time\" content=\"2020-03-08T15:03:15+00:00\" \/>\n<meta property=\"og:image\" content=\"https:\/\/laprensacristiana.com\/wp-content\/uploads\/2020\/03\/FB_IMG_1583679516175.jpg\" \/>\n\t<meta property=\"og:image:width\" content=\"720\" \/>\n\t<meta property=\"og:image:height\" content=\"960\" \/>\n\t<meta property=\"og:image:type\" content=\"image\/jpeg\" \/>\n<meta name=\"author\" content=\"EDITOR\" \/>\n<meta name=\"twitter:card\" content=\"summary_large_image\" \/>\n<meta name=\"twitter:label1\" content=\"Escrito por\" \/>\n\t<meta name=\"twitter:data1\" content=\"EDITOR\" \/>\n\t<meta name=\"twitter:label2\" content=\"Tiempo de lectura\" \/>\n\t<meta name=\"twitter:data2\" content=\"1 minuto\" \/>\n<script type=\"application\/ld+json\" class=\"yoast-schema-graph\">{\"@context\":\"https:\/\/schema.org\",\"@graph\":[{\"@type\":\"WebPage\",\"@id\":\"https:\/\/laprensacristiana.com\/?p=8409\",\"url\":\"https:\/\/laprensacristiana.com\/?p=8409\",\"name\":\"Ministerio Cristiano Policial realiza acto en marco del D\u00eda Internacional de la Mujer - La Prensa Cristiana\",\"isPartOf\":{\"@id\":\"https:\/\/laprensacristiana.com\/#website\"},\"datePublished\":\"2020-03-08T15:03:13+00:00\",\"dateModified\":\"2020-03-08T15:03:15+00:00\",\"author\":{\"@id\":\"https:\/\/laprensacristiana.com\/#\/schema\/person\/3e7d82c6bfd6b1fa67010f8f7cd5256e\"},\"breadcrumb\":{\"@id\":\"https:\/\/laprensacristiana.com\/?p=8409#breadcrumb\"},\"inLanguage\":\"es\",\"potentialAction\":[{\"@type\":\"ReadAction\",\"target\":[\"https:\/\/laprensacristiana.com\/?p=8409\"]}]},{\"@type\":\"BreadcrumbList\",\"@id\":\"https:\/\/laprensacristiana.com\/?p=8409#breadcrumb\",\"itemListElement\":[{\"@type\":\"ListItem\",\"position\":1,\"name\":\"Portada\",\"item\":\"https:\/\/laprensacristiana.com\/\"},{\"@type\":\"ListItem\",\"position\":2,\"name\":\"Ministerio Cristiano Policial realiza acto en marco del D\u00eda Internacional de la Mujer\"}]},{\"@type\":\"WebSite\",\"@id\":\"https:\/\/laprensacristiana.com\/#website\",\"url\":\"https:\/\/laprensacristiana.com\/\",\"name\":\"La Prensa Cristiana\",\"description\":\"Anunciando Las Buenas Nuevas\",\"potentialAction\":[{\"@type\":\"SearchAction\",\"target\":{\"@type\":\"EntryPoint\",\"urlTemplate\":\"https:\/\/laprensacristiana.com\/?s={search_term_string}\"},\"query-input\":\"required name=search_term_string\"}],\"inLanguage\":\"es\"},{\"@type\":\"Person\",\"@id\":\"https:\/\/laprensacristiana.com\/#\/schema\/person\/3e7d82c6bfd6b1fa67010f8f7cd5256e\",\"name\":\"EDITOR\",\"image\":{\"@type\":\"ImageObject\",\"inLanguage\":\"es\",\"@id\":\"https:\/\/laprensacristiana.com\/#\/schema\/person\/image\/\",\"url\":\"https:\/\/secure.gravatar.com\/avatar\/72069dfb6c13772d9e8381e3638666d2?s=96&d=mm&r=g\",\"contentUrl\":\"https:\/\/secure.gravatar.com\/avatar\/72069dfb6c13772d9e8381e3638666d2?s=96&d=mm&r=g\",\"caption\":\"EDITOR\"},\"url\":\"https:\/\/laprensacristiana.com\/?author=3\"}]}<\/script>\n<!-- \/ Yoast SEO plugin. -->","yoast_head_json":{"title":"Ministerio Cristiano Policial realiza acto en marco del D\u00eda Internacional de la Mujer - La Prensa Cristiana","robots":{"index":"index","follow":"follow","max-snippet":"max-snippet:-1","max-image-preview":"max-image-preview:large","max-video-preview":"max-video-preview:-1"},"canonical":"https:\/\/laprensacristiana.com\/?p=8409","og_locale":"es_ES","og_type":"article","og_title":"Ministerio Cristiano Policial realiza acto en marco del D\u00eda Internacional de la Mujer - La Prensa Cristiana","og_description":"Esta semana se llev\u00f3 a cabo un evento en el Castillo de la Polic\u00eda Nacional Civil por parte del Ministerio Cristiano Policial en marco de la D\u00eda Internacional de la Mujer que se conmemora cada 8 de marzo. En esta ocasi\u00f3n la invitada especial fue la pastora Rosario Navas quien comparti\u00f3 el tema: \u00abLa influencia [&hellip;]","og_url":"https:\/\/laprensacristiana.com\/?p=8409","og_site_name":"La Prensa Cristiana","article_published_time":"2020-03-08T15:03:13+00:00","article_modified_time":"2020-03-08T15:03:15+00:00","og_image":[{"width":720,"height":960,"url":"https:\/\/laprensacristiana.com\/wp-content\/uploads\/2020\/03\/FB_IMG_1583679516175.jpg","type":"image\/jpeg"}],"author":"EDITOR","twitter_card":"summary_large_image","twitter_misc":{"Escrito por":"EDITOR","Tiempo de lectura":"1 minuto"},"schema":{"@context":"https:\/\/schema.org","@graph":[{"@type":"WebPage","@id":"https:\/\/laprensacristiana.com\/?p=8409","url":"https:\/\/laprensacristiana.com\/?p=8409","name":"Ministerio Cristiano Policial realiza acto en marco del D\u00eda Internacional de la Mujer - La Prensa Cristiana","isPartOf":{"@id":"https:\/\/laprensacristiana.com\/#website"},"datePublished":"2020-03-08T15:03:13+00:00","dateModified":"2020-03-08T15:03:15+00:00","author":{"@id":"https:\/\/laprensacristiana.com\/#\/schema\/person\/3e7d82c6bfd6b1fa67010f8f7cd5256e"},"breadcrumb":{"@id":"https:\/\/laprensacristiana.com\/?p=8409#breadcrumb"},"inLanguage":"es","potentialAction":[{"@type":"ReadAction","target":["https:\/\/laprensacristiana.com\/?p=8409"]}]},{"@type":"BreadcrumbList","@id":"https:\/\/laprensacristiana.com\/?p=8409#breadcrumb","itemListElement":[{"@type":"ListItem","position":1,"name":"Portada","item":"https:\/\/laprensacristiana.com\/"},{"@type":"ListItem","position":2,"name":"Ministerio Cristiano Policial realiza acto en marco del D\u00eda Internacional de la Mujer"}]},{"@type":"WebSite","@id":"https:\/\/laprensacristiana.com\/#website","url":"https:\/\/laprensacristiana.com\/","name":"La Prensa Cristiana","description":"Anunciando Las Buenas Nuevas","potentialAction":[{"@type":"SearchAction","target":{"@type":"EntryPoint","urlTemplate":"https:\/\/laprensacristiana.com\/?s={search_term_string}"},"query-input":"required name=search_term_string"}],"inLanguage":"es"},{"@type":"Person","@id":"https:\/\/laprensacristiana.com\/#\/schema\/person\/3e7d82c6bfd6b1fa67010f8f7cd5256e","name":"EDITOR","image":{"@type":"ImageObject","inLanguage":"es","@id":"https:\/\/laprensacristiana.com\/#\/schema\/person\/image\/","url":"https:\/\/secure.gravatar.com\/avatar\/72069dfb6c13772d9e8381e3638666d2?s=96&d=mm&r=g","contentUrl":"https:\/\/secure.gravatar.com\/avatar\/72069dfb6c13772d9e8381e3638666d2?s=96&d=mm&r=g","caption":"EDITOR"},"url":"https:\/\/laprensacristiana.com\/?author=3"}]}},"_links":{"self":[{"href":"https:\/\/laprensacristiana.com\/index.php?rest_route=\/wp\/v2\/posts\/8409"}],"collection":[{"href":"https:\/\/laprensacristiana.com\/index.php?rest_route=\/wp\/v2\/posts"}],"about":[{"href":"https:\/\/laprensacristiana.com\/index.php?rest_route=\/wp\/v2\/types\/post"}],"author":[{"embeddable":true,"href":"https:\/\/laprensacristiana.com\/index.php?rest_route=\/wp\/v2\/users\/3"}],"replies":[{"embeddable":true,"href":"https:\/\/laprensacristiana.com\/index.php?rest_route=%2Fwp%2Fv2%2Fcomments&post=8409"}],"version-history":[{"count":1,"href":"https:\/\/laprensacristiana.com\/index.php?rest_route=\/wp\/v2\/posts\/8409\/revisions"}],"predecessor-version":[{"id":8411,"href":"https:\/\/laprensacristiana.com\/index.php?rest_route=\/wp\/v2\/posts\/8409\/revisions\/8411"}],"wp:featuredmedia":[{"embeddable":true,"href":"https:\/\/laprensacristiana.com\/index.php?rest_route=\/wp\/v2\/media\/8410"}],"wp:attachment":[{"href":"https:\/\/laprensacristiana.com\/index.php?rest_route=%2Fwp%2Fv2%2Fmedia&parent=8409"}],"wp:term":[{"taxonomy":"category","embeddable":true,"href":"https:\/\/laprensacristiana.com\/index.php?rest_route=%2Fwp%2Fv2%2Fcategories&post=8409"},{"taxonomy":"post_tag","embeddable":true,"href":"https:\/\/laprensacristiana.com\/index.php?rest_route=%2Fwp%2Fv2%2Ftags&post=8409"}],"curies":[{"name":"wp","href":"https:\/\/api.w.org\/{rel}","templated":true}]}}