{"id":8414,"date":"2020-03-09T13:48:53","date_gmt":"2020-03-09T13:48:53","guid":{"rendered":"https:\/\/laprensacristiana.com\/?p=8414"},"modified":"2020-03-09T13:48:56","modified_gmt":"2020-03-09T13:48:56","slug":"me-quitan-mis-hijos","status":"publish","type":"post","link":"https:\/\/laprensacristiana.com\/?p=8414","title":{"rendered":"\u00a1Me quitan mis hijos\u2026!"},"content":{"rendered":"\n<p>2 Reyes, 4:1 \u201c\u2026y ha venido el acreedor a tomar a mis dos hijos para esclavos suyos. Y Eliseo le dijo: \u00bfQu\u00e9 puedo hacer por ti? Dime qu\u00e9 tienes en casa\u201d<\/p>\n\n\n\n<p>Hay que ser padres muy desalmados para que no les importe cuando un hijo o hija se va de la casa llevado por sus impulsos de libertad mal concebida o por la mala influencia de sus amigos. Y de eso tenemos bastante en nuestra sociedad salvadore\u00f1a. Cientos o miles de j\u00f3venes dejan su casa por ir a la calle a buscar lo que debieran encontrar dentro de sus hogares, al lado de sus padres y madres que los trajeron al mundo. <\/p>\n\n\n\n<p>La figura del padre en la par\u00e0bola del hijo que se va de casa es impresionante: El hombre queda con m\u00e0s preguntas que respuestas, hasta que pasado el tiempo se da cuenta de lo que su hijo querido ha ido a buscar a la pocilga: Abrazos. Palabras de afirmaci\u00f3n. Alguien que lo hiciera sentir importante. Alguien que le celebrara sus buenas obras.<\/p>\n\n\n\n<p>Es por eso que el padre, cuando lo ve aparecer en lontananza, corre a recibirlo y sin se\u00f1alarle nada de su aventura lo abraza, lo besa y le ofrece hacer su primera fiesta de celebraci\u00f3n. <\/p>\n\n\n\n<p>\u00bfQue buscaba ese joven en la calle? Lo mismo que buscan nuestros j\u00f3venes hoy en d\u00eca: un Padre que les ame. Un padre que les de no solamente un celular con acceso a internet, sino principalmente que lo haga sentir amado, respetado y tomado en cuenta. \u00a1Que por lo menos le pongan un pastel de cumplea\u00f1os, pues! Y, por sobre todo, que tenga los pantalones bien puestos para corregirlo. Para ense\u00f1arle el camino correcto y que no le tenga miedo. <\/p>\n\n\n\n<p>En la historia del profeta Eliseo esta escondida toda una serie de eventos para que esta madre est\u00e9 angustiada por el inminente secuestro de sus hijos. El padre, que parece que era creyente, muri\u00f3. Y en vez de dejar una buena herencia a sus hijos lo que dej\u00f3 fueron deudas. Siempre me ha asombrado como esta mujer dice que su difunto esposo era (y cito) \u201cTu siervo, mi marido, ha muerto, y t\u00fa sabes que tu siervo tem\u00eda al SE\u00d1OR\u201d Pregunta, respetables lectores: Si era temeroso del Se\u00f1or, \u00bfpor qu\u00e9 muri\u00f3 dejando deudas? \u00bfComo fue que un hombre \u201ctemeroso\u201d de Dios en vez de esperar en las promesas de provisi\u00f3n del Se\u00f1or contrajo deudas y dej\u00f3 en problemas a sus herederos? O quiz\u00e1 deba preguntar: \u00bfQue clase de deudas dej\u00f3 a sus hijos? \u00bfMorales? \u00bf\u00c9ticas? \u00bfMatrimoniales? La Escritura no nos define eso, pero si aplicamos el principio PaRDeS, lo que sigue quiz\u00e1 nos pueda servir.<\/p>\n\n\n\n<p>El profeta le pregunta a la mujer: \u00bfQu\u00e9 tienes en casa?  \u00bfQu\u00e9 tienen tus hijos en casa para que los acreedores, los pandilleros, los malandrines te los quieran quitar? Vengamos a la interpretaci\u00f3n simple: Ah, se\u00f1or Profeta: en mi casa tengo nintendos, televisores plasma, tabletas para que mis hijos se entretengan, tengo una que otra computadora con internet para que naveguen lo que quieran, tengo\u2026 mmmm revistas pornograficas. En la habitaci\u00f2n de mi ni\u00f1a hay algunas minifaldas, mucho maquillaje franc\u00e9s, zapatos a la moda y m\u00f9sica heavy metal. En las paredes hay p\u00f3sters de m\u00fasicos endiablados y en sus tel\u00e9fonos chatean con quien quieren. Porque, sabe usted, Se\u00f1or profeta, que yo no me puedo meter en sus cosas porque me gritan y me prohiben que les registre sus habitaciones. <\/p>\n\n\n\n<p>Est\u00e1 bien, te\u00f3logos. S\u00e8 que estoy haciendo una interpretaci\u00f3n muy personal de estas l\u00edneas de la madre y el profeta. Quiz\u00e1 me estoy saliendo del protocolo de interpretaci\u00f3n, pero no puedo dejar de analizar desde mi punto de vista familiar que algo fall\u00f3 en esa casa para que ahora los hijos de esta mujer est\u00e1n siendo amenazados con ser llevados cautivos y esclavizarlos \u00bfa la delincuencia? \u00bfA las drogas o vicios? \u00bfAl fracaso matrimonial? \u00bfAl fracaso empresarial?<\/p>\n\n\n\n<p>No podemos hacernos de la vista gorda o mirar hacia otro lado con las cosas que estamos viendo en nuestras congregaciones incluso, en donde muchos jovencitos tienen sus relaciones rom\u00e1nticas antes del tiempo, ya que no saben lidiar con sus pasiones y emociones. El grito de auxilio de esta mujer de la Escritura es el mismo grito de muchas hermanas que se congregan y cantan coros y sirven en la Iglesia pero sus hijos est\u00e1n siendo llevados, las ni\u00f1as, a la cama de alg\u00fan desalmado que las enga\u00f1a con falsas promesas y a los muchachos al homosexualismo en donde les ofrecen placeres carnales que los denigran. Todo porque en el hogar est\u00e1 haciendo falta un padre que sepa ser padre. Un padre que no le deje deudas de ninguna clase a sus hijos. Un padre que arregle bien su casa antes de querer arreglar asuntos espirituales fuera de ella. Un padre que sepa guiar a sus hijos por el camino de la \u00e9tica, el respeto hacia los dem\u00e1s y el respeto a s\u00ed mismos. Especialmente, el respeto hacia Dios.<\/p>\n\n\n\n<p>Soli Deo Gloria<\/p>\n","protected":false},"excerpt":{"rendered":"<p>2 Reyes, 4:1 \u201c\u2026y ha venido el acreedor a tomar a mis dos hijos para esclavos suyos. Y Eliseo le dijo: \u00bfQu\u00e9 puedo hacer por ti? Dime qu\u00e9 tienes en casa\u201d Hay que ser padres muy desalmados para que no les importe cuando un hijo o hija se va de la casa llevado por sus [&hellip;]<\/p>\n","protected":false},"author":3,"featured_media":7949,"comment_status":"open","ping_status":"open","sticky":false,"template":"","format":"standard","meta":[],"categories":[36],"tags":[],"yoast_head":"<!-- This site is optimized with the Yoast SEO plugin v20.8 - https:\/\/yoast.com\/wordpress\/plugins\/seo\/ -->\n<title>\u00a1Me quitan mis hijos\u2026! - La Prensa Cristiana<\/title>\n<meta name=\"robots\" content=\"index, follow, max-snippet:-1, max-image-preview:large, max-video-preview:-1\" \/>\n<link rel=\"canonical\" href=\"https:\/\/laprensacristiana.com\/?p=8414\" \/>\n<meta property=\"og:locale\" content=\"es_ES\" \/>\n<meta property=\"og:type\" content=\"article\" \/>\n<meta property=\"og:title\" content=\"\u00a1Me quitan mis hijos\u2026! - La Prensa Cristiana\" \/>\n<meta property=\"og:description\" content=\"2 Reyes, 4:1 \u201c\u2026y ha venido el acreedor a tomar a mis dos hijos para esclavos suyos. Y Eliseo le dijo: \u00bfQu\u00e9 puedo hacer por ti? Dime qu\u00e9 tienes en casa\u201d Hay que ser padres muy desalmados para que no les importe cuando un hijo o hija se va de la casa llevado por sus [&hellip;]\" \/>\n<meta property=\"og:url\" content=\"https:\/\/laprensacristiana.com\/?p=8414\" \/>\n<meta property=\"og:site_name\" content=\"La Prensa Cristiana\" \/>\n<meta property=\"article:published_time\" content=\"2020-03-09T13:48:53+00:00\" \/>\n<meta property=\"article:modified_time\" content=\"2020-03-09T13:48:56+00:00\" \/>\n<meta property=\"og:image\" content=\"https:\/\/laprensacristiana.com\/wp-content\/uploads\/2020\/01\/2017-11-23-PHOTO-00003245-1.jpg\" \/>\n\t<meta property=\"og:image:width\" content=\"1280\" \/>\n\t<meta property=\"og:image:height\" content=\"714\" \/>\n\t<meta property=\"og:image:type\" content=\"image\/jpeg\" \/>\n<meta name=\"author\" content=\"EDITOR\" \/>\n<meta name=\"twitter:card\" content=\"summary_large_image\" \/>\n<meta name=\"twitter:label1\" content=\"Escrito por\" \/>\n\t<meta name=\"twitter:data1\" content=\"EDITOR\" \/>\n\t<meta name=\"twitter:label2\" content=\"Tiempo de lectura\" \/>\n\t<meta name=\"twitter:data2\" content=\"4 minutos\" \/>\n<script type=\"application\/ld+json\" class=\"yoast-schema-graph\">{\"@context\":\"https:\/\/schema.org\",\"@graph\":[{\"@type\":\"WebPage\",\"@id\":\"https:\/\/laprensacristiana.com\/?p=8414\",\"url\":\"https:\/\/laprensacristiana.com\/?p=8414\",\"name\":\"\u00a1Me quitan mis hijos\u2026! - La Prensa Cristiana\",\"isPartOf\":{\"@id\":\"https:\/\/laprensacristiana.com\/#website\"},\"datePublished\":\"2020-03-09T13:48:53+00:00\",\"dateModified\":\"2020-03-09T13:48:56+00:00\",\"author\":{\"@id\":\"https:\/\/laprensacristiana.com\/#\/schema\/person\/3e7d82c6bfd6b1fa67010f8f7cd5256e\"},\"breadcrumb\":{\"@id\":\"https:\/\/laprensacristiana.com\/?p=8414#breadcrumb\"},\"inLanguage\":\"es\",\"potentialAction\":[{\"@type\":\"ReadAction\",\"target\":[\"https:\/\/laprensacristiana.com\/?p=8414\"]}]},{\"@type\":\"BreadcrumbList\",\"@id\":\"https:\/\/laprensacristiana.com\/?p=8414#breadcrumb\",\"itemListElement\":[{\"@type\":\"ListItem\",\"position\":1,\"name\":\"Portada\",\"item\":\"https:\/\/laprensacristiana.com\/\"},{\"@type\":\"ListItem\",\"position\":2,\"name\":\"\u00a1Me quitan mis hijos\u2026!\"}]},{\"@type\":\"WebSite\",\"@id\":\"https:\/\/laprensacristiana.com\/#website\",\"url\":\"https:\/\/laprensacristiana.com\/\",\"name\":\"La Prensa Cristiana\",\"description\":\"Anunciando Las Buenas Nuevas\",\"potentialAction\":[{\"@type\":\"SearchAction\",\"target\":{\"@type\":\"EntryPoint\",\"urlTemplate\":\"https:\/\/laprensacristiana.com\/?s={search_term_string}\"},\"query-input\":\"required name=search_term_string\"}],\"inLanguage\":\"es\"},{\"@type\":\"Person\",\"@id\":\"https:\/\/laprensacristiana.com\/#\/schema\/person\/3e7d82c6bfd6b1fa67010f8f7cd5256e\",\"name\":\"EDITOR\",\"image\":{\"@type\":\"ImageObject\",\"inLanguage\":\"es\",\"@id\":\"https:\/\/laprensacristiana.com\/#\/schema\/person\/image\/\",\"url\":\"https:\/\/secure.gravatar.com\/avatar\/72069dfb6c13772d9e8381e3638666d2?s=96&d=mm&r=g\",\"contentUrl\":\"https:\/\/secure.gravatar.com\/avatar\/72069dfb6c13772d9e8381e3638666d2?s=96&d=mm&r=g\",\"caption\":\"EDITOR\"},\"url\":\"https:\/\/laprensacristiana.com\/?author=3\"}]}<\/script>\n<!-- \/ Yoast SEO plugin. -->","yoast_head_json":{"title":"\u00a1Me quitan mis hijos\u2026! - La Prensa Cristiana","robots":{"index":"index","follow":"follow","max-snippet":"max-snippet:-1","max-image-preview":"max-image-preview:large","max-video-preview":"max-video-preview:-1"},"canonical":"https:\/\/laprensacristiana.com\/?p=8414","og_locale":"es_ES","og_type":"article","og_title":"\u00a1Me quitan mis hijos\u2026! - La Prensa Cristiana","og_description":"2 Reyes, 4:1 \u201c\u2026y ha venido el acreedor a tomar a mis dos hijos para esclavos suyos. Y Eliseo le dijo: \u00bfQu\u00e9 puedo hacer por ti? Dime qu\u00e9 tienes en casa\u201d Hay que ser padres muy desalmados para que no les importe cuando un hijo o hija se va de la casa llevado por sus [&hellip;]","og_url":"https:\/\/laprensacristiana.com\/?p=8414","og_site_name":"La Prensa Cristiana","article_published_time":"2020-03-09T13:48:53+00:00","article_modified_time":"2020-03-09T13:48:56+00:00","og_image":[{"width":1280,"height":714,"url":"https:\/\/laprensacristiana.com\/wp-content\/uploads\/2020\/01\/2017-11-23-PHOTO-00003245-1.jpg","type":"image\/jpeg"}],"author":"EDITOR","twitter_card":"summary_large_image","twitter_misc":{"Escrito por":"EDITOR","Tiempo de lectura":"4 minutos"},"schema":{"@context":"https:\/\/schema.org","@graph":[{"@type":"WebPage","@id":"https:\/\/laprensacristiana.com\/?p=8414","url":"https:\/\/laprensacristiana.com\/?p=8414","name":"\u00a1Me quitan mis hijos\u2026! - La Prensa Cristiana","isPartOf":{"@id":"https:\/\/laprensacristiana.com\/#website"},"datePublished":"2020-03-09T13:48:53+00:00","dateModified":"2020-03-09T13:48:56+00:00","author":{"@id":"https:\/\/laprensacristiana.com\/#\/schema\/person\/3e7d82c6bfd6b1fa67010f8f7cd5256e"},"breadcrumb":{"@id":"https:\/\/laprensacristiana.com\/?p=8414#breadcrumb"},"inLanguage":"es","potentialAction":[{"@type":"ReadAction","target":["https:\/\/laprensacristiana.com\/?p=8414"]}]},{"@type":"BreadcrumbList","@id":"https:\/\/laprensacristiana.com\/?p=8414#breadcrumb","itemListElement":[{"@type":"ListItem","position":1,"name":"Portada","item":"https:\/\/laprensacristiana.com\/"},{"@type":"ListItem","position":2,"name":"\u00a1Me quitan mis hijos\u2026!"}]},{"@type":"WebSite","@id":"https:\/\/laprensacristiana.com\/#website","url":"https:\/\/laprensacristiana.com\/","name":"La Prensa Cristiana","description":"Anunciando Las Buenas Nuevas","potentialAction":[{"@type":"SearchAction","target":{"@type":"EntryPoint","urlTemplate":"https:\/\/laprensacristiana.com\/?s={search_term_string}"},"query-input":"required name=search_term_string"}],"inLanguage":"es"},{"@type":"Person","@id":"https:\/\/laprensacristiana.com\/#\/schema\/person\/3e7d82c6bfd6b1fa67010f8f7cd5256e","name":"EDITOR","image":{"@type":"ImageObject","inLanguage":"es","@id":"https:\/\/laprensacristiana.com\/#\/schema\/person\/image\/","url":"https:\/\/secure.gravatar.com\/avatar\/72069dfb6c13772d9e8381e3638666d2?s=96&d=mm&r=g","contentUrl":"https:\/\/secure.gravatar.com\/avatar\/72069dfb6c13772d9e8381e3638666d2?s=96&d=mm&r=g","caption":"EDITOR"},"url":"https:\/\/laprensacristiana.com\/?author=3"}]}},"_links":{"self":[{"href":"https:\/\/laprensacristiana.com\/index.php?rest_route=\/wp\/v2\/posts\/8414"}],"collection":[{"href":"https:\/\/laprensacristiana.com\/index.php?rest_route=\/wp\/v2\/posts"}],"about":[{"href":"https:\/\/laprensacristiana.com\/index.php?rest_route=\/wp\/v2\/types\/post"}],"author":[{"embeddable":true,"href":"https:\/\/laprensacristiana.com\/index.php?rest_route=\/wp\/v2\/users\/3"}],"replies":[{"embeddable":true,"href":"https:\/\/laprensacristiana.com\/index.php?rest_route=%2Fwp%2Fv2%2Fcomments&post=8414"}],"version-history":[{"count":1,"href":"https:\/\/laprensacristiana.com\/index.php?rest_route=\/wp\/v2\/posts\/8414\/revisions"}],"predecessor-version":[{"id":8415,"href":"https:\/\/laprensacristiana.com\/index.php?rest_route=\/wp\/v2\/posts\/8414\/revisions\/8415"}],"wp:featuredmedia":[{"embeddable":true,"href":"https:\/\/laprensacristiana.com\/index.php?rest_route=\/wp\/v2\/media\/7949"}],"wp:attachment":[{"href":"https:\/\/laprensacristiana.com\/index.php?rest_route=%2Fwp%2Fv2%2Fmedia&parent=8414"}],"wp:term":[{"taxonomy":"category","embeddable":true,"href":"https:\/\/laprensacristiana.com\/index.php?rest_route=%2Fwp%2Fv2%2Fcategories&post=8414"},{"taxonomy":"post_tag","embeddable":true,"href":"https:\/\/laprensacristiana.com\/index.php?rest_route=%2Fwp%2Fv2%2Ftags&post=8414"}],"curies":[{"name":"wp","href":"https:\/\/api.w.org\/{rel}","templated":true}]}}